{"id":164,"date":"2015-08-06T01:00:00","date_gmt":"2015-08-06T01:00:00","guid":{"rendered":"http:\/\/fmriachuelo.observatorioess.org.ar\/index.php\/2015\/08\/06\/paraguay-solidaridad-con-los-campesinos-juzgados\/"},"modified":"2025-05-06T12:59:33","modified_gmt":"2025-05-06T15:59:33","slug":"paraguay-solidaridad-con-los-campesinos-juzgados","status":"publish","type":"post","link":"http:\/\/fmriachuelo.it10.com.ar\/index.php\/2015\/08\/06\/paraguay-solidaridad-con-los-campesinos-juzgados\/","title":{"rendered":"PARAGUAY: SOLIDARIDAD CON LOS CAMPESINOS JUZGADOS"},"content":{"rendered":"<div style=\"text-align: center\">\n<div style=\"text-align: left\"><span style=\"font-family: Verdana, sans-serif\">MASACRE DE CURUGUATY\u200b<\/span><\/div>\n<\/div>\n<div style=\"text-align: center\">\n<div style=\"text-align: left\"><span style=\"color: red;font-family: Verdana, sans-serif;font-size: large\"><strong>PARAGUAY: DONDE LA TIERRA ES ESCENARIO DE INJUSTICIA  <\/strong><\/span><\/div>\n<\/div>\n<div style=\"text-align: center\">\n<div style=\"text-align: left\"><span style=\"font-family: Verdana, sans-serif\">ORGANIZACIONES POPULARES ARGENTINAS SE SOLIDARIZAN CON CAMPESINOS PARAGUAYOS PROCESADOS INJUSTAMENTE<\/span><\/div>\n<div style=\"text-align: justify\"><span style=\"font-family: Verdana, sans-serif\">Escuch\u00e1 aqu\u00ed la entrevista de ayer en <span style=\"color: red\"><strong>ROMP\u00c9 EL CERCO INFORMATIVO<\/strong><\/span><\/span><\/div>\n<\/div>\n<div style=\"text-align: center\">\n<div style=\"text-align: left\"><a href=\"http:\/\/www.mediafire.com\/listen\/howyetwtanbqutb\/08-04-2015_-_LITO_BORELLO%2C_LOS_PIBES_-_SOLIDARIDAD_CON_LOS__CAMPESINOS_PARAGUAYOS.mp3\" style=\"font-family: verdana, sans-serif\" target=\"_blank\" rel=\"noopener\"><span style=\"color: blue;font-family: verdana,sans-serif\"><strong>LITO BORELLO Y LA SOLIDARIDAD CON LOS CAMPESINOS PARAGUAYOS<\/strong><\/span><\/a><\/div>\n<p><span style=\"font-family: verdana,sans-serif\"><span style=\"color: red\"><\/span><\/span><\/p>\n<div style=\"text-align: left\"><span style=\"font-family: verdana,sans-serif\"><span style=\"color: red\"><span style=\"font-family: verdana,sans-serif\"><span style=\"color: blue;font-family: verdana,sans-serif\"><strong><a href=\"http:\/\/www.mediafire.com\/listen\/3t6d39pnxnaegvx\/08-04-2015_-_LITO_BORELLO%2C_LOS_PIBES_-_LA_TIERRA_EN_EL_MIN__DE_ECO_POPULAR.mp3\" target=\"_blank\" rel=\"noopener\">LITO BORELLO: LA TIERRA EN EL MINISTERIO DE LA ECONOM\u00cdA POPULAR<\/a><\/strong><\/span><\/span><\/span><\/span><\/div>\n<p><span style=\"font-family: verdana,sans-serif\"><span style=\"color: red\"><\/p>\n<div style=\"text-align: justify\"><span style=\"color: black;font-family: Verdana, sans-serif\"><strong>[FMR 5\/08\/15] La tierra y el techo son los escenarios que muestran la desigualdad del sistema capitalista. Las organizaciones populares se solidarizan con la falta de justicia que recae sobre los campesinos, culpabilizados por su pobreza y utilizados para mostrar el ejercicio de poder del bloque dominante,  que busca apropiarse de la tierra a costa de las instituciones.<\/strong><\/span><\/div>\n<p><span style=\"color: black;font-family: Verdana, sans-serif\"><\/p>\n<div style=\"text-align: justify\">La masacre de Curuguaty representa el escenario y bandera de los grupos de poder que buscan mostrar una medida ejemplificadora para los luchadores sociales que se animen a reclamar por sus derechos.<\/div>\n<p><\/span><\/span><\/span><br \/><a name='more'><\/a><\/p>\n<div style=\"text-align: left\"><span style=\"font-family: Verdana, sans-serif;text-align: justify\">La situaci\u00f3n de los campesinos en Paraguay es una muestra de las injusticias que recaen en los sectores populares en toda la Patria Grande.  Techo, Trabajo y Tierra para trabajar son las necesidad que recorren la regi\u00f3n.<\/span><\/div>\n<div style=\"text-align: justify\">\n<div style=\"text-align: justify\"><span style=\"font-family: Verdana, sans-serif\">La constituci\u00f3n del Ministerio de la Econom\u00eda Popular es la respuesta que las organizaciones han sabido constituir,  en nuestro pa\u00eds,  para encontrar una salida a la falta de acceso a sus derechos m\u00e1s elementales.<\/span><\/div>\n<\/div>\n<p><span style=\"font-family: Verdana, sans-serif\"><\/span><\/p>\n<div style=\"text-align: justify\"><span style=\"font-family: Verdana, sans-serif\">En el d\u00eda de ayer el Movimiento Nacional Campesino <a href=\"http:\/\/www.fmriachuelo.com.ar\/2015\/08\/movimiento-nacional-campesino-indigena.html\"><strong>(MNCI) emiti\u00f3 un comunicado de solidaridad con los campesinos paraguayos<\/strong><\/a>. Tambi\u00e9n hizo p\u00fablica su solidaridad la Organizaci\u00f3n Social y Pol\u00edtica Los Pibes a trav\u00e9s de su Coordinador Nacional y Secretario de Vivienda y H\u00e1bitat de la CTEP Lito Borello en el aire de Fm Riachuelo entrevistado por <span style=\"color: red\"><strong>ROMP\u00c9 EL CERCO INFORMATIVO<\/strong>.&nbsp;<\/span><\/span><\/div>\n<p><span style=\"font-family: Verdana, sans-serif\"><\/p>\n<div style=\"text-align: justify\">Escuchalo aqu\u00ed:<\/div>\n<div style=\"text-align: left\"><a href=\"http:\/\/www.mediafire.com\/listen\/howyetwtanbqutb\/08-04-2015_-_LITO_BORELLO%2C_LOS_PIBES_-_SOLIDARIDAD_CON_LOS__CAMPESINOS_PARAGUAYOS.mp3\"><strong>LITO BORELLO Y LA SOLIDARIDAD CON LOS CAMPESINOS PARAGUAYOS<\/strong><\/a><strong><a href=\"http:\/\/www.mediafire.com\/listen\/3t6d39pnxnaegvx\/08-04-2015_-_LITO_BORELLO%2C_LOS_PIBES_-_LA_TIERRA_EN_EL_MIN__DE_ECO_POPULAR.mp3\">LITO BORELLO: LA TIERRA EN EL MINISTERIO DE LA ECONOM\u00cdA POPULAR<\/a><\/strong><\/div>\n<p><\/span><span style=\"color: red;font-family: verdana,sans-serif\"><span style=\"font-size: x-small\"><span style=\"font-family: verdana,sans-serif\"><\/span><\/span><\/span><span style=\"font-family: verdana,sans-serif\"><span style=\"font-size: x-small\"><\/span><\/span><span style=\"font-family: verdana,sans-serif\"><\/span><\/div>\n","protected":false},"excerpt":{"rendered":"<p>MASACRE DE CURUGUATY\u200b PARAGUAY: DONDE LA TIERRA ES ESCENARIO DE INJUSTICIA ORGANIZACIONES POPULARES ARGENTINAS SE SOLIDARIZAN CON CAMPESINOS PARAGUAYOS PROCESADOS INJUSTAMENTE Escuch\u00e1 aqu\u00ed la entrevista de ayer en ROMP\u00c9 EL CERCO INFORMATIVO LITO BORELLO Y LA SOLIDARIDAD CON LOS CAMPESINOS PARAGUAYOS LITO BORELLO: LA TIERRA EN EL MINISTERIO DE LA ECONOM\u00cdA POPULAR [FMR 5\/08\/15] La [&hellip;]<\/p>\n","protected":false},"author":4,"featured_media":0,"comment_status":"open","ping_status":"open","sticky":false,"template":"","format":"standard","meta":{"_monsterinsights_skip_tracking":false,"_monsterinsights_sitenote_active":false,"_monsterinsights_sitenote_note":"","_monsterinsights_sitenote_category":0,"jnews-multi-image_gallery":[],"jnews_single_post":{"format":"standard"},"jnews_primary_category":[],"_joinchat":[],"footnotes":""},"categories":[58],"tags":[70,71],"class_list":["post-164","post","type-post","status-publish","format-standard","hentry","category-noticiariachuelo","tag-de-la-patria-grande","tag-de-la-tierra"],"_links":{"self":[{"href":"http:\/\/fmriachuelo.it10.com.ar\/index.php\/wp-json\/wp\/v2\/posts\/164","targetHints":{"allow":["GET"]}}],"collection":[{"href":"http:\/\/fmriachuelo.it10.com.ar\/index.php\/wp-json\/wp\/v2\/posts"}],"about":[{"href":"http:\/\/fmriachuelo.it10.com.ar\/index.php\/wp-json\/wp\/v2\/types\/post"}],"author":[{"embeddable":true,"href":"http:\/\/fmriachuelo.it10.com.ar\/index.php\/wp-json\/wp\/v2\/users\/4"}],"replies":[{"embeddable":true,"href":"http:\/\/fmriachuelo.it10.com.ar\/index.php\/wp-json\/wp\/v2\/comments?post=164"}],"version-history":[{"count":1,"href":"http:\/\/fmriachuelo.it10.com.ar\/index.php\/wp-json\/wp\/v2\/posts\/164\/revisions"}],"predecessor-version":[{"id":23878,"href":"http:\/\/fmriachuelo.it10.com.ar\/index.php\/wp-json\/wp\/v2\/posts\/164\/revisions\/23878"}],"wp:attachment":[{"href":"http:\/\/fmriachuelo.it10.com.ar\/index.php\/wp-json\/wp\/v2\/media?parent=164"}],"wp:term":[{"taxonomy":"category","embeddable":true,"href":"http:\/\/fmriachuelo.it10.com.ar\/index.php\/wp-json\/wp\/v2\/categories?post=164"},{"taxonomy":"post_tag","embeddable":true,"href":"http:\/\/fmriachuelo.it10.com.ar\/index.php\/wp-json\/wp\/v2\/tags?post=164"}],"curies":[{"name":"wp","href":"https:\/\/api.w.org\/{rel}","templated":true}]}}