{"id":1639,"date":"2015-10-29T21:55:00","date_gmt":"2015-10-29T21:55:00","guid":{"rendered":"http:\/\/fmriachuelo.observatorioess.org.ar\/index.php\/2015\/10\/29\/lito-borello-coord-nac-o-s-yp-los-pibes-en-mateando-en-el-riachuelo-con-el-posicionamiento-politico-de-los-pibes-ante-el-balotaje\/"},"modified":"2015-10-29T21:55:00","modified_gmt":"2015-10-29T21:55:00","slug":"lito-borello-coord-nac-o-s-yp-los-pibes-en-mateando-en-el-riachuelo-con-el-posicionamiento-politico-de-los-pibes-ante-el-balotaje","status":"publish","type":"post","link":"http:\/\/fmriachuelo.it10.com.ar\/index.php\/2015\/10\/29\/lito-borello-coord-nac-o-s-yp-los-pibes-en-mateando-en-el-riachuelo-con-el-posicionamiento-politico-de-los-pibes-ante-el-balotaje\/","title":{"rendered":"LITO BORELLO, COORD. NAC. O.S.yP. LOS PIBES,  EN MATEANDO EN EL RIACHUELO CON EL POSICIONAMIENTO POL\u00cdTICO DE LOS PIBES ANTE EL BALOTAJE"},"content":{"rendered":"<div style=\"text-align: justify\">\n<div style=\"color: #222222;font-family: arial, sans-serif;text-align: left\"><span style=\"font-family: verdana, sans-serif\"><b>\u00a1\u00a1\u00a1MACRI NO DEBE LLEGAR A LA CASA ROSADA!!!<\/b><\/span><\/div>\n<div style=\"color: #222222;font-family: arial, sans-serif;text-align: left\"><span style=\"font-size: large\"><b style=\"color: red;font-family: verdana, sans-serif\">S\u00d3LO EL PUEBLO SALVAR\u00c1 EL PUEBLO<\/b><\/span><\/div>\n<div style=\"color: #222222;font-family: arial, sans-serif;text-align: left\"><span style=\"color: black;font-family: verdana, sans-serif\"><b>EL PROYECTO NACIONAL EN MANOS DE LAS ORGANIZACIONES POPULARES<\/b><\/span><\/div>\n<div style=\"clear: both;color: #222222;font-family: arial, sans-serif;text-align: center\"><a href=\"http:\/\/4.bp.blogspot.com\/-q0UC1WvmLBA\/VjKVmiWl2CI\/AAAAAAAAHEY\/R_8P0NCYl5E\/s1600\/20151029_115647.jpg\" style=\"clear: left;float: left;margin-bottom: 1em;margin-right: 1em\"><img loading=\"lazy\" decoding=\"async\" border=\"0\" height=\"179\" src=\"http:\/\/4.bp.blogspot.com\/-q0UC1WvmLBA\/VjKVmiWl2CI\/AAAAAAAAHEY\/R_8P0NCYl5E\/s320\/20151029_115647.jpg\" width=\"320\" \/><\/a><\/div>\n<div style=\"color: #222222;text-align: left\">\n<div style=\"text-align: justify\"><span style=\"color: black\"><span style=\"font-family: Verdana, sans-serif\">ESCUCH\u00c1 A CONTINUACI\u00d3N LA ENTREVISTA A LITO BORELLO, O.S. y P. LOS PIBES:<\/span><\/span><\/div>\n<\/div>\n<div style=\"text-align: left\"><\/p>\n<div style=\"text-align: justify\"><b style=\"color: #0b5394;font-family: Verdana, sans-serif\">&#8211;&nbsp;<a href=\"http:\/\/www.mediafire.com\/listen\/cs5dq04ziumfo04\/10-29-2015_-_LITO_BORELLO_-_HACE_FALTA_PUEBLO_EN_LA_CALLE%2C_POR_ESO_NOS_AUTOCONVOCAMOS.mp3\">LITO BORELLO &#8211; HACE FALTA PUEBLO EN LA CALLE, POR ESO NOS AUTOCONVOCAMOS<\/a><\/b><\/div>\n<p><span style=\"color: #0b5394\"><\/p>\n<div style=\"text-align: justify\"><b style=\"font-family: Verdana, sans-serif\">&#8211;&nbsp;<a href=\"http:\/\/www.mediafire.com\/listen\/oxnrq167uqih101\/10-29-2015_-_LITO_BORELLO_-_LA_BATALLA_DEL_22_SE_LIBRA_VOTANDO_A_SCIOLI.mp3\">LITO BORELLO &#8211; LA BATALLA DEL 22 SE LIBRA VOTANDO A SCIOLI<\/a><\/b><\/div>\n<p><b style=\"font-family: Verdana, sans-serif\"><\/p>\n<div style=\"text-align: justify\"><b><a href=\"http:\/\/www.mediafire.com\/listen\/tsrz4ymcb0h6ham\/10-29-2015_-_LITO_BORELLO_-_QUEREMOS_ECONOMIA_POPULAR.mp3\">LITO BORELLO &#8211; QUEREMOS ECONOMIA POPULAR<\/a><\/b><\/div>\n<p><\/b><b style=\"font-family: Verdana, sans-serif\"><\/p>\n<div style=\"text-align: justify\"><b>&#8211;&nbsp;<a href=\"http:\/\/www.mediafire.com\/listen\/k0i0agjsv7giwam\/10-29-2015_-_LITO_BORELLO_-_VAMOS_A_SALIR_A_MILITAR_CON_LO_QUE_SEA_PARA_QUE_MACRI_NO_LLEGUE_A_LA_ROSADA.mp3\">LITO BORELLO &#8211; VAMOS A SALIR A MILITAR CON LO QUE SEA PARA QUE MACRI NO LLEGUE A LA ROSADA<\/a><\/b><\/div>\n<p><\/b><\/span><\/p>\n<div style=\"text-align: justify\"><span style=\"color: #0b5394\"><span style=\"font-family: Verdana, sans-serif\"><b>&#8211; <a href=\"http:\/\/www.mediafire.com\/listen\/bb9fecuuasl5k6b\/10-29-2015_-_LITO_BORELLO_-_POSICIONAMIENTO_POLITICO_EN_MATEANDO%2C_BLOQUE_COMPLETO.mp3\" target=\"_blank\" rel=\"noopener\">REPORTAJE COMPLETO<\/a><\/b><\/span><\/span><\/div>\n<div style=\"text-align: justify\"><span style=\"color: #0b5394\"><b style=\"font-family: Verdana, sans-serif\">&#8211;&nbsp;<a href=\"http:\/\/www.fmriachuelo.com.ar\/2015\/10\/miseria-macri-muertea-los-90-no.html\">POSICIONAMIENTO POL\u00cdTICO DE LA OSyP LOS PIBES<\/a><\/b><\/span><\/div>\n<\/div>\n<\/div>\n<div style=\"color: #222222;text-align: justify\"><span style=\"font-family: Verdana, sans-serif\"><b><span style=\"text-align: start\">[FMR Jueves 29\/10\/15]&nbsp;<\/span>En el d\u00eda de hoy la&nbsp;<span style=\"text-align: start\">Organizaci\u00f3n Social y Pol\u00edtica Los Pibes&nbsp;<\/span>hizo p\u00fablico su posicionamiento de cara al&nbsp;pr\u00f3ximo&nbsp;balotaje del 22 de noviembre&nbsp;a&nbsp;trav\u00e9s&nbsp;de un&nbsp;comunicado de prensa.&nbsp;<\/b>En una&nbsp;entrevista realizada por&nbsp;<span style=\"color: red\"><b>MATEANDO EN EL RIACHUELO<\/b><\/span>, su&nbsp;Coordinador Nacional&nbsp;Lito Borello,&nbsp;<span style=\"color: black;line-height: 16.8667px\">expres\u00f3 los motivos por los cuales&nbsp;<b>una organizaci\u00f3n social y pol\u00edtica nacida en la resistencia al neoliberalismo impulsa una Batalla Patri\u00f3tica para evitar que&nbsp;<\/b><\/span><b><span style=\"color: black;line-height: 16.8667px\">Macri<\/span><span style=\"color: black;line-height: 16.8667px\">&nbsp;<\/span><span style=\"color: black;line-height: 16.8667px\">llegue a&nbsp;<\/span><\/b><span style=\"color: black;line-height: 16.8667px\"><b>la Casa Rosada.<\/b><\/span><\/span><\/div>\n<div style=\"color: #222222;text-align: justify\"><span style=\"font-family: Verdana, sans-serif\"><span style=\"color: black;line-height: 16.8667px\">A un \u00edcono de la derecha, un representante de paladar negro de los sectores dominantes y de las peores<\/span><span style=\"color: black;line-height: 16.8667px\">&nbsp;<\/span><span style=\"color: black;line-height: 16.8667px\">pol\u00edticas que hambrearon a nuestro pueblo en los 90, agreg\u00f3.<\/span><\/span><\/div>\n<div style=\"color: #222222;text-align: justify\"><span style=\"font-family: Verdana, sans-serif\">s\u00f3lo se lo detiene con los sectores populares en la calle:<b>&nbsp;es el \u00fanico modo de defender todo lo conquistado para ir por todo lo que falta.<\/b><\/span><\/div>\n","protected":false},"excerpt":{"rendered":"<p>\u00a1\u00a1\u00a1MACRI NO DEBE LLEGAR A LA CASA ROSADA!!! S\u00d3LO EL PUEBLO SALVAR\u00c1 EL PUEBLO EL PROYECTO NACIONAL EN MANOS DE LAS ORGANIZACIONES POPULARES ESCUCH\u00c1 A CONTINUACI\u00d3N LA ENTREVISTA A LITO BORELLO, O.S. y P. LOS PIBES: &#8211;&nbsp;LITO BORELLO &#8211; HACE FALTA PUEBLO EN LA CALLE, POR ESO NOS AUTOCONVOCAMOS &#8211;&nbsp;LITO BORELLO &#8211; LA BATALLA DEL [&hellip;]<\/p>\n","protected":false},"author":4,"featured_media":0,"comment_status":"open","ping_status":"open","sticky":false,"template":"","format":"standard","meta":{"_monsterinsights_skip_tracking":false,"_monsterinsights_sitenote_active":false,"_monsterinsights_sitenote_note":"","_monsterinsights_sitenote_category":0,"jnews-multi-image_gallery":[],"jnews_single_post":[],"jnews_primary_category":[],"_joinchat":[],"footnotes":""},"categories":[1],"tags":[],"class_list":["post-1639","post","type-post","status-publish","format-standard","hentry","category-habitat"],"_links":{"self":[{"href":"http:\/\/fmriachuelo.it10.com.ar\/index.php\/wp-json\/wp\/v2\/posts\/1639","targetHints":{"allow":["GET"]}}],"collection":[{"href":"http:\/\/fmriachuelo.it10.com.ar\/index.php\/wp-json\/wp\/v2\/posts"}],"about":[{"href":"http:\/\/fmriachuelo.it10.com.ar\/index.php\/wp-json\/wp\/v2\/types\/post"}],"author":[{"embeddable":true,"href":"http:\/\/fmriachuelo.it10.com.ar\/index.php\/wp-json\/wp\/v2\/users\/4"}],"replies":[{"embeddable":true,"href":"http:\/\/fmriachuelo.it10.com.ar\/index.php\/wp-json\/wp\/v2\/comments?post=1639"}],"version-history":[{"count":0,"href":"http:\/\/fmriachuelo.it10.com.ar\/index.php\/wp-json\/wp\/v2\/posts\/1639\/revisions"}],"wp:attachment":[{"href":"http:\/\/fmriachuelo.it10.com.ar\/index.php\/wp-json\/wp\/v2\/media?parent=1639"}],"wp:term":[{"taxonomy":"category","embeddable":true,"href":"http:\/\/fmriachuelo.it10.com.ar\/index.php\/wp-json\/wp\/v2\/categories?post=1639"},{"taxonomy":"post_tag","embeddable":true,"href":"http:\/\/fmriachuelo.it10.com.ar\/index.php\/wp-json\/wp\/v2\/tags?post=1639"}],"curies":[{"name":"wp","href":"https:\/\/api.w.org\/{rel}","templated":true}]}}