{"id":1638,"date":"2015-10-30T07:30:00","date_gmt":"2015-10-30T07:30:00","guid":{"rendered":"http:\/\/fmriachuelo.observatorioess.org.ar\/index.php\/2015\/10\/30\/caba-marcha-y-acto-contra-la-masacre-del-pueblo-palestino\/"},"modified":"2015-10-30T07:30:00","modified_gmt":"2015-10-30T07:30:00","slug":"caba-marcha-y-acto-contra-la-masacre-del-pueblo-palestino","status":"publish","type":"post","link":"http:\/\/fmriachuelo.it10.com.ar\/index.php\/2015\/10\/30\/caba-marcha-y-acto-contra-la-masacre-del-pueblo-palestino\/","title":{"rendered":"CABA: MARCHA Y ACTO CONTRA LA MASACRE DEL PUEBLO PALESTINO"},"content":{"rendered":"<p><span style=\"color: red;font-family: Verdana, sans-serif;font-size: large\"><b>EN DEFENSA DE LA VIDA&nbsp;<\/b><\/span><br \/><span style=\"color: red;font-family: Verdana, sans-serif;font-size: large\"><b><br \/><\/b><\/span><\/p>\n<div style=\"clear: both;text-align: center\"><a href=\"http:\/\/1.bp.blogspot.com\/-XgbXZNodAc4\/VjLXAqrukSI\/AAAAAAAAHEw\/EPgBteb2BRk\/s1600\/marcha%2Bpales.png\" style=\"margin-left: 1em;margin-right: 1em\"><img loading=\"lazy\" decoding=\"async\" border=\"0\" height=\"206\" src=\"http:\/\/1.bp.blogspot.com\/-XgbXZNodAc4\/VjLXAqrukSI\/AAAAAAAAHEw\/EPgBteb2BRk\/s320\/marcha%2Bpales.png\" width=\"320\" \/><\/a><\/div>\n<p><span style=\"font-family: Verdana, sans-serif\"><\/p>\n<div style=\"text-align: justify\"><\/div>\n<div style=\"text-align: justify\">El Comit\u00e9 Argentino de Solidaridad con el Pueblo Palestina, la Federaci\u00f3n de Entidades Argentino-Palestinas y numerosas organizaciones del campo popular se proponen movilizarse el pr\u00f3ximo viernes 30 de octubre hacia la Embajada de Israel. All\u00ed anuncian que realizar\u00e1n un acto para condenar los \u00faltimos episodios represivos que sufren los habitantes de Cisjordania, donde han recrudecido los asesinatos y detenciones de mujeres y hombres de la Palestina ocupada.<\/div>\n<div style=\"text-align: justify\">Los organizadores de la marcha han llamado a concentrarse a partir de las 15 hs del viernes en Avenida de Mayo y 9 de Julio para luego encolumnarse hacia la embajada israel\u00ed donde se leer\u00e1 un documento reivindicativo de la lucha popular palestina.<\/div>\n<div style=\"text-align: justify\"><\/div>\n<div style=\"text-align: justify\"><span style=\"color: blue\">Resumen Latinoamericano, Producci\u00f3n Riachuelo<\/span><\/div>\n<p><\/span><\/p>\n","protected":false},"excerpt":{"rendered":"<p>EN DEFENSA DE LA VIDA&nbsp; El Comit\u00e9 Argentino de Solidaridad con el Pueblo Palestina, la Federaci\u00f3n de Entidades Argentino-Palestinas y numerosas organizaciones del campo popular se proponen movilizarse el pr\u00f3ximo viernes 30 de octubre hacia la Embajada de Israel. All\u00ed anuncian que realizar\u00e1n un acto para condenar los \u00faltimos episodios represivos que sufren los habitantes [&hellip;]<\/p>\n","protected":false},"author":4,"featured_media":0,"comment_status":"open","ping_status":"open","sticky":false,"template":"","format":"standard","meta":{"_monsterinsights_skip_tracking":false,"_monsterinsights_sitenote_active":false,"_monsterinsights_sitenote_note":"","_monsterinsights_sitenote_category":0,"jnews-multi-image_gallery":[],"jnews_single_post":[],"jnews_primary_category":[],"_joinchat":[],"footnotes":""},"categories":[1],"tags":[],"class_list":["post-1638","post","type-post","status-publish","format-standard","hentry","category-habitat"],"_links":{"self":[{"href":"http:\/\/fmriachuelo.it10.com.ar\/index.php\/wp-json\/wp\/v2\/posts\/1638","targetHints":{"allow":["GET"]}}],"collection":[{"href":"http:\/\/fmriachuelo.it10.com.ar\/index.php\/wp-json\/wp\/v2\/posts"}],"about":[{"href":"http:\/\/fmriachuelo.it10.com.ar\/index.php\/wp-json\/wp\/v2\/types\/post"}],"author":[{"embeddable":true,"href":"http:\/\/fmriachuelo.it10.com.ar\/index.php\/wp-json\/wp\/v2\/users\/4"}],"replies":[{"embeddable":true,"href":"http:\/\/fmriachuelo.it10.com.ar\/index.php\/wp-json\/wp\/v2\/comments?post=1638"}],"version-history":[{"count":0,"href":"http:\/\/fmriachuelo.it10.com.ar\/index.php\/wp-json\/wp\/v2\/posts\/1638\/revisions"}],"wp:attachment":[{"href":"http:\/\/fmriachuelo.it10.com.ar\/index.php\/wp-json\/wp\/v2\/media?parent=1638"}],"wp:term":[{"taxonomy":"category","embeddable":true,"href":"http:\/\/fmriachuelo.it10.com.ar\/index.php\/wp-json\/wp\/v2\/categories?post=1638"},{"taxonomy":"post_tag","embeddable":true,"href":"http:\/\/fmriachuelo.it10.com.ar\/index.php\/wp-json\/wp\/v2\/tags?post=1638"}],"curies":[{"name":"wp","href":"https:\/\/api.w.org\/{rel}","templated":true}]}}