{"id":1636,"date":"2015-10-30T18:53:00","date_gmt":"2015-10-30T18:53:00","guid":{"rendered":"http:\/\/fmriachuelo.observatorioess.org.ar\/index.php\/2015\/10\/30\/militantes-de-organizaciones-sociales-en-la-calle-la-batalla-por-el-22\/"},"modified":"2015-10-30T18:53:00","modified_gmt":"2015-10-30T18:53:00","slug":"militantes-de-organizaciones-sociales-en-la-calle-la-batalla-por-el-22","status":"publish","type":"post","link":"http:\/\/fmriachuelo.it10.com.ar\/index.php\/2015\/10\/30\/militantes-de-organizaciones-sociales-en-la-calle-la-batalla-por-el-22\/","title":{"rendered":"MILITANTES DE ORGANIZACIONES SOCIALES EN LA CALLE: LA BATALLA POR EL 22"},"content":{"rendered":"<p><span style=\"color: red;font-family: Verdana, sans-serif;font-size: large\"><b>CAMPA\u00d1A PARA QUE MACRI NO LLEGUE A LA ROSADA<\/b><\/span><\/p>\n<div>\n<div style=\"clear: both;text-align: center\"><a href=\"http:\/\/1.bp.blogspot.com\/-X8OKMX_8aSE\/VjO2yIcoLCI\/AAAAAAAAHFU\/MUMPDDcGup0\/s1600\/macri%2Bmiseria.jpg\" style=\"clear: left;float: left;margin-bottom: 1em;margin-right: 1em\"><img loading=\"lazy\" decoding=\"async\" border=\"0\" height=\"213\" src=\"http:\/\/1.bp.blogspot.com\/-X8OKMX_8aSE\/VjO2yIcoLCI\/AAAAAAAAHFU\/MUMPDDcGup0\/s320\/macri%2Bmiseria.jpg\" width=\"320\" \/><\/a><\/div>\n<div>\n<div style=\"text-align: justify\"><span style=\"font-family: Verdana, sans-serif\">Escuch\u00e1&nbsp;<a href=\"http:\/\/www.mediafire.com\/listen\/ql2cw88l7ql0ott\/A+LOS+90+NO+VOLVEMOS.mp3\" target=\"_blank\" rel=\"noopener\">AQU\u00cd<\/a>&nbsp;la CAMPA\u00d1A POR EL \u00ab22\u00bbde <b><span style=\"color: red\">Fm Riachuelo.<\/span><\/b><\/span><br \/><span style=\"font-family: Verdana, sans-serif\"><b><span style=\"color: red\"><a href=\"https:\/\/youtu.be\/B14K97yoaxE\" target=\"_blank\" rel=\"noopener\">MIR\u00c1 EL VIDEO AQU\u00cd<\/a><\/span><\/b><\/span><span style=\"font-family: Verdana, sans-serif\">[FMR 30\/10\/15] Los militantes de las organizaciones sociales del campo popular tomaron la iniciativa de militar contra la posibilidad que el candidato, Mauricio Macri, llegue a la Casa Rosada. Una acci\u00f3n colectiva y popular contra la posibilidad que llegue a la Rosada el representante del poder m\u00e1s concentrado y conservador, que sumi\u00f3 en la miseria a nuestro pueblo en la d\u00e9cada del 90.<\/span><\/div>\n<p><span style=\"font-family: Verdana, sans-serif\"><\/span><\/p>\n<div style=\"text-align: justify\"><span style=\"font-family: Verdana, sans-serif\"><br \/><\/span><\/div>\n<p><span style=\"font-family: Verdana, sans-serif\"><\/span><\/p>\n<div style=\"text-align: justify\"><span style=\"font-family: Verdana, sans-serif\">En la calle y entre todos, con pintadas, volantes y en di\u00e1logo con los vecinos, compa\u00f1eros, trabajadores, comerciantes para recordarles que el poder financiero que ese candidato representa fuera el que implant\u00f3 el sistema neoliberal para sembrar miseria, destrucci\u00f3n y muerte entre el pueblo y llevarse sus ganancias.<\/span><\/div>\n<p><span style=\"font-family: Verdana, sans-serif\"><\/span><\/p>\n<div style=\"text-align: justify\"><span style=\"font-family: Verdana, sans-serif\">Galer\u00eda de im\u00e1genes:&nbsp;<\/span><\/div>\n<p><span style=\"font-family: Verdana, sans-serif\"><\/p>\n<div style=\"clear: both;text-align: center\"><\/div>\n<div style=\"clear: both;text-align: center\"><a href=\"http:\/\/1.bp.blogspot.com\/-MLtdLeokgm4\/VjO48gtOzqI\/AAAAAAAAHGA\/BXbDbgYzo38\/s1600\/macri%2B6.jpg\" style=\"clear: left;float: left;margin-bottom: 1em;margin-right: 1em\"><img loading=\"lazy\" decoding=\"async\" border=\"0\" height=\"112\" src=\"http:\/\/1.bp.blogspot.com\/-MLtdLeokgm4\/VjO48gtOzqI\/AAAAAAAAHGA\/BXbDbgYzo38\/s200\/macri%2B6.jpg\" width=\"200\" \/><\/a><a href=\"http:\/\/1.bp.blogspot.com\/-XOb9VnfTUhQ\/VjO4ztNCV2I\/AAAAAAAAHF4\/HczI161HKqA\/s1600\/macri%2B5.jpg\" style=\"clear: left;float: left;margin-bottom: 1em;margin-right: 1em\"><img loading=\"lazy\" decoding=\"async\" border=\"0\" height=\"111\" src=\"http:\/\/1.bp.blogspot.com\/-XOb9VnfTUhQ\/VjO4ztNCV2I\/AAAAAAAAHF4\/HczI161HKqA\/s200\/macri%2B5.jpg\" width=\"200\" \/><\/a><\/div>\n<p><span style=\"clear: left;float: left;margin-bottom: 1em;margin-right: 1em\"><a href=\"http:\/\/2.bp.blogspot.com\/-A_JiHkfyTHo\/VjO5FUJ3DXI\/AAAAAAAAHGI\/YXBmeZ6LJsM\/s1600\/macri%2B4.jpg\" style=\"clear: right;float: right;margin-bottom: 1em;margin-left: 1em\"><img loading=\"lazy\" decoding=\"async\" border=\"0\" height=\"112\" src=\"http:\/\/2.bp.blogspot.com\/-A_JiHkfyTHo\/VjO5FUJ3DXI\/AAAAAAAAHGI\/YXBmeZ6LJsM\/s200\/macri%2B4.jpg\" width=\"200\" \/><\/a><a href=\"https:\/\/1.bp.blogspot.com\/-6JgzNN-lCys\/VjO4TD8mXzI\/AAAAAAAAHFg\/x4mYIGgVwgE\/s1600\/macri1.jpg\" style=\"clear: right;float: right;margin-bottom: 1em;margin-left: 1em\"><\/a><a href=\"http:\/\/3.bp.blogspot.com\/-8GPHG6ZYJ_Q\/VjO4ebPlYaI\/AAAAAAAAHFw\/CVykM9tGd7Y\/s1600\/macri3.jpg\" style=\"clear: left;float: left;margin-bottom: 1em;margin-right: 1em\"><img loading=\"lazy\" decoding=\"async\" border=\"0\" height=\"111\" src=\"http:\/\/3.bp.blogspot.com\/-8GPHG6ZYJ_Q\/VjO4ebPlYaI\/AAAAAAAAHFw\/CVykM9tGd7Y\/s200\/macri3.jpg\" width=\"200\" \/><\/a><img loading=\"lazy\" decoding=\"async\" border=\"0\" height=\"111\" src=\"http:\/\/1.bp.blogspot.com\/-6JgzNN-lCys\/VjO4TD8mXzI\/AAAAAAAAHFg\/x4mYIGgVwgE\/s200\/macri1.jpg\" width=\"200\" \/><\/span><a href=\"http:\/\/1.bp.blogspot.com\/-tSrFyi_q2Jo\/VjO7u8llimI\/AAAAAAAAHGU\/ZA2ibJlfQh8\/s1600\/macri7.jpg\" style=\"margin-left: 1em;margin-right: 1em\"><img loading=\"lazy\" decoding=\"async\" border=\"0\" height=\"200\" src=\"http:\/\/1.bp.blogspot.com\/-tSrFyi_q2Jo\/VjO7u8llimI\/AAAAAAAAHGU\/ZA2ibJlfQh8\/s200\/macri7.jpg\" style=\"cursor: move\" width=\"112\" \/><\/a><\/p>\n<div style=\"text-align: justify\"><\/div>\n<div style=\"clear: both;text-align: center\"><a href=\"http:\/\/1.bp.blogspot.com\/-XMbsKHh7gmQ\/VjO4YCRqbgI\/AAAAAAAAHFo\/XFXJO1zP8SQ\/s1600\/macri2.jpg\" style=\"clear: right;float: right;margin-bottom: 1em;margin-left: 1em\"><img loading=\"lazy\" decoding=\"async\" border=\"0\" height=\"150\" src=\"http:\/\/1.bp.blogspot.com\/-XMbsKHh7gmQ\/VjO4YCRqbgI\/AAAAAAAAHFo\/XFXJO1zP8SQ\/s200\/macri2.jpg\" width=\"200\" \/><\/a><\/div>\n<div style=\"text-align: justify\"><\/div>\n<div style=\"text-align: justify\"><\/div>\n<p><\/span><\/p>\n<div style=\"clear: both;text-align: center\"><span style=\"color: #141823;font-family: helvetica, arial, sans-serif\"><br \/><\/span><\/div>\n<\/div>\n<\/div>\n","protected":false},"excerpt":{"rendered":"<p>CAMPA\u00d1A PARA QUE MACRI NO LLEGUE A LA ROSADA Escuch\u00e1&nbsp;AQU\u00cd&nbsp;la CAMPA\u00d1A POR EL \u00ab22\u00bbde Fm Riachuelo.MIR\u00c1 EL VIDEO AQU\u00cd[FMR 30\/10\/15] Los militantes de las organizaciones sociales del campo popular tomaron la iniciativa de militar contra la posibilidad que el candidato, Mauricio Macri, llegue a la Casa Rosada. Una acci\u00f3n colectiva y popular contra la posibilidad [&hellip;]<\/p>\n","protected":false},"author":4,"featured_media":0,"comment_status":"open","ping_status":"open","sticky":false,"template":"","format":"standard","meta":{"_monsterinsights_skip_tracking":false,"_monsterinsights_sitenote_active":false,"_monsterinsights_sitenote_note":"","_monsterinsights_sitenote_category":0,"jnews-multi-image_gallery":[],"jnews_single_post":[],"jnews_primary_category":[],"_joinchat":[],"footnotes":""},"categories":[1],"tags":[],"class_list":["post-1636","post","type-post","status-publish","format-standard","hentry","category-habitat"],"_links":{"self":[{"href":"http:\/\/fmriachuelo.it10.com.ar\/index.php\/wp-json\/wp\/v2\/posts\/1636","targetHints":{"allow":["GET"]}}],"collection":[{"href":"http:\/\/fmriachuelo.it10.com.ar\/index.php\/wp-json\/wp\/v2\/posts"}],"about":[{"href":"http:\/\/fmriachuelo.it10.com.ar\/index.php\/wp-json\/wp\/v2\/types\/post"}],"author":[{"embeddable":true,"href":"http:\/\/fmriachuelo.it10.com.ar\/index.php\/wp-json\/wp\/v2\/users\/4"}],"replies":[{"embeddable":true,"href":"http:\/\/fmriachuelo.it10.com.ar\/index.php\/wp-json\/wp\/v2\/comments?post=1636"}],"version-history":[{"count":0,"href":"http:\/\/fmriachuelo.it10.com.ar\/index.php\/wp-json\/wp\/v2\/posts\/1636\/revisions"}],"wp:attachment":[{"href":"http:\/\/fmriachuelo.it10.com.ar\/index.php\/wp-json\/wp\/v2\/media?parent=1636"}],"wp:term":[{"taxonomy":"category","embeddable":true,"href":"http:\/\/fmriachuelo.it10.com.ar\/index.php\/wp-json\/wp\/v2\/categories?post=1636"},{"taxonomy":"post_tag","embeddable":true,"href":"http:\/\/fmriachuelo.it10.com.ar\/index.php\/wp-json\/wp\/v2\/tags?post=1636"}],"curies":[{"name":"wp","href":"https:\/\/api.w.org\/{rel}","templated":true}]}}