{"id":1634,"date":"2015-10-31T18:12:00","date_gmt":"2015-10-31T18:12:00","guid":{"rendered":"http:\/\/fmriachuelo.observatorioess.org.ar\/index.php\/2015\/10\/31\/tradiciones-de-la-patria-grande-celebracion-del-dia-de-los-muertos\/"},"modified":"2015-10-31T18:12:00","modified_gmt":"2015-10-31T18:12:00","slug":"tradiciones-de-la-patria-grande-celebracion-del-dia-de-los-muertos","status":"publish","type":"post","link":"http:\/\/fmriachuelo.it10.com.ar\/index.php\/2015\/10\/31\/tradiciones-de-la-patria-grande-celebracion-del-dia-de-los-muertos\/","title":{"rendered":"TRADICIONES DE LA PATRIA GRANDE: CELEBRACI\u00d3N DEL D\u00cdA DE LOS MUERTOS"},"content":{"rendered":"<p><span style=\"color: red;font-family: Verdana, sans-serif;font-size: large\"><b>CULTURA NUESTRAMERICANA<\/b><\/span><br \/><span style=\"font-family: Verdana, sans-serif\">MEXICO, BOLIVIA Y PER\u00da<\/span><br \/><span style=\"font-family: Verdana, sans-serif\"><br \/><\/span><\/p>\n<div style=\"clear: both;text-align: center\"><a href=\"http:\/\/4.bp.blogspot.com\/-yi5Fx-HiwUQ\/VjZkOZoZkSI\/AAAAAAAAHGk\/EZhtvSv_qKc\/s1600\/dia_de_los_muertos-lr.jpg_1718483346.jpg\" style=\"clear: left;float: left;margin-bottom: 1em;margin-right: 1em\"><img loading=\"lazy\" decoding=\"async\" border=\"0\" height=\"181\" src=\"http:\/\/4.bp.blogspot.com\/-yi5Fx-HiwUQ\/VjZkOZoZkSI\/AAAAAAAAHGk\/EZhtvSv_qKc\/s320\/dia_de_los_muertos-lr.jpg_1718483346.jpg\" width=\"320\" \/><\/a><\/div>\n<p><span style=\"font-family: Verdana, sans-serif\"><\/p>\n<div style=\"text-align: justify\">[FMR 31\/10\/15] El D\u00eda de Muertos es una celebraci\u00f3n mexicana que honra a los muertos, se festeja durante dos d\u00edas el 1 de noviembre, D\u00eda de Todos los Santos que es cuando llegan las \u00e1nimas de los ni\u00f1os y el 2 de noviembre, D\u00eda de los Muertos, llegan los adultos.&nbsp;<\/div>\n<div style=\"text-align: justify\">Los altares realizados el D\u00eda de Muertos son la m\u00e1xima representaci\u00f3n de esta festividad mexicana. Se hacen para ofrendar y recordar el esp\u00edritu de los seres queridos. Los altares se organizan por niveles y, dependiendo del nivel, se colocan diferentes objetos simb\u00f3licos.<\/div>\n<div style=\"text-align: justify\"><\/div>\n<div style=\"text-align: justify\"><\/div>\n<div style=\"text-align: justify\"><b>Bolivia, celebra el D\u00eda de los Muertos<\/b><\/div>\n<div style=\"text-align: justify\"><\/div>\n<div style=\"text-align: justify\">Cada 2 de noviembre es feriado en Bolivia, ese d\u00eda los bolivianos y las bolivianas van a los cementerios a llevar la comida preferida a sus familiares, poner m\u00fasica y conversar con los fallecidos. Es una celebraci\u00f3n de la vida que aquellos que ya no est\u00e1n, tuvieron, una conmemoraci\u00f3n de la riqueza espiritual de hombres y mujeres de este hermoso lugar del mundo.<\/div>\n<div style=\"text-align: justify\"><a name='more'><\/a><\/div>\n<div style=\"text-align: justify\">Durante la celebraci\u00f3n se hacen dulces, bebidas, a las que se les pone agua, ya que la creencia popular indica que los muertos llegan con mucha sed al medio d\u00eda y se quedan en la casa con los familiares hasta la noche.<\/div>\n<div style=\"text-align: justify\"><\/div>\n<div style=\"text-align: justify\">Para los bolivianos es una fiesta de la vida que reunen a las familias y que se celebra incluso fuera del pa\u00eds.<\/div>\n<div style=\"text-align: justify\"><\/div>\n<div style=\"text-align: justify\"><b>Per\u00fa ancestral<\/b><\/div>\n<div style=\"text-align: justify\"><\/div>\n<div style=\"text-align: justify\">Este pa\u00eds celebra el D\u00eda de los Muertos con tradiciones distintas a los otros pa\u00edses. Por ejemplo, en los Andes se tiene la costumbre de realizar altares con comidas y potajes (plato a base de verduras cocidas) que m\u00e1s le gustaba comer al ser querido ya fallecido.<\/div>\n<div style=\"text-align: justify\"><\/div>\n<div style=\"text-align: justify\">Tambi\u00e9n se realizan las t\u00edpicas tantawawas, estos son fundamentales para honrar a los difuntos. Son elaboradas principalmente con formas de beb\u00e9s, tambi\u00e9n tienen caritas o mascaritas, y representan a las almas que ya partieron.<\/div>\n<div style=\"text-align: justify\"><\/div>\n<div style=\"text-align: justify\">Sin embargo, existe otra tradici\u00f3n en la sierra peruana la cual consiste en la colocaci\u00f3n de coronas en las tumbas, en lugar de flores frescas.<\/div>\n<p><\/span><\/p>\n<pre style=\"text-align: justify;vertical-align: baseline\">&nbsp;<\/pre>\n<pre style=\"vertical-align: baseline\"> <br \/><br \/><span style=\"color: blue;font-family: Verdana, sans-serif\">Telesur<\/span><br \/><br \/><!--[endif]--><\/pre>\n<div style=\"clear: both;text-align: center\"> <\/div>\n<div><\/div>\n<pre style=\"border: 0px;padding: 0px;vertical-align: baseline\">La Unesco (Organizaci\u00f3n de las Naciones Unidas para la Educaci\u00f3n, la Ciencia y la Cultura) declar\u00f3, en el a\u00f1o de 2003, a la festividad del D\u00eda de Muertos, Obra maestra del patrimonio cultural de la humanidad.<br \/><br \/>El D\u00eda de Muertos es una celebraci\u00f3n mexicana que honra a los muertos, se festeja durante dos d\u00edas el 1 de noviembre, D\u00eda de Todos los Santos que es cuando llegan las \u00e1nimas de los ni\u00f1os y el 2 de noviembre, D\u00eda de los Muertos, llegan los adultos. Com\u00fanmente se montan a las 12H00 pm del primero de noviembre y se retiran a las 12H00 pm del d\u00eda siguiente.<br \/><br \/> Este contenido ha sido publicado originalmente por teleSUR bajo la siguiente direcci\u00f3n: <br \/> <a href=\"http:\/\/www.telesurtv.net\/news\/Conozca-la-tradicion-del-Dia-de-los-Muertos-20151030-0061.html\" style=\"margin: 0px;padding: 0px;text-decoration: none\">http:\/\/www.telesurtv.net\/news\/Conozca-la-tradicion-del-Dia-de-los-Muertos-20151030-0061.html<\/a>. Si piensa hacer uso del mismo, por favor, cite la fuente y coloque un enlace hacia la nota original de donde usted ha tomado este contenido. www.teleSURtv.net<\/pre>\n<pre style=\"border: 0px;padding: 0px;vertical-align: baseline\">La Unesco (Organizaci\u00f3n de las Naciones Unidas para la Educaci\u00f3n, la Ciencia y la Cultura) declar\u00f3, en el a\u00f1o de 2003, a la festividad del D\u00eda de Muertos, Obra maestra del patrimonio cultural de la humanidad.<br \/><br \/>El D\u00eda de Muertos es una celebraci\u00f3n mexicana que honra a los muertos, se festeja durante dos d\u00edas el 1 de noviembre, D\u00eda de Todos los Santos que es cuando llegan las \u00e1nimas de los ni\u00f1os y el 2 de noviembre, D\u00eda de los Muertos, llegan los adultos. Com\u00fanmente se montan a las 12H00 pm del primero de noviembre y se retiran a las 12H00 pm del d\u00eda siguiente.<br \/><br \/> Este contenido ha sido publicado originalmente por teleSUR bajo la siguiente direcci\u00f3n: <br \/> <a href=\"http:\/\/www.telesurtv.net\/news\/Conozca-la-tradicion-del-Dia-de-los-Muertos-20151030-0061.html\" style=\"margin: 0px;padding: 0px;text-decoration: none\">http:\/\/www.telesurtv.net\/news\/Conozca-la-tradicion-del-Dia-de-los-Muertos-20151030-0061.html<\/a>. Si piensa hacer uso del mismo, por favor, cite la fuente y coloque un enlace hacia la nota original de donde usted ha tomado este contenido. www.teleSURtv.net<\/pre>\n","protected":false},"excerpt":{"rendered":"<p>CULTURA NUESTRAMERICANAMEXICO, BOLIVIA Y PER\u00da [FMR 31\/10\/15] El D\u00eda de Muertos es una celebraci\u00f3n mexicana que honra a los muertos, se festeja durante dos d\u00edas el 1 de noviembre, D\u00eda de Todos los Santos que es cuando llegan las \u00e1nimas de los ni\u00f1os y el 2 de noviembre, D\u00eda de los Muertos, llegan los adultos.&nbsp; [&hellip;]<\/p>\n","protected":false},"author":4,"featured_media":0,"comment_status":"open","ping_status":"open","sticky":false,"template":"","format":"standard","meta":{"_monsterinsights_skip_tracking":false,"_monsterinsights_sitenote_active":false,"_monsterinsights_sitenote_note":"","_monsterinsights_sitenote_category":0,"jnews-multi-image_gallery":[],"jnews_single_post":[],"jnews_primary_category":[],"_joinchat":[],"footnotes":""},"categories":[1],"tags":[],"class_list":["post-1634","post","type-post","status-publish","format-standard","hentry","category-habitat"],"_links":{"self":[{"href":"http:\/\/fmriachuelo.it10.com.ar\/index.php\/wp-json\/wp\/v2\/posts\/1634","targetHints":{"allow":["GET"]}}],"collection":[{"href":"http:\/\/fmriachuelo.it10.com.ar\/index.php\/wp-json\/wp\/v2\/posts"}],"about":[{"href":"http:\/\/fmriachuelo.it10.com.ar\/index.php\/wp-json\/wp\/v2\/types\/post"}],"author":[{"embeddable":true,"href":"http:\/\/fmriachuelo.it10.com.ar\/index.php\/wp-json\/wp\/v2\/users\/4"}],"replies":[{"embeddable":true,"href":"http:\/\/fmriachuelo.it10.com.ar\/index.php\/wp-json\/wp\/v2\/comments?post=1634"}],"version-history":[{"count":0,"href":"http:\/\/fmriachuelo.it10.com.ar\/index.php\/wp-json\/wp\/v2\/posts\/1634\/revisions"}],"wp:attachment":[{"href":"http:\/\/fmriachuelo.it10.com.ar\/index.php\/wp-json\/wp\/v2\/media?parent=1634"}],"wp:term":[{"taxonomy":"category","embeddable":true,"href":"http:\/\/fmriachuelo.it10.com.ar\/index.php\/wp-json\/wp\/v2\/categories?post=1634"},{"taxonomy":"post_tag","embeddable":true,"href":"http:\/\/fmriachuelo.it10.com.ar\/index.php\/wp-json\/wp\/v2\/tags?post=1634"}],"curies":[{"name":"wp","href":"https:\/\/api.w.org\/{rel}","templated":true}]}}