{"id":1633,"date":"2015-11-01T19:28:00","date_gmt":"2015-11-01T19:28:00","guid":{"rendered":"http:\/\/fmriachuelo.observatorioess.org.ar\/index.php\/2015\/11\/01\/argentina-abogado-eduardo-suarez-criminalizado-por-denunciar-connivencia-entre-fiscalia-y-policia\/"},"modified":"2015-11-01T19:28:00","modified_gmt":"2015-11-01T19:28:00","slug":"argentina-abogado-eduardo-suarez-criminalizado-por-denunciar-connivencia-entre-fiscalia-y-policia","status":"publish","type":"post","link":"http:\/\/fmriachuelo.it10.com.ar\/index.php\/2015\/11\/01\/argentina-abogado-eduardo-suarez-criminalizado-por-denunciar-connivencia-entre-fiscalia-y-policia\/","title":{"rendered":"ARGENTINA: ABOGADO EDUARDO SUAREZ CRIMINALIZADO POR DENUNCIAR CONNIVENCIA ENTRE FISCAL\u00cdA Y POLIC\u00cdA"},"content":{"rendered":"<p><span style=\"color: red;font-family: Verdana, sans-serif;font-size: large\"><b>SOLIDARIDAD&nbsp;<\/b><\/span><\/p>\n<div style=\"clear: both;text-align: center\"><a href=\"http:\/\/1.bp.blogspot.com\/-OXDYOSaHRng\/VjZmPhANyiI\/AAAAAAAAHGw\/tOXdHKXBtd0\/s1600\/negro_soares.jpg\" style=\"clear: left;float: left;margin-bottom: 1em;margin-right: 1em\"><img loading=\"lazy\" decoding=\"async\" border=\"0\" height=\"240\" src=\"http:\/\/1.bp.blogspot.com\/-OXDYOSaHRng\/VjZmPhANyiI\/AAAAAAAAHGw\/tOXdHKXBtd0\/s320\/negro_soares.jpg\" width=\"320\" \/><\/a><\/div>\n<p><span style=\"font-family: Verdana, sans-serif\"><\/p>\n<div style=\"text-align: justify\">[FMR 01\/11\/15] El Dr. Eduardo Soarez, de la Gremial de Abogados, que ejerci\u00f3 la defensa de un j\u00f3ven de 16 a\u00f1os &nbsp; detenido violentamente por fuerzas policiales sin orden judicial habilitante, fue llevado a juicio oral por denunciar el hecho. Solidaridad con una injusticia y el leg\u00edtimo derecho.&nbsp;<\/div>\n<div style=\"text-align: justify\"><\/div>\n<div style=\"text-align: justify\">[Anred]Hace m\u00e1s de un a\u00f1o al abogado Eduardo Soares le toc\u00f3 defender a un menor de 16 a\u00f1os, hijo de un militante portuario. Al chico lo hab\u00edan sacado de su casa rompiendo la puerta y ventanas, sin orden judicial y lo vincularon en una causa armada, acus\u00e1ndolo de un robo que no s\u00f3lo no cometi\u00f3 sino que tampoco se produjo.<a name='more'><\/a><\/div>\n<div style=\"text-align: justify\">El expediente de la actuaci\u00f3n judicial no es judicial porque no hay actas judiciales.<\/div>\n<div style=\"text-align: justify\">Todo, absolutamente todo lo actuado fue exclusiva y excluyentemente policial.<\/div>\n<div style=\"text-align: justify\"><\/div>\n<div style=\"text-align: justify\">Cuando lleg\u00f3 el momento de la primera audiencia para determinar si la causa deb\u00eda ir a juicio se encuentran cara a cara con el Fiscal, quien plantea que est\u00e1 todo probado y la causa tiene que ir a juicio. Soares le responde que se trata de una t\u00edpica causa armada por la polic\u00eda, carente de todo tipo de pruebas y que las constancias son todas falsas. Y agrega expresamente que todas esas actuaciones truchas han contado con el aval de la Fiscal\u00eda a quienes critica duramente.<\/div>\n<div style=\"text-align: justify\">En ese momento se produce un gran incidente donde el Fiscal interrumpe el alegato de Soares, la jueza tambi\u00e9n y le dicen que no van a permitir que alegue y diga esas cosas. El Fiscal exige que lo sancionen y la jueza hace lugar y determina que hay que pedirle a los Colegios de Abogados de Capital y de San Isidro donde est\u00e1 colegiado, que le implanten una sanci\u00f3n \u00abpor falta de decoro\u00bb. Tambi\u00e9n requirieron que lo separen de inmediato de la defensa del chico.<\/div>\n<div style=\"text-align: justify\"><\/div>\n<div style=\"text-align: justify\">Solidaridad<\/div>\n<div style=\"text-align: justify\"><\/div>\n<div style=\"text-align: justify\">Ahora, el 11 de noviembre, el \u201cNegro\u201d Soares tiene que comparecer a Juicio oral. Ante tal atropello, se solicita no s\u00f3lo el acompa\u00f1amiento al Juzgado, sino tambi\u00e9n unas breves l\u00edneas dirigidas al Juez del Juzgado Penal Juvenil Nro. 2 en la causa Nro. 2099, planteando la preocupaci\u00f3n porque en el juicio no le permitieron expresarse libremente y ejercer la defensa sin restricciones de palabra y de planteos.<\/div>\n<div style=\"text-align: justify\">Sin que por ello tengan que sancionarlo.<\/div>\n<div style=\"text-align: justify\"><\/div>\n<div style=\"text-align: justify\">MODELO DE NOTA PARA EL JUEZ<\/div>\n<div style=\"text-align: justify\"><\/div>\n<div style=\"text-align: justify\">Se\u00f1or Juez del Juzgado de Responsabilidad Juvenil Nro. 2 Departamento Judicial de Quilmes Avda. Hip\u00f3lito Irigoyen 107 Quilmes Pcia. de Buenos Aires REFERENCIA: CAUSA Nro. 2099\/15 Imputado menor Mario Agust\u00edn Luna Fulano de tal (el o los nombres que corresponda) en la causa Nro. 2099\/15 imputado el menor Mario Agust\u00edn Luna, interviniendo la defensa del Dr. Eduardo N\u00e9stor Soares, nombre de (ONG o el colectivo que corresponda o en nombre propio)<\/div>\n<div style=\"text-align: justify\"><\/div>\n<div style=\"text-align: justify\">Nos dirigimos a V.S. a fin de manifestarle lo siguiente: Tenemos a la vista el acta de de Elevaci\u00f3n de la causa a juicio donde se ha dispuesto notificar a los Colegios de Abogados de Capital y San Isidro para sancionar al Defensor Dr. Soares por sus dichos relacionados con el alegato en la audiencia.- Como (persona u organizaci\u00f3n solidaria) con los perseguidos por causas armadas por el aparato policial, por torturas o arbitrariedades institucionales y adem\u00e1s por haber presenciado las defensas ejercidas por el Dr. Soares, nos vemos obligados a decirle que jam\u00e1s hemos visto que se intentara sancionar a un abogado por sus alegatos defensistas.- El Abogado defiende y los dichos de su defensa no pueden ser motivo de sanci\u00f3n cuando se efect\u00faan con respeto tal como surge del acta de la audiencia.- Todo ello sin contar con el gran conocimiento que tenemos del Defensor en este caso.- El fiscal y la Jueza intentaron coartar el ejercicio constitucional de la defensa pretendiendo sancionar al defensor por el simple hecho de ejercer la defensa que le fuera encomendada.- Nos atemoriza y nos preocupa semejante actitud si nuevamente ahora el mismo representante del Ministerio P\u00fablico intentara una vez m\u00e1s -ahora en el pr\u00f3ximo Juicio- afectar el derecho constitucional a la defensa cortando su alegato o con la amenaza de sanciones.- Se\u00f1or Juez mantenemos la esperanza de que se impida cualquier arbitrariedad que implique condiciona los dichos del Defensor en el juicio.- No ser\u00eda ni justo ni etico.- Sin m\u00e1s lo saludamos con la consideraci\u00f3n que Ud. se merece.- (firmas)<\/div>\n<p><\/span><\/p>\n","protected":false},"excerpt":{"rendered":"<p>SOLIDARIDAD&nbsp; [FMR 01\/11\/15] El Dr. Eduardo Soarez, de la Gremial de Abogados, que ejerci\u00f3 la defensa de un j\u00f3ven de 16 a\u00f1os &nbsp; detenido violentamente por fuerzas policiales sin orden judicial habilitante, fue llevado a juicio oral por denunciar el hecho. Solidaridad con una injusticia y el leg\u00edtimo derecho.&nbsp; [Anred]Hace m\u00e1s de un a\u00f1o al [&hellip;]<\/p>\n","protected":false},"author":4,"featured_media":0,"comment_status":"open","ping_status":"open","sticky":false,"template":"","format":"standard","meta":{"_monsterinsights_skip_tracking":false,"_monsterinsights_sitenote_active":false,"_monsterinsights_sitenote_note":"","_monsterinsights_sitenote_category":0,"jnews-multi-image_gallery":[],"jnews_single_post":[],"jnews_primary_category":[],"_joinchat":[],"footnotes":""},"categories":[1],"tags":[],"class_list":["post-1633","post","type-post","status-publish","format-standard","hentry","category-habitat"],"_links":{"self":[{"href":"http:\/\/fmriachuelo.it10.com.ar\/index.php\/wp-json\/wp\/v2\/posts\/1633","targetHints":{"allow":["GET"]}}],"collection":[{"href":"http:\/\/fmriachuelo.it10.com.ar\/index.php\/wp-json\/wp\/v2\/posts"}],"about":[{"href":"http:\/\/fmriachuelo.it10.com.ar\/index.php\/wp-json\/wp\/v2\/types\/post"}],"author":[{"embeddable":true,"href":"http:\/\/fmriachuelo.it10.com.ar\/index.php\/wp-json\/wp\/v2\/users\/4"}],"replies":[{"embeddable":true,"href":"http:\/\/fmriachuelo.it10.com.ar\/index.php\/wp-json\/wp\/v2\/comments?post=1633"}],"version-history":[{"count":0,"href":"http:\/\/fmriachuelo.it10.com.ar\/index.php\/wp-json\/wp\/v2\/posts\/1633\/revisions"}],"wp:attachment":[{"href":"http:\/\/fmriachuelo.it10.com.ar\/index.php\/wp-json\/wp\/v2\/media?parent=1633"}],"wp:term":[{"taxonomy":"category","embeddable":true,"href":"http:\/\/fmriachuelo.it10.com.ar\/index.php\/wp-json\/wp\/v2\/categories?post=1633"},{"taxonomy":"post_tag","embeddable":true,"href":"http:\/\/fmriachuelo.it10.com.ar\/index.php\/wp-json\/wp\/v2\/tags?post=1633"}],"curies":[{"name":"wp","href":"https:\/\/api.w.org\/{rel}","templated":true}]}}