{"id":1632,"date":"2015-11-02T00:07:00","date_gmt":"2015-11-02T00:07:00","guid":{"rendered":"http:\/\/fmriachuelo.observatorioess.org.ar\/index.php\/2015\/11\/02\/repercusiones-del-resultado-eleccionario-del-ultimo-domingo-en-argentina\/"},"modified":"2015-11-02T00:07:00","modified_gmt":"2015-11-02T00:07:00","slug":"repercusiones-del-resultado-eleccionario-del-ultimo-domingo-en-argentina","status":"publish","type":"post","link":"http:\/\/fmriachuelo.it10.com.ar\/index.php\/2015\/11\/02\/repercusiones-del-resultado-eleccionario-del-ultimo-domingo-en-argentina\/","title":{"rendered":"REPERCUSIONES DEL RESULTADO ELECCIONARIO DEL \u00daLTIMO DOMINGO EN ARGENTINA"},"content":{"rendered":"<div style=\"clear: both;text-align: start\"><span style=\"color: red;font-family: Verdana, sans-serif;font-size: large\"><b>PELIGRA SU LUGAR EN LA REGI\u00d3N Y EL MUNDO<\/b><\/span><\/div>\n<p><span style=\"font-family: Verdana, sans-serif\">En el balotaje se pone en juego el lugar de Argentina en el mundo<\/span><\/p>\n<div style=\"clear: both;text-align: center\"><span style=\"font-family: Verdana, sans-serif;text-align: start\"><br \/><\/span><\/div>\n<div style=\"clear: both;text-align: center\"><a href=\"http:\/\/1.bp.blogspot.com\/-Ca1enT8dXxU\/VjansqqCQvI\/AAAAAAAAHHE\/rKkhbZSL_Mk\/s1600\/emir.jpg\" style=\"margin-left: 1em;margin-right: 1em\"><img loading=\"lazy\" decoding=\"async\" border=\"0\" height=\"181\" src=\"http:\/\/1.bp.blogspot.com\/-Ca1enT8dXxU\/VjansqqCQvI\/AAAAAAAAHHE\/rKkhbZSL_Mk\/s320\/emir.jpg\" width=\"320\" \/><\/a><\/div>\n<div style=\"clear: both;text-align: center\"><\/div>\n<p><span style=\"font-family: Verdana, sans-serif\"><\/p>\n<div style=\"text-align: justify\">[FMR 01\/11\/15] El soci\u00f3logo y catedr\u00e1tico brasile\u00f1o Emir Sader manifest\u00f3 hoy que en la segunda vuelta de las elecciones presidenciales de Argentina \u201cse pone en juego el lugar de ese pa\u00eds en la regi\u00f3n y en el mundo\u201d.<\/div>\n<div style=\"text-align: justify\"><\/div>\n<div style=\"text-align: justify\">\u00abSabemos que Argentina ocup\u00f3 un lugar muy distinto en d\u00e9cadas anteriores y que ese lugar cambi\u00f3 desde la asunci\u00f3n de N\u00e9stor Kirchner. Esto tambi\u00e9n est\u00e1 en juego en el balotaje\u00bb, destac\u00f3 Sader en FM Nacional Rock.<\/div>\n<div style=\"text-align: justify\"><\/div>\n<div style=\"text-align: justify\">Asimismo, asegur\u00f3 que si Macri gana le dar\u00eda \u201cnuevas esperanzas a la derecha en el orden regional\u201d.<\/div>\n<div style=\"text-align: justify\"><a name='more'><\/a><\/div>\n<div style=\"text-align: justify\">\u201cUn gobierno de Macri le bajar\u00eda el perfil a las relaciones con el Mercosur. Creo que las relaciones con Brasil no tendr\u00edan el car\u00e1cter consensual que poseen en la actualidad\u201d, se\u00f1al\u00f3.  Explic\u00f3 que Argentina es una referencia en Brasil para la derecha y para la izquierda. Una victoria de Macri le dar\u00eda aire a los sectores dominantes, que esperan un triunfo electoral desde hace tiempo, agreg\u00f3.<\/div>\n<div style=\"text-align: justify\"><\/div>\n<div style=\"text-align: justify\">\u201cUn gobierno de Macri le bajar\u00eda el perfil a las relaciones con el Mercosur. Creo que las relaciones con Brasil no tendr\u00edan el car\u00e1cter consensual que poseen en la actualidad\u201d, se\u00f1al\u00f3.<\/div>\n<div style=\"text-align: justify\"><\/div>\n<div style=\"text-align: justify\">Explic\u00f3 que Argentina es una referencia en Brasil para la derecha y para la izquierda. Una victoria de Macri le dar\u00eda aire a los sectores dominantes, que esperan un triunfo electoral desde hace tiempo, agreg\u00f3.<\/div>\n<div style=\"text-align: justify\"><\/div>\n<div style=\"text-align: justify\"><span style=\"color: blue\">Telesur<\/span><\/div>\n<p><\/span><\/p>\n<div>\n<pre style=\"border: 0px;padding: 0px;vertical-align: baseline\"><div style=\"text-align: justify\"><br \/>Para Emir Sader \u201cuna victoria de Macri le dar\u00eda aire a los sectores dominantes\u201d.<\/div><br \/>El soci\u00f3logo y catedr\u00e1tico brasile\u00f1o Emir Sader manifest\u00f3 este domingo que en la segunda vuelta de las elecciones presidenciales de Argentina \u201cse pone en juego el lugar de ese pa\u00eds en la regi\u00f3n y en el mundo\u201d.<br \/><br \/>\"Sabemos que Argentina ocup\u00f3 un lugar muy distinto en d\u00e9cadas anteriores y que ese lugar cambi\u00f3 desde la asunci\u00f3n de N\u00e9stor Kirchner. Esto tambi\u00e9n est\u00e1 en juego en el balotaje\", destac\u00f3 Sader en FM Nacional Rock.<br \/><br \/>Asimismo, asegur\u00f3 que si Macri gana le dar\u00eda \u201cnuevas esperanzas a la derecha en el orden regional\u201d.<br \/><br \/> Este contenido ha sido publicado originalmente por teleSUR bajo la siguiente direcci\u00f3n: <br \/> <a href=\"http:\/\/www.telesurtv.net\/news\/En-el-balotaje-se-pone-en-juego-el-lugar-de-Argentina-en-el-mundo-20151101-0028.html\" style=\"margin: 0px;padding: 0px;text-decoration: none\">http:\/\/www.telesurtv.net\/news\/En-el-balotaje-se-pone-en-juego-el-lugar-de-Argentina-en-el-mundo-20151101-0028.html<\/a>. Si piensa hacer uso del mismo, por favor, cite la fuente y coloque un enlace hacia la nota original de donde usted ha tomado este contenido. www.teleSURtv.net<\/pre>\n<pre style=\"border: 0px;padding: 0px;vertical-align: baseline\">En el balotaje se pone en juego el lugar de Argentina en el mundo<br \/><br \/> Este contenido ha sido publicado originalmente por teleSUR bajo la siguiente direcci\u00f3n: <\/pre>\n<pre style=\"border: 0px;padding: 0px;vertical-align: baseline\"> <a href=\"http:\/\/www.telesurtv.net\/news\/En-el-balotaje-se-pone-en-juego-el-lugar-de-Argentina-en-el-mundo-20151101-0028.html\" style=\"margin: 0px;padding: 0px;text-decoration: none\">http:\/\/www.telesurtv.net\/news\/En-el-balotaje-se-pone-en-juego-el-lugar-de-Argentina-en-el-mundo-20151101-0028.html<\/a>. Si piensa hacer uso del mismo, por favor, cite la fuente y coloque un enlace hacia la nota original de donde usted ha tomado este contenido. www.teleSURtv.netEn el balotaje se pone en juego el lugar de Argentina en el mundo<br \/><br \/> Este contenido ha sido publicado originalmente por teleSUR bajo la siguiente direcci\u00f3n: <br \/> <a href=\"http:\/\/www.telesurtv.net\/news\/En-el-balotaje-se-pone-en-juego-el-lugar-de-Argentina-en-el-mundo-20151101-0028.html\" style=\"margin: 0px;padding: 0px;text-decoration: none\">http:\/\/www.telesurtv.net\/news\/En-el-balotaje-se-pone-en-juego-el-lugar-de-Argentina-en-el-mundo-20151101-0028.html<\/a>. Si piensa hacer uso del mismo, por favor, cite la fuente y coloque un enlace hacia la nota original de donde usted ha tomado este contenido. www.teleSURtv.net<\/pre>\n<\/div>\n","protected":false},"excerpt":{"rendered":"<p>PELIGRA SU LUGAR EN LA REGI\u00d3N Y EL MUNDO En el balotaje se pone en juego el lugar de Argentina en el mundo [FMR 01\/11\/15] El soci\u00f3logo y catedr\u00e1tico brasile\u00f1o Emir Sader manifest\u00f3 hoy que en la segunda vuelta de las elecciones presidenciales de Argentina \u201cse pone en juego el lugar de ese pa\u00eds en [&hellip;]<\/p>\n","protected":false},"author":4,"featured_media":0,"comment_status":"open","ping_status":"open","sticky":false,"template":"","format":"standard","meta":{"_monsterinsights_skip_tracking":false,"_monsterinsights_sitenote_active":false,"_monsterinsights_sitenote_note":"","_monsterinsights_sitenote_category":0,"jnews-multi-image_gallery":[],"jnews_single_post":[],"jnews_primary_category":[],"_joinchat":[],"footnotes":""},"categories":[1],"tags":[],"class_list":["post-1632","post","type-post","status-publish","format-standard","hentry","category-habitat"],"_links":{"self":[{"href":"http:\/\/fmriachuelo.it10.com.ar\/index.php\/wp-json\/wp\/v2\/posts\/1632","targetHints":{"allow":["GET"]}}],"collection":[{"href":"http:\/\/fmriachuelo.it10.com.ar\/index.php\/wp-json\/wp\/v2\/posts"}],"about":[{"href":"http:\/\/fmriachuelo.it10.com.ar\/index.php\/wp-json\/wp\/v2\/types\/post"}],"author":[{"embeddable":true,"href":"http:\/\/fmriachuelo.it10.com.ar\/index.php\/wp-json\/wp\/v2\/users\/4"}],"replies":[{"embeddable":true,"href":"http:\/\/fmriachuelo.it10.com.ar\/index.php\/wp-json\/wp\/v2\/comments?post=1632"}],"version-history":[{"count":0,"href":"http:\/\/fmriachuelo.it10.com.ar\/index.php\/wp-json\/wp\/v2\/posts\/1632\/revisions"}],"wp:attachment":[{"href":"http:\/\/fmriachuelo.it10.com.ar\/index.php\/wp-json\/wp\/v2\/media?parent=1632"}],"wp:term":[{"taxonomy":"category","embeddable":true,"href":"http:\/\/fmriachuelo.it10.com.ar\/index.php\/wp-json\/wp\/v2\/categories?post=1632"},{"taxonomy":"post_tag","embeddable":true,"href":"http:\/\/fmriachuelo.it10.com.ar\/index.php\/wp-json\/wp\/v2\/tags?post=1632"}],"curies":[{"name":"wp","href":"https:\/\/api.w.org\/{rel}","templated":true}]}}