{"id":163,"date":"2015-08-06T01:31:00","date_gmt":"2015-08-06T01:31:00","guid":{"rendered":"http:\/\/fmriachuelo.observatorioess.org.ar\/index.php\/2015\/08\/06\/solidaridad-con-los-cartoneros-en-salta\/"},"modified":"2025-05-06T13:08:40","modified_gmt":"2025-05-06T16:08:40","slug":"solidaridad-con-los-cartoneros-en-salta","status":"publish","type":"post","link":"http:\/\/fmriachuelo.it10.com.ar\/index.php\/2015\/08\/06\/solidaridad-con-los-cartoneros-en-salta\/","title":{"rendered":"SOLIDARIDAD CON  LOS CARTONEROS EN SALTA"},"content":{"rendered":"<div style=\"text-align: left\"><span style=\"color: red;font-family: Verdana, sans-serif;font-size: large\"><strong>CONTRA LA REPRESI\u00d3N&nbsp;DE LOS SECTORES POPULARES<\/strong><\/span><\/div>\n<div style=\"text-align: justify\"><span style=\"font-family: Verdana, sans-serif\">REPRODUCIMOS<\/span><br \/><a href=\"http:\/\/4.bp.blogspot.com\/-o14UdGUlOyg\/VcK4RHbcjVI\/AAAAAAAAFzw\/FDi-IUZhO8g\/s1600\/mte.png\" style=\"clear: left;float: left;margin-bottom: 1em;margin-right: 1em;text-align: left\"><img loading=\"lazy\" decoding=\"async\" border=\"0\" height=\"106\" src=\"http:\/\/4.bp.blogspot.com\/-o14UdGUlOyg\/VcK4RHbcjVI\/AAAAAAAAFzw\/FDi-IUZhO8g\/s200\/mte.png\" width=\"200\" \/><\/a><span style=\"font-family: Verdana, sans-serif\"><b>Comunicado de Prensa<\/b>Repudiamos la represi\u00f3n que tuvo lugar esta ma\u00f1ana en la provincia de Salta contra los trabajadores cartoneros que se manifestaban por mejorar sus condiciones de trabajo.<br \/>Nos solidarizamos con el Movimiento de Trabajadores Excluidos en su justo reclamo por condiciones dignas y humanas de trabajo. Rechazamos la forma anacr\u00f3nica y despreporcionada en que el gobierno provincial de Juan Manuel Urtubey y el gobierno municipal de Salta respondieron a esta situaci\u00f3n.<br \/>Exigimos la inmediata libertad de los compa\u00f1eros detenidos y que se busquen salidas al conflicto consensuadas entre los trabajadores cartoneros y los gobiernos provincial y municipal.<br \/>Nos ponemos a disposici\u00f3n de lo que los compa\u00f1eros del MTE definan como plan de lucha.<br \/><em><strong>Lito Borello<br \/>Coordinador Nacional OSyP Los Pibes<\/strong><\/em><\/span><\/div>\n","protected":false},"excerpt":{"rendered":"<p>CONTRA LA REPRESI\u00d3N&nbsp;DE LOS SECTORES POPULARES REPRODUCIMOSComunicado de PrensaRepudiamos la represi\u00f3n que tuvo lugar esta ma\u00f1ana en la provincia de Salta contra los trabajadores cartoneros que se manifestaban por mejorar sus condiciones de trabajo.Nos solidarizamos con el Movimiento de Trabajadores Excluidos en su justo reclamo por condiciones dignas y humanas de trabajo. Rechazamos la forma [&hellip;]<\/p>\n","protected":false},"author":4,"featured_media":0,"comment_status":"open","ping_status":"open","sticky":false,"template":"","format":"standard","meta":{"_monsterinsights_skip_tracking":false,"_monsterinsights_sitenote_active":false,"_monsterinsights_sitenote_note":"","_monsterinsights_sitenote_category":0,"jnews-multi-image_gallery":[],"jnews_single_post":{"format":"standard"},"jnews_primary_category":[],"_joinchat":[],"footnotes":""},"categories":[58],"tags":[122,64,89],"class_list":["post-163","post","type-post","status-publish","format-standard","hentry","category-noticiariachuelo","tag-derecho-a-la-protesta-social","tag-economia-popular","tag-violencia-institucional"],"_links":{"self":[{"href":"http:\/\/fmriachuelo.it10.com.ar\/index.php\/wp-json\/wp\/v2\/posts\/163","targetHints":{"allow":["GET"]}}],"collection":[{"href":"http:\/\/fmriachuelo.it10.com.ar\/index.php\/wp-json\/wp\/v2\/posts"}],"about":[{"href":"http:\/\/fmriachuelo.it10.com.ar\/index.php\/wp-json\/wp\/v2\/types\/post"}],"author":[{"embeddable":true,"href":"http:\/\/fmriachuelo.it10.com.ar\/index.php\/wp-json\/wp\/v2\/users\/4"}],"replies":[{"embeddable":true,"href":"http:\/\/fmriachuelo.it10.com.ar\/index.php\/wp-json\/wp\/v2\/comments?post=163"}],"version-history":[{"count":1,"href":"http:\/\/fmriachuelo.it10.com.ar\/index.php\/wp-json\/wp\/v2\/posts\/163\/revisions"}],"predecessor-version":[{"id":23880,"href":"http:\/\/fmriachuelo.it10.com.ar\/index.php\/wp-json\/wp\/v2\/posts\/163\/revisions\/23880"}],"wp:attachment":[{"href":"http:\/\/fmriachuelo.it10.com.ar\/index.php\/wp-json\/wp\/v2\/media?parent=163"}],"wp:term":[{"taxonomy":"category","embeddable":true,"href":"http:\/\/fmriachuelo.it10.com.ar\/index.php\/wp-json\/wp\/v2\/categories?post=163"},{"taxonomy":"post_tag","embeddable":true,"href":"http:\/\/fmriachuelo.it10.com.ar\/index.php\/wp-json\/wp\/v2\/tags?post=163"}],"curies":[{"name":"wp","href":"https:\/\/api.w.org\/{rel}","templated":true}]}}