{"id":1629,"date":"2015-11-03T15:42:00","date_gmt":"2015-11-03T15:42:00","guid":{"rendered":"http:\/\/fmriachuelo.observatorioess.org.ar\/index.php\/2015\/11\/03\/repercusiones-del-resultado-de-las-ultimas-elecciones-presidenciales\/"},"modified":"2015-11-03T15:42:00","modified_gmt":"2015-11-03T15:42:00","slug":"repercusiones-del-resultado-de-las-ultimas-elecciones-presidenciales","status":"publish","type":"post","link":"http:\/\/fmriachuelo.it10.com.ar\/index.php\/2015\/11\/03\/repercusiones-del-resultado-de-las-ultimas-elecciones-presidenciales\/","title":{"rendered":"REPERCUSIONES DEL RESULTADO DE LAS \u00daLTIMAS ELECCIONES PRESIDENCIALES"},"content":{"rendered":"<p><span style=\"color: red;font-family: Verdana, sans-serif;font-size: large\"><b>NO DEJAR AVANZAR A MACRI<\/b><\/span><br \/><b><span style=\"color: blue\"><span style=\"font-size: large\"><span><a href=\"http:\/\/www.bocaespueblo.com.ar\/por-la-unidad-del-campo-popular\/\">POR LA UNIDAD DEL CAMPO POPULAR<\/a><\/span><\/span><\/span><\/b><br \/><b><span style=\"color: blue\"><span style=\"font-size: large\"><br \/><\/span><\/span><\/b><\/p>\n<div style=\"clear: both;text-align: center\"><a href=\"http:\/\/1.bp.blogspot.com\/-jEym9NNvzkE\/VjeDf6ofIUI\/AAAAAAAAHHo\/30tUy_6G3aY\/s1600\/boca%2Bes%2Bpueblo.png\" style=\"margin-left: 1em;margin-right: 1em\"><img loading=\"lazy\" decoding=\"async\" border=\"0\" height=\"92\" src=\"http:\/\/1.bp.blogspot.com\/-jEym9NNvzkE\/VjeDf6ofIUI\/AAAAAAAAHHo\/30tUy_6G3aY\/s320\/boca%2Bes%2Bpueblo.png\" width=\"320\" \/><\/a><\/div>\n<p><\/p>\n<header>\n<div><\/p>\n<div style=\"text-align: justify\"><span style=\"font-family: Verdana, sans-serif\">[FMR 02\/11\/15]Ayer en el programa <span style=\"color: red\">Mateando en el Riachuelo<\/span> (L a V 10 a 12 hs.) hablamos con Mat\u00edas, referente de la organizaci\u00f3n <span style=\"color: blue\">Boca es Pueblo<\/span>, que nos expresaba su preocupaci\u00f3n frente al resultado de las elecciones presidenciales. Hizo un llamamiento a redoblar los esfuerzos del campo popular para frenar el avance de la oligarqu\u00eda m\u00e1s rancia de la Argentina, que nos va a perjudicar. Convoc\u00f3 a seguir el ejemplo de los militantes de Trelew, dejar de lado las peque\u00f1as diferencias para unirnos contra un enemigo mayor que tenemos en los barrios, los hospitales, las escuelas, en. los clubes populares. La consigna es <b>No dejar avanzar a Macri<\/b>. A continuaci\u00f3n pod\u00e9s escuchar el testimonio completo<b><span style=\"color: #351c75\">&nbsp;<a href=\"http:\/\/www.mediafire.com\/listen\/paa3ivn6o158pkr\/11-02-2015_-_MATIAS%2C_BOCA_ES_PUEBLO_-_POSICIONAMIENTO_POLITICO_EN_MATEANDO_EN_EL_RIACHUELO.mp3\" target=\"_blank\" rel=\"noopener\">AQU\u00cd<\/a><\/span><\/b><\/span><\/div>\n<div style=\"text-align: justify\"><span style=\"font-family: Verdana, sans-serif\"><br \/><\/span><\/div>\n<p><span>[27 octubre, 2015 por Boca Es Pueblo]<br \/> Queremos hacer una reflexi\u00f3n despu\u00e9s de lo ocurrido el d\u00eda de ayer en las elecciones, donde se dio un avance enorme del espacio pol\u00edtico m\u00e1s antipopular del pa\u00eds, que viene profundizando la exclusi\u00f3n y la desigualdad desde hace varios a\u00f1os tanto en Boca Juniors como en la CABA. <\/p>\n<p>Con una campa\u00f1a vac\u00eda y despolitizada sumado al apoyo de las derechas latinoamericanas, los sectores m\u00e1s conservadores del pa\u00eds y con el financiamiento de grandes grupos empresarios, el PRO ha ganado la gobernaci\u00f3n de la provincia de mayor cantidad de habitantes de Argentina, y algunas intendencias. <br \/> <\/span><br \/><a name='more'><\/a><span><br \/>Consideramos que esto es un retroceso enorme para el pueblo argentino. Y por eso levantamos m\u00e1s que nunca la bandera de los H\u00e9roes de Trelew, es decir la bandera de la unidad de los que luchan y llamamos a todas las organizaciones del campo popular a pegar con un solo pu\u00f1o contra las pol\u00edticas elitistas y excluyentes del PRO, organizados en las calles y saliendo nosotros mismos a defender nuestros derechos. <\/p>\n<p>Utilicemos la rabia que nos genera ver en el poder a la oligarqu\u00eda m\u00e1s rancia del pa\u00eds para redoblar esfuerzos los que militamos, empezar a hacerlo los que todav\u00eda no lo hacen y a dejar las peque\u00f1as diferencias de lado para construir la patria de los humildes. <\/p>\n<p>HASTA LA VICTORIA, SIEMPRE PATRIA O MUERTE.<\/span><\/div>\n<\/header>\n","protected":false},"excerpt":{"rendered":"<p>NO DEJAR AVANZAR A MACRIPOR LA UNIDAD DEL CAMPO POPULAR [FMR 02\/11\/15]Ayer en el programa Mateando en el Riachuelo (L a V 10 a 12 hs.) hablamos con Mat\u00edas, referente de la organizaci\u00f3n Boca es Pueblo, que nos expresaba su preocupaci\u00f3n frente al resultado de las elecciones presidenciales. Hizo un llamamiento a redoblar los esfuerzos [&hellip;]<\/p>\n","protected":false},"author":4,"featured_media":0,"comment_status":"open","ping_status":"open","sticky":false,"template":"","format":"standard","meta":{"_monsterinsights_skip_tracking":false,"_monsterinsights_sitenote_active":false,"_monsterinsights_sitenote_note":"","_monsterinsights_sitenote_category":0,"jnews-multi-image_gallery":[],"jnews_single_post":[],"jnews_primary_category":[],"_joinchat":[],"footnotes":""},"categories":[1],"tags":[],"class_list":["post-1629","post","type-post","status-publish","format-standard","hentry","category-habitat"],"_links":{"self":[{"href":"http:\/\/fmriachuelo.it10.com.ar\/index.php\/wp-json\/wp\/v2\/posts\/1629","targetHints":{"allow":["GET"]}}],"collection":[{"href":"http:\/\/fmriachuelo.it10.com.ar\/index.php\/wp-json\/wp\/v2\/posts"}],"about":[{"href":"http:\/\/fmriachuelo.it10.com.ar\/index.php\/wp-json\/wp\/v2\/types\/post"}],"author":[{"embeddable":true,"href":"http:\/\/fmriachuelo.it10.com.ar\/index.php\/wp-json\/wp\/v2\/users\/4"}],"replies":[{"embeddable":true,"href":"http:\/\/fmriachuelo.it10.com.ar\/index.php\/wp-json\/wp\/v2\/comments?post=1629"}],"version-history":[{"count":0,"href":"http:\/\/fmriachuelo.it10.com.ar\/index.php\/wp-json\/wp\/v2\/posts\/1629\/revisions"}],"wp:attachment":[{"href":"http:\/\/fmriachuelo.it10.com.ar\/index.php\/wp-json\/wp\/v2\/media?parent=1629"}],"wp:term":[{"taxonomy":"category","embeddable":true,"href":"http:\/\/fmriachuelo.it10.com.ar\/index.php\/wp-json\/wp\/v2\/categories?post=1629"},{"taxonomy":"post_tag","embeddable":true,"href":"http:\/\/fmriachuelo.it10.com.ar\/index.php\/wp-json\/wp\/v2\/tags?post=1629"}],"curies":[{"name":"wp","href":"https:\/\/api.w.org\/{rel}","templated":true}]}}