{"id":1628,"date":"2015-11-03T16:00:00","date_gmt":"2015-11-03T16:00:00","guid":{"rendered":"http:\/\/fmriachuelo.observatorioess.org.ar\/index.php\/2015\/11\/03\/venezuela-perspectivas-frente-a-las-proximas-elecciones-del-6-de-diciembre\/"},"modified":"2015-11-03T16:00:00","modified_gmt":"2015-11-03T16:00:00","slug":"venezuela-perspectivas-frente-a-las-proximas-elecciones-del-6-de-diciembre","status":"publish","type":"post","link":"http:\/\/fmriachuelo.it10.com.ar\/index.php\/2015\/11\/03\/venezuela-perspectivas-frente-a-las-proximas-elecciones-del-6-de-diciembre\/","title":{"rendered":"VENEZUELA: PERSPECTIVAS FRENTE A LAS PROXIMAS ELECCIONES DEL 6 DE DICIEMBRE"},"content":{"rendered":"<div><span><b>FORTALEZA INQUEBRANTABLE<\/b><\/span><\/div>\n<p><span>Maduro: Ni mil generales de EEUU podr\u00e1n con la patria de Bol\u00edvar<\/span><\/p>\n<div><a href=\"http:\/\/2.bp.blogspot.com\/-QgCjW2Fe5Z0\/VjjfWifSVOI\/AAAAAAAAHIQ\/YMKBK2jlQiU\/s1600\/maduro_kelly-620x400.jpg\" style=\"clear: left;float: left;margin-bottom: 1em;margin-right: 1em\"><img loading=\"lazy\" decoding=\"async\" border=\"0\" height=\"206\" src=\"http:\/\/2.bp.blogspot.com\/-QgCjW2Fe5Z0\/VjjfWifSVOI\/AAAAAAAAHIQ\/YMKBK2jlQiU\/s320\/maduro_kelly-620x400.jpg\" width=\"320\" \/><\/a><br \/><span><\/span><\/p>\n<div style=\"text-align: justify\"><span>[Resumen Latinoamericano\/HispanTv \u2013 1 de noviembre de 2015] El presidente de Venezuela, Nicol\u00e1s Maduro, asegur\u00f3 el s\u00e1bado que ni mil generales estadounidenses podr\u00e1n vulnerar la soberan\u00eda ni quebrantar la fortaleza de la naci\u00f3n bolivariana.<\/span><\/div>\n<p><span><\/p>\n<div style=\"text-align: justify\">Prevalecer\u00e1 la patria grande, si en el camino hay un bache, un problema, est\u00e1 bien, tranquilos que al final gana la patria. (\u2026) No podr\u00e1n, ni un general Kelly, ni mil generales Kelly, no podr\u00e1n con la patria de Bol\u00edvar\u201d, afirm\u00f3 el presidente de Venezuela, Nicol\u00e1s Maduro<\/div>\n<div style=\"text-align: justify\"><a name='more'><\/a>El presidente venezolano hizo referencia a las recientes declaraciones del jefe del Comando Sur de Estados Unidos, el general John Kelly, quien recalc\u00f3 que si les piden intervenir en este latinoamericano lo har\u00e1n.<\/div>\n<div style=\"text-align: justify\">\u201cEl general Kelly se cree el proc\u00f3nsul de estas tierras\u201d, critic\u00f3 Maduro mientras acus\u00f3 al Pent\u00e1gono y el Comando Sur de reactivar toda su conspiraci\u00f3n contra la Revoluci\u00f3n Bolivariana y contra las elecciones legislativas, que se celebrar\u00e1n el pr\u00f3ximo 6 de diciembre.<\/div>\n<div style=\"text-align: justify\">Aludiendo al d\u00e9cimo aniversario de la derrota del \u00c1rea de Libre Comercio de las Am\u00e9ricas (ALCA), argument\u00f3 que hace \u201cdiez a\u00f1os que nuestro continente tom\u00f3 su camino, ahora pretende el Comando Sur arrebatarnos toda la independencia construido\u201d.<\/div>\n<div style=\"text-align: justify\">ALCA se trata de una iniciativa de EE.UU. para penetrar las econom\u00edas latinoamericanas mediante la comercializaci\u00f3n de todos sus productos en paralelo a la total eliminaci\u00f3n de impuestos y restricciones nacionales.<\/div>\n<div style=\"text-align: justify\">De igual modo, lament\u00f3 que la Casa Blanca haya retomado la agresi\u00f3n contra esta naci\u00f3n sudamericana.<\/div>\n<div style=\"text-align: justify\">Ustedes saben todo, prosigui\u00f3, lo que he hecho yo para tener relaciones de respeto, normales, de conversaci\u00f3n con el presidente norteamericano, Barack Obama.<\/div>\n<div style=\"text-align: justify\">Asimismo, record\u00f3 el decreto firmado por Obama en marzo de 2015 que consideraba a Caracas como \u201camenaza\u201d y sancionaba a siete funcionarios del Gobierno venezolano por supuestos abusos de derechos humanos. \u201cVenezuela va a presentar una demanda en los propios Estados Unidos por ilegalidad internacional del decreto\u201d, agreg\u00f3.<\/div>\n<div style=\"text-align: justify\">Caracas en varias ocasiones ha denunciado las intromisiones de Washington en sus asuntos internos, as\u00ed como <a href=\"https:\/\/www.youtube.com\/watch?v=5qBUs4REY5A\">el apoyo a la derecha venezolana<\/a>.<\/div>\n<div style=\"text-align: justify\"><a href=\"http:\/\/www.hispantv.com\/newsdetail\/Venezuela\/51807\/Venezuela-rechaza-injerencias-de-EEUU-en-comicios-legislativos\">Las injerencias de Washington<\/a>, seg\u00fan afirman las autoridades venezolanas, han aumentado de cara a los mencionados comicios parlamentarios y Caracas cree que todo se trata de un intento de la Casa Blanca de incitar a la violencia en Venezuela y socavar las elecciones.<\/div>\n<p><\/span><\/div>\n","protected":false},"excerpt":{"rendered":"<p>FORTALEZA INQUEBRANTABLE Maduro: Ni mil generales de EEUU podr\u00e1n con la patria de Bol\u00edvar [Resumen Latinoamericano\/HispanTv \u2013 1 de noviembre de 2015] El presidente de Venezuela, Nicol\u00e1s Maduro, asegur\u00f3 el s\u00e1bado que ni mil generales estadounidenses podr\u00e1n vulnerar la soberan\u00eda ni quebrantar la fortaleza de la naci\u00f3n bolivariana. Prevalecer\u00e1 la patria grande, si en el [&hellip;]<\/p>\n","protected":false},"author":4,"featured_media":0,"comment_status":"open","ping_status":"open","sticky":false,"template":"","format":"standard","meta":{"_monsterinsights_skip_tracking":false,"_monsterinsights_sitenote_active":false,"_monsterinsights_sitenote_note":"","_monsterinsights_sitenote_category":0,"jnews-multi-image_gallery":[],"jnews_single_post":[],"jnews_primary_category":[],"_joinchat":[],"footnotes":""},"categories":[1],"tags":[],"class_list":["post-1628","post","type-post","status-publish","format-standard","hentry","category-habitat"],"_links":{"self":[{"href":"http:\/\/fmriachuelo.it10.com.ar\/index.php\/wp-json\/wp\/v2\/posts\/1628","targetHints":{"allow":["GET"]}}],"collection":[{"href":"http:\/\/fmriachuelo.it10.com.ar\/index.php\/wp-json\/wp\/v2\/posts"}],"about":[{"href":"http:\/\/fmriachuelo.it10.com.ar\/index.php\/wp-json\/wp\/v2\/types\/post"}],"author":[{"embeddable":true,"href":"http:\/\/fmriachuelo.it10.com.ar\/index.php\/wp-json\/wp\/v2\/users\/4"}],"replies":[{"embeddable":true,"href":"http:\/\/fmriachuelo.it10.com.ar\/index.php\/wp-json\/wp\/v2\/comments?post=1628"}],"version-history":[{"count":0,"href":"http:\/\/fmriachuelo.it10.com.ar\/index.php\/wp-json\/wp\/v2\/posts\/1628\/revisions"}],"wp:attachment":[{"href":"http:\/\/fmriachuelo.it10.com.ar\/index.php\/wp-json\/wp\/v2\/media?parent=1628"}],"wp:term":[{"taxonomy":"category","embeddable":true,"href":"http:\/\/fmriachuelo.it10.com.ar\/index.php\/wp-json\/wp\/v2\/categories?post=1628"},{"taxonomy":"post_tag","embeddable":true,"href":"http:\/\/fmriachuelo.it10.com.ar\/index.php\/wp-json\/wp\/v2\/tags?post=1628"}],"curies":[{"name":"wp","href":"https:\/\/api.w.org\/{rel}","templated":true}]}}