{"id":1627,"date":"2015-11-04T08:00:00","date_gmt":"2015-11-04T08:00:00","guid":{"rendered":"http:\/\/fmriachuelo.observatorioess.org.ar\/index.php\/2015\/11\/04\/caba-conferencia-de-prensa-de-la-asociacion-de-trabajadores-del-centro-de-salud-mental-no-3-dr-a-ameghino\/"},"modified":"2015-11-04T08:00:00","modified_gmt":"2015-11-04T08:00:00","slug":"caba-conferencia-de-prensa-de-la-asociacion-de-trabajadores-del-centro-de-salud-mental-no-3-dr-a-ameghino","status":"publish","type":"post","link":"http:\/\/fmriachuelo.it10.com.ar\/index.php\/2015\/11\/04\/caba-conferencia-de-prensa-de-la-asociacion-de-trabajadores-del-centro-de-salud-mental-no-3-dr-a-ameghino\/","title":{"rendered":"CABA: CONFERENCIA DE PRENSA DE LA ASOCIACI\u00d3N DE TRABAJADORES DEL CENTRO DE SALUD MENTAL N\u00ba 3 DR. A. AMEGHINO"},"content":{"rendered":"<p><span><b>LAS POL\u00cdTICAS &nbsp;DEL GOBIERNO DE LA CIUDAD<\/b><\/span><br \/><a href=\"http:\/\/2.bp.blogspot.com\/-o51OFCRuyM0\/VjlsNzzb8uI\/AAAAAAAAHIg\/D2-0Ldu6aJY\/s1600\/ameghino.jpg\" style=\"clear: left;float: left;margin-bottom: 1em;margin-right: 1em\"><img loading=\"lazy\" decoding=\"async\" border=\"0\" height=\"320\" src=\"http:\/\/2.bp.blogspot.com\/-o51OFCRuyM0\/VjlsNzzb8uI\/AAAAAAAAHIg\/D2-0Ldu6aJY\/s320\/ameghino.jpg\" width=\"240\" \/><\/a><br \/><span><\/span><\/p>\n<div style=\"text-align: justify\"><span>[FMR 03\/11\/15]Los usuarios de los servicios de salud del Centro de Salud Mental, se hallan en total estado de indefensi\u00f3n frente a las pol\u00edticas de ajuste de la salud mental en la Ciudad de Buenos Aires, mientras que al mismo tiempo los trabajadores son maltratados y patoteados por denunciar las irregularidades.&nbsp;<\/span><\/div>\n<p><span><\/p>\n<div style=\"text-align: justify\">LOS TRABAJADORES DEL CENTRO DE SALUD MENTAL AMEGHINO:<\/div>\n<div style=\"text-align: justify\">DENUNCIAREMOS LA INADMISIBLE ACCI\u00d3N AGRESIVA E INTIMIDATORIA DEL DR. ANDY BLAKE (COORDINADOR DE REDES DE S.M) HACIA LA PRESIDENTA DE LA ASOCIACI\u00d3N DE PROFESIONALES OCURRIDA EL 21\/10 PASADO. D\u00cdA EN EL QUE UN CONJUNTO DE PROFESIONALES DE PLANTA, BECARIOS AD-HONOREM Y CONCURRENTES SE DIRIGI\u00d3 A LA DIR. GRAL. DE S.M. EN EJERCICIO DEL LEG\u00cdTIMO DERECHO CONSTITUCIONAL A PETICIONAR :<\/div>\n<div style=\"text-align: justify\"><a name='more'><\/a>* POR LOS CONCURSOS (SUSPENDIDOS) PARA CUBRIR 3 CARGOS DE PSIC\u00d3LOGOS.<\/div>\n<div style=\"text-align: justify\">* POR LOS 8 CARGOS ORIGINADOS EN NUESTRO CENTRO Y RETENIDOS HACE MESES Y SIN EXPLICACIONES POR LA DIR. GRAL. DE SALUD MENTAL<\/div>\n<div style=\"text-align: justify\">ESTO AGRAVA A\u00daN M\u00c1S LA REDUCCI\u00d3N, A CASI LA MITAD, DE LOS PROFESIONALES DEL CENTRO, AFECTANDO EL DESEMPE\u00d1O DE EQUIPOS ALTAMENTE CAPACITADOS, CON LA CONSECUENTE DIFICULTAD PARA ATENDER LA DEMANDA DE LA POBLACI\u00d3N M\u00c1S VULNERABLE.<\/div>\n<div style=\"text-align: justify\">QUEREMOS CONTINUAR TRABAJANDO CON UN ABORDAJE INTERDISCIPLINARIO Y RESPETO A LA SINGULARIDAD DEL PADECIMIENTO PS\u00cdQUICO DE QUIENES CONSULTAN; TAL COMO MANDAN LAS LEYES 448 Y 26657 DE SALUD MENTAL.<\/div>\n<div style=\"text-align: justify\">PERO LAS POL\u00cdTICAS DEL GOB. DE LA C.A.B.A LO OBSTACULIZAN D\u00cdA A D\u00cdA Y SE IMPONEN MEDIANTE INTIMIDACI\u00d3N Y PATOTERISMO.<\/div>\n<div style=\"text-align: justify\">\u00a1AGREDEN A UNO, AGREDEN A TODOS!<\/div>\n<div style=\"text-align: justify\">POR ESO, ESTE MI\u00c9RCOLES a las 11,15 TODOS A LA CONFERENCIA DE PRENSA!!!!<\/div>\n<div style=\"text-align: justify\">ASOCIACI\u00d3N DE PROFESIONALES DEL CSMN3 DR. A. AMEGHINO<\/div>\n<p><\/span><\/p>\n","protected":false},"excerpt":{"rendered":"<p>LAS POL\u00cdTICAS &nbsp;DEL GOBIERNO DE LA CIUDAD [FMR 03\/11\/15]Los usuarios de los servicios de salud del Centro de Salud Mental, se hallan en total estado de indefensi\u00f3n frente a las pol\u00edticas de ajuste de la salud mental en la Ciudad de Buenos Aires, mientras que al mismo tiempo los trabajadores son maltratados y patoteados por [&hellip;]<\/p>\n","protected":false},"author":4,"featured_media":0,"comment_status":"open","ping_status":"open","sticky":false,"template":"","format":"standard","meta":{"_monsterinsights_skip_tracking":false,"_monsterinsights_sitenote_active":false,"_monsterinsights_sitenote_note":"","_monsterinsights_sitenote_category":0,"jnews-multi-image_gallery":[],"jnews_single_post":[],"jnews_primary_category":[],"_joinchat":[],"footnotes":""},"categories":[1],"tags":[],"class_list":["post-1627","post","type-post","status-publish","format-standard","hentry","category-habitat"],"_links":{"self":[{"href":"http:\/\/fmriachuelo.it10.com.ar\/index.php\/wp-json\/wp\/v2\/posts\/1627","targetHints":{"allow":["GET"]}}],"collection":[{"href":"http:\/\/fmriachuelo.it10.com.ar\/index.php\/wp-json\/wp\/v2\/posts"}],"about":[{"href":"http:\/\/fmriachuelo.it10.com.ar\/index.php\/wp-json\/wp\/v2\/types\/post"}],"author":[{"embeddable":true,"href":"http:\/\/fmriachuelo.it10.com.ar\/index.php\/wp-json\/wp\/v2\/users\/4"}],"replies":[{"embeddable":true,"href":"http:\/\/fmriachuelo.it10.com.ar\/index.php\/wp-json\/wp\/v2\/comments?post=1627"}],"version-history":[{"count":0,"href":"http:\/\/fmriachuelo.it10.com.ar\/index.php\/wp-json\/wp\/v2\/posts\/1627\/revisions"}],"wp:attachment":[{"href":"http:\/\/fmriachuelo.it10.com.ar\/index.php\/wp-json\/wp\/v2\/media?parent=1627"}],"wp:term":[{"taxonomy":"category","embeddable":true,"href":"http:\/\/fmriachuelo.it10.com.ar\/index.php\/wp-json\/wp\/v2\/categories?post=1627"},{"taxonomy":"post_tag","embeddable":true,"href":"http:\/\/fmriachuelo.it10.com.ar\/index.php\/wp-json\/wp\/v2\/tags?post=1627"}],"curies":[{"name":"wp","href":"https:\/\/api.w.org\/{rel}","templated":true}]}}