{"id":1625,"date":"2015-11-05T01:26:00","date_gmt":"2015-11-05T01:26:00","guid":{"rendered":"http:\/\/fmriachuelo.observatorioess.org.ar\/index.php\/2015\/11\/05\/a-10-anos-del-rechazo-del-alca\/"},"modified":"2015-11-05T01:26:00","modified_gmt":"2015-11-05T01:26:00","slug":"a-10-anos-del-rechazo-del-alca","status":"publish","type":"post","link":"http:\/\/fmriachuelo.it10.com.ar\/index.php\/2015\/11\/05\/a-10-anos-del-rechazo-del-alca\/","title":{"rendered":"A 10 A\u00d1OS DEL RECHAZO DEL ALCA"},"content":{"rendered":"<p><span><b>CUANDO AM\u00c9RICA LATINA DIJO NO<\/b>&nbsp;<\/span><\/p>\n<div><a href=\"http:\/\/1.bp.blogspot.com\/-00SQdDWXyoA\/VjqvuOKbsiI\/AAAAAAAAHI8\/J_X-TZJpAuo\/s1600\/expreso-alba2.jpg\" style=\"clear: left;float: left;margin-bottom: 1em;margin-right: 1em\"><img loading=\"lazy\" decoding=\"async\" border=\"0\" height=\"320\" src=\"http:\/\/1.bp.blogspot.com\/-00SQdDWXyoA\/VjqvuOKbsiI\/AAAAAAAAHI8\/J_X-TZJpAuo\/s320\/expreso-alba2.jpg\" width=\"216\" \/><\/a><\/p>\n<div style=\"text-align: justify\"><span>Hace una d\u00e9cada desde todos los rincones de Am\u00e9rica Latina llegaba a Mar del Plata el \u201cexpreso del ALBA\u201d, un tren repleto de ideas revolucionarias y antiimperialistas, tra\u00eddas por los movimientos populares, que junto a tres grandes l\u00edderes: N\u00e9stor Kirchner, Hugo Ch\u00e1vez y Lula da Silva, dieron la batalla y derrotaron al m\u00e1s grande proyecto expansionista de EE.UU. en el siglo XXI: El ALCA.<\/span><\/div>\n<div>\n<pre style=\"border: 0px;padding: 0px;vertical-align: baseline\"> Este contenido ha sido publicado originalmente por teleSUR bajo la siguiente direcci\u00f3n: <br \/> <a href=\"http:\/\/www.telesurtv.net\/news\/EN-FOTOS-Cuando-America-Latina-dijo-NO-al-ALCA-20151104-0037.html\" style=\"margin: 0px;padding: 0px;text-decoration: none\">http:\/\/www.telesurtv.net\/news\/EN-FOTOS-Cuando-America-Latina-dijo-NO-al-ALCA-20151104-0037.html<\/a>. Si piensa hacer uso del mismo, por favor, cite la fuente y coloque un enlace hacia la nota original de donde usted ha tomado este contenido. www.teleSURtv.net<\/pre>\n<\/div>\n<\/div>\n","protected":false},"excerpt":{"rendered":"<p>CUANDO AM\u00c9RICA LATINA DIJO NO&nbsp; Hace una d\u00e9cada desde todos los rincones de Am\u00e9rica Latina llegaba a Mar del Plata el \u201cexpreso del ALBA\u201d, un tren repleto de ideas revolucionarias y antiimperialistas, tra\u00eddas por los movimientos populares, que junto a tres grandes l\u00edderes: N\u00e9stor Kirchner, Hugo Ch\u00e1vez y Lula da Silva, dieron la batalla y [&hellip;]<\/p>\n","protected":false},"author":4,"featured_media":0,"comment_status":"open","ping_status":"open","sticky":false,"template":"","format":"standard","meta":{"_monsterinsights_skip_tracking":false,"_monsterinsights_sitenote_active":false,"_monsterinsights_sitenote_note":"","_monsterinsights_sitenote_category":0,"jnews-multi-image_gallery":[],"jnews_single_post":[],"jnews_primary_category":[],"_joinchat":[],"footnotes":""},"categories":[1],"tags":[],"class_list":["post-1625","post","type-post","status-publish","format-standard","hentry","category-habitat"],"_links":{"self":[{"href":"http:\/\/fmriachuelo.it10.com.ar\/index.php\/wp-json\/wp\/v2\/posts\/1625","targetHints":{"allow":["GET"]}}],"collection":[{"href":"http:\/\/fmriachuelo.it10.com.ar\/index.php\/wp-json\/wp\/v2\/posts"}],"about":[{"href":"http:\/\/fmriachuelo.it10.com.ar\/index.php\/wp-json\/wp\/v2\/types\/post"}],"author":[{"embeddable":true,"href":"http:\/\/fmriachuelo.it10.com.ar\/index.php\/wp-json\/wp\/v2\/users\/4"}],"replies":[{"embeddable":true,"href":"http:\/\/fmriachuelo.it10.com.ar\/index.php\/wp-json\/wp\/v2\/comments?post=1625"}],"version-history":[{"count":0,"href":"http:\/\/fmriachuelo.it10.com.ar\/index.php\/wp-json\/wp\/v2\/posts\/1625\/revisions"}],"wp:attachment":[{"href":"http:\/\/fmriachuelo.it10.com.ar\/index.php\/wp-json\/wp\/v2\/media?parent=1625"}],"wp:term":[{"taxonomy":"category","embeddable":true,"href":"http:\/\/fmriachuelo.it10.com.ar\/index.php\/wp-json\/wp\/v2\/categories?post=1625"},{"taxonomy":"post_tag","embeddable":true,"href":"http:\/\/fmriachuelo.it10.com.ar\/index.php\/wp-json\/wp\/v2\/tags?post=1625"}],"curies":[{"name":"wp","href":"https:\/\/api.w.org\/{rel}","templated":true}]}}