{"id":1624,"date":"2015-11-05T04:59:00","date_gmt":"2015-11-05T04:59:00","guid":{"rendered":"http:\/\/fmriachuelo.observatorioess.org.ar\/index.php\/2015\/11\/05\/por-siempre-no-al-alca\/"},"modified":"2015-11-05T04:59:00","modified_gmt":"2015-11-05T04:59:00","slug":"por-siempre-no-al-alca","status":"publish","type":"post","link":"http:\/\/fmriachuelo.it10.com.ar\/index.php\/2015\/11\/05\/por-siempre-no-al-alca\/","title":{"rendered":"POR SIEMPRE NO AL ALCA"},"content":{"rendered":"<div style=\"color: #222222;font-family: arial, sans-serif;text-align: left\"><span><span>\u200b<\/span><b style=\"background-color: red;color: white;font-family: verdana, sans-serif\">&nbsp;#LA BATALLA DEL 22 SE GANA CON EL PUEBLO EN LA CALLE &nbsp;<\/b><\/span><\/div>\n<div style=\"text-align: center\">\n<div style=\"text-align: left\"><span><b style=\"font-family: arial, sans-serif\"><span>ENCUENTRO DE LA MILITANCIA<\/span><\/b><\/span><\/div>\n<p><span><span><\/span><\/span><\/p>\n<div style=\"text-align: left\"><span><span><b style=\"color: #222222\">10 A\u00d1OS DEL RECHAZO CONJUNTO DE LA REGI\u00d3N<\/b><\/span><\/span><\/div>\n<p><span><span><\/span><span><\/span><\/span><\/p>\n<div style=\"text-align: left\"><span><span><b>A LAS POL\u00cdTICAS DE AVASALLAMIENTO<\/b><\/span><\/span><\/div>\n<p><span><span><b><\/b><\/span><\/span><\/p>\n<div style=\"text-align: left\"><span><span><b><b>DE LOS PUEBLOS DE LA PATRIA GRANDE<\/b><\/b><\/span><\/span><\/div>\n<p><span><span><b><\/b><\/span><\/span><\/div>\n<div style=\"color: #222222;font-family: arial, sans-serif;text-align: left\">\n<div style=\"color: #222222;font-family: arial, sans-serif;text-align: left\"><a href=\"http:\/\/3.bp.blogspot.com\/-Yf7bs-UPULA\/VjroTixU4TI\/AAAAAAAAHJc\/saD9bT1r7qQ\/s1600\/MESA%2BFRENTE.jpg\" style=\"clear: left;float: left;margin-bottom: 1em;margin-right: 1em\"><span><img loading=\"lazy\" decoding=\"async\" border=\"0\" height=\"199\" src=\"http:\/\/3.bp.blogspot.com\/-Yf7bs-UPULA\/VjroTixU4TI\/AAAAAAAAHJc\/saD9bT1r7qQ\/s320\/MESA%2BFRENTE.jpg\" width=\"320\" \/><\/span><\/a><span>ESCUCH\u00c1 AQU\u00cd A:<\/span><\/div>\n<div style=\"color: #222222;font-family: arial, sans-serif;text-align: left\"><span><b>&#8211;&nbsp;<a href=\"http:\/\/mfi.re\/listen\/llh4ynk1cksqk6x\/11-04-2015_-_DAVID_SANTONI%2C_ENPL_-_COMENTARIOS_PREVIOS_AL_DEBATE.mp3\" style=\"color: #1155cc\" target=\"_blank\" rel=\"noopener\">DAVID SANTONI &#8211; ENPL<\/a><\/b><\/span><\/div>\n<div style=\"color: #222222;font-family: arial, sans-serif;text-align: left\"><span><b style=\"color: #1155cc\">&#8211;&nbsp;<a href=\"http:\/\/mfi.re\/listen\/62s02sxk82d2lae\/11-04-2015_-_FERNANDO_ESTECHE%2C_MPR_QUEBRACHO_-_COMENTARIOS_PREVIOS_AL_DEBATE.mp3\" style=\"color: #1155cc\" target=\"_blank\" rel=\"noopener\">FERNANDO ESTECHE &#8211; MPR QUEBRACHO<\/a><\/b><\/span><\/div>\n<div style=\"color: #222222;font-family: arial, sans-serif;text-align: left\"><span><b>&#8211;&nbsp;<a href=\"http:\/\/mfi.re\/listen\/8s5n78ecjkg04hw\/11-04-2015_-_GAUCHO_YAQUET%2C_17_DE_AGOSTO_-_COMENTARIOS_PREVIOS_AL_DEBATE.mp3\" style=\"color: #1155cc\" target=\"_blank\" rel=\"noopener\">GAUCHO YAQUET &#8211; CN 17 DE AGOSTO<\/a><\/b><\/span><\/div>\n<div style=\"color: #222222;font-family: arial, sans-serif;text-align: left\"><span><b>&#8211;&nbsp;<a href=\"http:\/\/mfi.re\/listen\/77ecah0l5l6orro\/11-04-2015_-_LITO_BORELO%2C_OSYP_LOS_PIBES_-_COMENTARIOS_PREVIOS_AL_DEBATE.mp3\" style=\"color: #1155cc\" target=\"_blank\" rel=\"noopener\">LITO BORELLO &#8211; OSyP LOS PIBES<\/a><\/b><\/span><br \/><b style=\"font-family: verdana, sans-serif\"><span>&#8211;&nbsp;<a href=\"http:\/\/mfi.re\/listen\/lppasha9ot1bn1r\/11-04-2015_-_VOCES_DE_LOS_MILITANTES.mp3\" style=\"color: #1155cc\" target=\"_blank\" rel=\"noopener\">LAS VOCES DE LOS MILITANTES<\/a><\/span><\/b><\/div>\n<div style=\"color: #222222;text-align: center\">\n<div style=\"font-family: arial, sans-serif;text-align: left\">\n<div style=\"text-align: center\">\n<div style=\"text-align: justify\"><b style=\"font-family: Verdana, sans-serif\"><span>[FMR Mi\u00e9rcoles 5\/11\/15] A 10 a\u00f1os de ALCA-AL CARAJO del 2005 que reuni\u00f3 a los l\u00edderes de Nuestram\u00e9rica, la regi\u00f3n y en particular nuestro pa\u00eds se enfrenta a una nueva amenaza de ajuste, apropiaci\u00f3n de los recursos, pobreza y exclusi\u00f3n. Hoy nuevamente nuestros pueblos responden en la calle con organizaci\u00f3n y lucha.<\/span><\/b><\/div>\n<div style=\"clear: both;text-align: center\"><\/div>\n<div style=\"clear: both;text-align: center\"><a href=\"http:\/\/4.bp.blogspot.com\/-x5eYEEMHSbs\/VjropaeEwxI\/AAAAAAAAHJs\/eaCPuP3glQs\/s1600\/PUBLICO.jpg\" style=\"clear: left;float: left;margin-bottom: 1em;margin-right: 1em\"><span><img loading=\"lazy\" decoding=\"async\" border=\"0\" height=\"192\" src=\"http:\/\/4.bp.blogspot.com\/-x5eYEEMHSbs\/VjropaeEwxI\/AAAAAAAAHJs\/eaCPuP3glQs\/s320\/PUBLICO.jpg\" width=\"320\" \/><\/span><\/a><\/div>\n<p><a href=\"http:\/\/4.bp.blogspot.com\/-TnKp7MzLrHk\/VjrohCIx0VI\/AAAAAAAAHJk\/a1Tm8mkvfUM\/s1600\/PUBLICO%2B2.jpg\" style=\"clear: left;float: left;margin-bottom: 1em;margin-right: 1em\"><span><img loading=\"lazy\" decoding=\"async\" border=\"0\" height=\"186\" src=\"http:\/\/4.bp.blogspot.com\/-TnKp7MzLrHk\/VjrohCIx0VI\/AAAAAAAAHJk\/a1Tm8mkvfUM\/s320\/PUBLICO%2B2.jpg\" width=\"320\" \/><\/span><\/a><\/p>\n<div style=\"color: #222222;text-align: justify\"><span>En la&nbsp;<b>Casa de la Amistad Argentino Cubana<\/b>, confluyeron militantes de organizaciones populares: l<b>a<\/b>&nbsp;<b>Corriente Nacional 17 de Agosto, la Organizaci\u00f3n Social y Pol\u00edtica Los Pibes, el Encuentro Nacional y Popular Latinoamericano y el Movimiento Patri\u00f3tico Revolucionario Quebracho<\/b>. Convocados a debatir sobre la actual coyuntura electoral y las perspectiva regional, en una fecha de alto valor simb\u00f3lico para los pueblos de la regi\u00f3n, se desarroll\u00f3 este encuentro de militantes en el que uno de los ejes principales fue el necesario proceso de<b>&nbsp;unidad de las organizaciones populares<\/b>&nbsp;para la etapa por venir.&nbsp;<\/span><span>Reunidos para enfrentar la actual coyuntura que pone en juego no s\u00f3lo el futuro de nuestro pa\u00eds sino el de los procesos emancipatorios y de las luchas antiimperialistas en Am\u00e9rica Latina c<\/span><span>ontra los poderes que buscan derrotar a los procesos bolivarianos y revolucionarios de la regi\u00f3n y avanzar para doblegar la&nbsp;f\u00e9rrea&nbsp;resistencia de nuestros pueblos.<\/span><br \/><a href=\"http:\/\/4.bp.blogspot.com\/-GyS9uAA7n-0\/VjvOcBGmVNI\/AAAAAAAAHKY\/UUDtOL-FLcI\/s1600\/alca.jpg\" style=\"clear: left;float: left;margin-bottom: 1em;margin-right: 1em\"><img loading=\"lazy\" decoding=\"async\" border=\"0\" height=\"125\" src=\"http:\/\/4.bp.blogspot.com\/-GyS9uAA7n-0\/VjvOcBGmVNI\/AAAAAAAAHKY\/UUDtOL-FLcI\/s400\/alca.jpg\" width=\"400\" \/><\/a><span><span><br \/><\/span><\/span><\/p>\n<p><\/p>\n<div style=\"clear: both;text-align: center\"><a href=\"https:\/\/1.bp.blogspot.com\/-lSyqFr4xqVc\/VjvOkdUS3pI\/AAAAAAAAHKg\/bREYo5i-114\/s1600\/tressssssss.jpg\" style=\"clear: left;float: left;margin-bottom: 1em;margin-right: 1em;text-align: center\"><img loading=\"lazy\" decoding=\"async\" border=\"0\" height=\"100\" src=\"http:\/\/1.bp.blogspot.com\/-lSyqFr4xqVc\/VjvOkdUS3pI\/AAAAAAAAHKg\/bREYo5i-114\/s200\/tressssssss.jpg\" width=\"200\" \/><\/a><\/div>\n<p><a href=\"http:\/\/2.bp.blogspot.com\/-c0olc1xqyOc\/VjvOni5iZkI\/AAAAAAAAHKo\/LLP81FpVHEk\/s1600\/multitud.jpg\" style=\"clear: left;float: left;margin-bottom: 1em;margin-right: 1em\"><img loading=\"lazy\" decoding=\"async\" border=\"0\" height=\"150\" src=\"http:\/\/2.bp.blogspot.com\/-c0olc1xqyOc\/VjvOni5iZkI\/AAAAAAAAHKo\/LLP81FpVHEk\/s200\/multitud.jpg\" width=\"200\" \/><\/a><span><span><span style=\"color: black\">Recordamos que<\/span><span style=\"color: black\">&nbsp;<\/span><b style=\"color: black\">en el a\u00f1o 2005<\/b><span style=\"color: black\">&nbsp;<\/span><span style=\"color: black\">se celebr\u00f3<\/span><span style=\"color: black\">&nbsp;<\/span><b style=\"color: black\">la Cumbre de las Am\u00e9ricas en Mar del Plata<\/b><span style=\"color: black\">, con el presidente<\/span><span style=\"color: black\">&nbsp;<\/span><b style=\"color: black\">G.W. Bush<\/b><span style=\"color: black\">&nbsp;<\/span><span style=\"color: black\">encabezando la inciativa de la firma de un<\/span><span style=\"color: black\">&nbsp;<\/span><b style=\"color: black\">Tratado de Libre Comercio con EE.UU.<\/b><span style=\"color: black\">&nbsp;<\/span><span style=\"color: black\">que buscaba<\/span><span style=\"color: black\">&nbsp;<\/span><b style=\"color: black\">someter y expoliar a los pueblos de Nuestram\u00e9rica.&nbsp;<\/b><b style=\"color: black\">Los presidentes de Argentina, Brasil, Uruguay, Paraguay y Venezuela<\/b><span style=\"color: black\">&nbsp;<\/span><span style=\"color: black\">marcharon por las calles de Mar del Plata donde consiguieron mostrar su<\/span><span style=\"color: black\">&nbsp;<\/span><b style=\"color: black\">rechazo a la iniciativa de libre comercio hemisf\u00e9rico impulsado por Estados Unidos y apoyado por otros pa\u00edses promotores del libre mercado.<\/b><\/span><\/span><\/p>\n<div style=\"clear: both;text-align: center\"><\/div>\n<div style=\"clear: both;text-align: center\"><\/div>\n<\/div>\n<div style=\"text-align: justify\"><a href=\"https:\/\/mail.google.com\/mail\/u\/2\/?ui=2&amp;ik=40804ea1be&amp;view=fimg&amp;th=150d5f13bff91fa7&amp;attid=0.1&amp;disp=emb&amp;realattid=ii_iglpyl485_150d5da4c49cbd53&amp;attbid=ANGjdJ-AhXJUFpY1TUtOl5TiVht9biFwO0jhp6hK3KzzB6lYYnYsLsa_d20meY6dMsKkJuaFXNPNqb1SvNUPVJXGxQoaGxmEAOjKbTHGKHgW3LmazbJK0WYPUTFHbHQ&amp;sz=s0-l75&amp;ats=1446698369224&amp;rm=150d5f13bff91fa7&amp;zw\" style=\"clear: left;float: left;margin-bottom: 1em;margin-right: 1em\"><\/a><\/div>\n<\/div>\n<\/div>\n<\/div>\n<\/div>\n<div style=\"color: #222222;font-family: arial, sans-serif;text-align: left\"><\/div>\n<div style=\"color: #222222;text-align: center\">\n<div style=\"font-family: arial, sans-serif;text-align: justify\"><\/div>\n<p><span><\/span><\/div>\n<div style=\"text-align: center\">\n<div style=\"text-align: justify\"><\/div>\n<\/div>\n","protected":false},"excerpt":{"rendered":"<p>\u200b&nbsp;#LA BATALLA DEL 22 SE GANA CON EL PUEBLO EN LA CALLE &nbsp; ENCUENTRO DE LA MILITANCIA 10 A\u00d1OS DEL RECHAZO CONJUNTO DE LA REGI\u00d3N A LAS POL\u00cdTICAS DE AVASALLAMIENTO DE LOS PUEBLOS DE LA PATRIA GRANDE ESCUCH\u00c1 AQU\u00cd A: &#8211;&nbsp;DAVID SANTONI &#8211; ENPL &#8211;&nbsp;FERNANDO ESTECHE &#8211; MPR QUEBRACHO &#8211;&nbsp;GAUCHO YAQUET &#8211; CN 17 DE [&hellip;]<\/p>\n","protected":false},"author":4,"featured_media":0,"comment_status":"open","ping_status":"open","sticky":false,"template":"","format":"standard","meta":{"_monsterinsights_skip_tracking":false,"_monsterinsights_sitenote_active":false,"_monsterinsights_sitenote_note":"","_monsterinsights_sitenote_category":0,"jnews-multi-image_gallery":[],"jnews_single_post":[],"jnews_primary_category":[],"_joinchat":[],"footnotes":""},"categories":[1],"tags":[],"class_list":["post-1624","post","type-post","status-publish","format-standard","hentry","category-habitat"],"_links":{"self":[{"href":"http:\/\/fmriachuelo.it10.com.ar\/index.php\/wp-json\/wp\/v2\/posts\/1624","targetHints":{"allow":["GET"]}}],"collection":[{"href":"http:\/\/fmriachuelo.it10.com.ar\/index.php\/wp-json\/wp\/v2\/posts"}],"about":[{"href":"http:\/\/fmriachuelo.it10.com.ar\/index.php\/wp-json\/wp\/v2\/types\/post"}],"author":[{"embeddable":true,"href":"http:\/\/fmriachuelo.it10.com.ar\/index.php\/wp-json\/wp\/v2\/users\/4"}],"replies":[{"embeddable":true,"href":"http:\/\/fmriachuelo.it10.com.ar\/index.php\/wp-json\/wp\/v2\/comments?post=1624"}],"version-history":[{"count":0,"href":"http:\/\/fmriachuelo.it10.com.ar\/index.php\/wp-json\/wp\/v2\/posts\/1624\/revisions"}],"wp:attachment":[{"href":"http:\/\/fmriachuelo.it10.com.ar\/index.php\/wp-json\/wp\/v2\/media?parent=1624"}],"wp:term":[{"taxonomy":"category","embeddable":true,"href":"http:\/\/fmriachuelo.it10.com.ar\/index.php\/wp-json\/wp\/v2\/categories?post=1624"},{"taxonomy":"post_tag","embeddable":true,"href":"http:\/\/fmriachuelo.it10.com.ar\/index.php\/wp-json\/wp\/v2\/tags?post=1624"}],"curies":[{"name":"wp","href":"https:\/\/api.w.org\/{rel}","templated":true}]}}