{"id":1623,"date":"2015-11-05T08:00:00","date_gmt":"2015-11-05T08:00:00","guid":{"rendered":"http:\/\/fmriachuelo.observatorioess.org.ar\/index.php\/2015\/11\/05\/a-40-anos-de-la-perdida-de-uno-de-los-mayores-referentes-del-sindicalismo-argentino-agustin-tosco\/"},"modified":"2015-11-05T08:00:00","modified_gmt":"2015-11-05T08:00:00","slug":"a-40-anos-de-la-perdida-de-uno-de-los-mayores-referentes-del-sindicalismo-argentino-agustin-tosco","status":"publish","type":"post","link":"http:\/\/fmriachuelo.it10.com.ar\/index.php\/2015\/11\/05\/a-40-anos-de-la-perdida-de-uno-de-los-mayores-referentes-del-sindicalismo-argentino-agustin-tosco\/","title":{"rendered":"A 40 A\u00d1OS DE LA P\u00c9RDIDA DE UNO DE LOS MAYORES REFERENTES DEL SINDICALISMO ARGENTINO: AGUST\u00cdN TOSCO"},"content":{"rendered":"<div><span><b>RECUPERAR LA MEMORIA HIST\u00d3RICA DEL PUEBLO&nbsp;<\/b><\/span><\/div>\n<p><a href=\"http:\/\/1.bp.blogspot.com\/-vX11HNfFktg\/Vjq0TJP7hRI\/AAAAAAAAHJM\/fHSi51QbhPA\/s1600\/tosco2.jpg\" style=\"margin-left: 1em;margin-right: 1em\"><img loading=\"lazy\" decoding=\"async\" border=\"0\" height=\"182\" src=\"http:\/\/1.bp.blogspot.com\/-vX11HNfFktg\/Vjq0TJP7hRI\/AAAAAAAAHJM\/fHSi51QbhPA\/s320\/tosco2.jpg\" width=\"320\" \/><\/a><span><\/span><\/p>\n<div style=\"text-align: justify\"><span><b>[FMR 05\/11\/15] Muri\u00f3 a los 45 a\u00f1os con un nombre falso en una cl\u00ednica de Buenos Aires.<\/b><\/span><\/div>\n<p><\/p>\n<div>\n<div style=\"text-align: justify\"><span>Miles de personas concurrieron al entierro del referente sindical Agust\u00edn Tosco en C\u00f3rdoba. Cuando el cortejo lleg\u00f3 al cementerio San Jer\u00f3nimo,  matones de la Triple A, apostados en los techos de los panteones, dispararon contra la gente y hubo varios heridos. Un grupo de trabajadores dej\u00f3 el f\u00e9retro en una b\u00f3veda ajena y reci\u00e9n por la noche pudieron trasladarlo  al pante\u00f3n de la Uni\u00f3n El\u00e9ctrica, donde todav\u00eda est\u00e1n sus restos.<\/span><\/div>\n<div style=\"text-align: justify\"><span>Un d\u00eda como hoy, pero cuarenta a\u00f1os atr\u00e1s, la clase obrera argentina perd\u00eda para siempre a su m\u00e1xima referencia hist\u00f3rica de unidad y revoluci\u00f3n; al obrero marxista que fue elegido por sus compa\u00f1eros de base en asamblea, al dirigente que pele\u00f3 cara a cara contra la burocracia sindical y que marchaba siempre al frente, al estudioso lector que conoc\u00eda los l\u00edmites de la lucha sindical y apost\u00f3 por la construcci\u00f3n pol\u00edtica, al cuadro pol\u00edtico que nunca se aisl\u00f3 y que siempre supo vincularse y trabajar en coordinaci\u00f3n con las organizaciones revolucionarias de la \u00e9poca, al l\u00facido laburante que un d\u00eda como hoy dijo: \u00abNuestra experiencia nos ha ense\u00f1ado que, sobre todas las cosas, debemos ser pacientes, perseverantes y decididos. A veces, pasan meses sin que nada aparente suceda. Pero si se trabaja con ejercicio de estas tres cualidades, la tarea siempre ha de fructificar, en una semana, en un mes, en un a\u00f1o. Nada debe desalentarnos. Nada debe dividirnos. Nada debe desesperarnos\u00bb.<\/span><\/div>\n<div style=\"text-align: justify\"><a name='more'><\/a><span style=\"font-family: verdana, sans-serif\">Hoy, en tiempos de escasas alternativas, en \u00e9pocas en las que tanto oportunista llama a confundir a los trabajadores con propuestas de ajuste disimuladas con ropajes de campa\u00f1a, desde este peque\u00f1o proyecto colectivo llamado <\/span><a href=\"https:\/\/www.facebook.com\/sudestadarevista\/\" style=\"font-family: verdana, sans-serif\">Revista Sudestada<\/a><span style=\"font-family: verdana, sans-serif\"> lo tenemos siempre presente: \u00abLuchamos por el socialismo&#8230; Pero el socialismo se construye no con arsenales ideol\u00f3gicos solamente. Para que la locomotora marche, hay que arremangarse, agarrar la pala y echar carb\u00f3n a la caldera. Uno se ensucia, transpira, sufre calor; pero la locomotora se mueve. Con grandes teor\u00edas y discursos solamente, la locomotora se queda donde est\u00e1. Y nosotros, adem\u00e1s de estudiar, por sobre todas las cosas, trabajamos y echamos carb\u00f3n a la caldera\u00bb&#8230;<\/span><\/div>\n<\/div>\n","protected":false},"excerpt":{"rendered":"<p>RECUPERAR LA MEMORIA HIST\u00d3RICA DEL PUEBLO&nbsp; [FMR 05\/11\/15] Muri\u00f3 a los 45 a\u00f1os con un nombre falso en una cl\u00ednica de Buenos Aires. Miles de personas concurrieron al entierro del referente sindical Agust\u00edn Tosco en C\u00f3rdoba. Cuando el cortejo lleg\u00f3 al cementerio San Jer\u00f3nimo, matones de la Triple A, apostados en los techos de los [&hellip;]<\/p>\n","protected":false},"author":4,"featured_media":0,"comment_status":"open","ping_status":"open","sticky":false,"template":"","format":"standard","meta":{"_monsterinsights_skip_tracking":false,"_monsterinsights_sitenote_active":false,"_monsterinsights_sitenote_note":"","_monsterinsights_sitenote_category":0,"jnews-multi-image_gallery":[],"jnews_single_post":[],"jnews_primary_category":[],"_joinchat":[],"footnotes":""},"categories":[1],"tags":[],"class_list":["post-1623","post","type-post","status-publish","format-standard","hentry","category-habitat"],"_links":{"self":[{"href":"http:\/\/fmriachuelo.it10.com.ar\/index.php\/wp-json\/wp\/v2\/posts\/1623","targetHints":{"allow":["GET"]}}],"collection":[{"href":"http:\/\/fmriachuelo.it10.com.ar\/index.php\/wp-json\/wp\/v2\/posts"}],"about":[{"href":"http:\/\/fmriachuelo.it10.com.ar\/index.php\/wp-json\/wp\/v2\/types\/post"}],"author":[{"embeddable":true,"href":"http:\/\/fmriachuelo.it10.com.ar\/index.php\/wp-json\/wp\/v2\/users\/4"}],"replies":[{"embeddable":true,"href":"http:\/\/fmriachuelo.it10.com.ar\/index.php\/wp-json\/wp\/v2\/comments?post=1623"}],"version-history":[{"count":0,"href":"http:\/\/fmriachuelo.it10.com.ar\/index.php\/wp-json\/wp\/v2\/posts\/1623\/revisions"}],"wp:attachment":[{"href":"http:\/\/fmriachuelo.it10.com.ar\/index.php\/wp-json\/wp\/v2\/media?parent=1623"}],"wp:term":[{"taxonomy":"category","embeddable":true,"href":"http:\/\/fmriachuelo.it10.com.ar\/index.php\/wp-json\/wp\/v2\/categories?post=1623"},{"taxonomy":"post_tag","embeddable":true,"href":"http:\/\/fmriachuelo.it10.com.ar\/index.php\/wp-json\/wp\/v2\/tags?post=1623"}],"curies":[{"name":"wp","href":"https:\/\/api.w.org\/{rel}","templated":true}]}}