{"id":162,"date":"2015-08-06T09:30:00","date_gmt":"2015-08-06T09:30:00","guid":{"rendered":"http:\/\/fmriachuelo.observatorioess.org.ar\/index.php\/2015\/08\/06\/ciudad-de-buenos-aires-el-gobierno-una-vez-mas-cierra-centro-educativo\/"},"modified":"2025-05-06T13:11:19","modified_gmt":"2025-05-06T16:11:19","slug":"ciudad-de-buenos-aires-el-gobierno-una-vez-mas-cierra-centro-educativo","status":"publish","type":"post","link":"http:\/\/fmriachuelo.it10.com.ar\/index.php\/2015\/08\/06\/ciudad-de-buenos-aires-el-gobierno-una-vez-mas-cierra-centro-educativo\/","title":{"rendered":"CIUDAD DE BUENOS AIRES: EL GOBIERNO UNA VEZ M\u00c1S CIERRA CENTRO EDUCATIVO"},"content":{"rendered":"<p><span style=\"color: red;font-family: Verdana, sans-serif;font-size: large\"><strong>LAS POL\u00cdTICAS DEL GOBIERNO DE LA CIUDAD<\/strong><\/span><\/p>\n<div style=\"text-align: justify\">\n<div style=\"text-align: left\"><span style=\"color: black;font-family: Verdana\">EDUCACI\u00d3N:<strong> <\/strong>DENUNCIAN CIERRE DE UN CENTRO EDUCATIVO EN VILLA SOLDATI<\/span><span style=\"font-family: Verdana, sans-serif\"><strong>&nbsp; <\/strong><\/span><\/div>\n<\/div>\n<div style=\"text-align: justify\"><a href=\"http:\/\/1.bp.blogspot.com\/-XtQ_pZ-TezA\/VcK810DDwtI\/AAAAAAAAFz8\/6zbEz5ZR-oU\/s1600\/CONSTRUY.jpg\" style=\"clear: left;float: left;margin-bottom: 1em;margin-right: 1em\"><img loading=\"lazy\" decoding=\"async\" border=\"0\" height=\"133\" src=\"http:\/\/1.bp.blogspot.com\/-XtQ_pZ-TezA\/VcK810DDwtI\/AAAAAAAAFz8\/6zbEz5ZR-oU\/s200\/CONSTRUY.jpg\" width=\"200\" \/><\/a><span style=\"font-family: Verdana, sans-serif\">Se trata del centro Construyendo Sue\u00f1os, al que asist\u00edan 200 chicos a diario. All\u00ed se realizaban actividades art\u00edsticas, culturales, deportivas y talleres de oficios.<\/span>&nbsp;<\/div>\n<div style=\"text-align: justify\"><span style=\"font-family: Verdana, sans-serif\">Vecinos, docentes y alumnos del barrio F\u00e1tima de Villa Soldati, junto a legisladores y dirigentes gremiales, denunciaron que el gobierno porte\u00f1o cerr\u00f3 repentinamente el Centro Comunitario y Educativo Construyendo sue\u00f1os, que recib\u00eda a unos 200 ni\u00f1os por d\u00eda.<\/span><br \/><a name='more'><\/a><span style=\"font-family: Verdana, sans-serif\">\u201cAcompa\u00f1amos a los vecinos para que se sepa que el gobierno de la Ciudad cerr\u00f3 sin aviso y sin dar motivos ese centro comunitario, adem\u00e1s de despedir a 16 docentes que trabajaban ah\u00ed desde hace ocho a\u00f1os\u201d, explic\u00f3 a T\u00e9lam Eduardo L\u00f3pez, secretario general de Uni\u00f3n de Trabajadores del Estado.<br \/>El dirigente afirm\u00f3 que los docentes fueron despedidos \u201csin previo aviso\u201d, y que se enteraron a principios de este mes, cuando fueron a cobrar y vieron que no estaban sus sueldos.<br \/>\u201cAqu\u00ed se ense\u00f1a, se resiste, se construye y se sue\u00f1a, por eso no vamos a dejar que la Ciudad pierda un s\u00f3lo espacio de educaci\u00f3n popular. Ese es el compromiso que asumimos los maestros del pueblo y por ello el pr\u00f3ximo lunes estaremos presentando un amparo en la justicia para exigir la inmediata restituci\u00f3n de los docentes a sus puestos de trabajo\u201d, precis\u00f3 L\u00f3pez.<br \/>Desde UTE informaron el cierre repentino del Centro durante una conferencia de prensa de prensa de la que participaron adem\u00e1s Nora Corti\u00f1as, presidenta de la Asociaci\u00f3n Madres de Plaza de Mayo (L\u00ednea Fundadora), los legisladores porte\u00f1os Paula Penacca (FPV) y Jos\u00e9 Cruz Campagnoli (Nuevo Encuentro), y Susana Reyes, directora del Centro Educativo Isauro Arancibia.<br \/>\u201cVamos a hacer una movilizaci\u00f3n al Ministerio de Trabajo porte\u00f1o la semana que viene, tenemos un plenario el pr\u00f3ximo martes para definir la fecha\u201d, agreg\u00f3 L\u00f3pez.<br \/>El Centro funciona hace ocho a\u00f1os en Mariano Acosta y Riestra, en el barrio F\u00e1tima, y en \u00e9l se brindan actividades art\u00edsticas, culturales y deportivas para chicos y talleres de oficios para los adolescentes.<\/span><\/div>\n","protected":false},"excerpt":{"rendered":"<p>LAS POL\u00cdTICAS DEL GOBIERNO DE LA CIUDAD EDUCACI\u00d3N: DENUNCIAN CIERRE DE UN CENTRO EDUCATIVO EN VILLA SOLDATI&nbsp; Se trata del centro Construyendo Sue\u00f1os, al que asist\u00edan 200 chicos a diario. All\u00ed se realizaban actividades art\u00edsticas, culturales, deportivas y talleres de oficios.&nbsp; Vecinos, docentes y alumnos del barrio F\u00e1tima de Villa Soldati, junto a legisladores y [&hellip;]<\/p>\n","protected":false},"author":4,"featured_media":0,"comment_status":"open","ping_status":"open","sticky":false,"template":"","format":"standard","meta":{"_monsterinsights_skip_tracking":false,"_monsterinsights_sitenote_active":false,"_monsterinsights_sitenote_note":"","_monsterinsights_sitenote_category":0,"jnews-multi-image_gallery":[],"jnews_single_post":{"format":"standard"},"jnews_primary_category":[],"_joinchat":[],"footnotes":""},"categories":[58],"tags":[81,101,147],"class_list":["post-162","post","type-post","status-publish","format-standard","hentry","category-noticiariachuelo","tag-aguafuertes-portenas","tag-educacion","tag-habitat"],"_links":{"self":[{"href":"http:\/\/fmriachuelo.it10.com.ar\/index.php\/wp-json\/wp\/v2\/posts\/162","targetHints":{"allow":["GET"]}}],"collection":[{"href":"http:\/\/fmriachuelo.it10.com.ar\/index.php\/wp-json\/wp\/v2\/posts"}],"about":[{"href":"http:\/\/fmriachuelo.it10.com.ar\/index.php\/wp-json\/wp\/v2\/types\/post"}],"author":[{"embeddable":true,"href":"http:\/\/fmriachuelo.it10.com.ar\/index.php\/wp-json\/wp\/v2\/users\/4"}],"replies":[{"embeddable":true,"href":"http:\/\/fmriachuelo.it10.com.ar\/index.php\/wp-json\/wp\/v2\/comments?post=162"}],"version-history":[{"count":1,"href":"http:\/\/fmriachuelo.it10.com.ar\/index.php\/wp-json\/wp\/v2\/posts\/162\/revisions"}],"predecessor-version":[{"id":23881,"href":"http:\/\/fmriachuelo.it10.com.ar\/index.php\/wp-json\/wp\/v2\/posts\/162\/revisions\/23881"}],"wp:attachment":[{"href":"http:\/\/fmriachuelo.it10.com.ar\/index.php\/wp-json\/wp\/v2\/media?parent=162"}],"wp:term":[{"taxonomy":"category","embeddable":true,"href":"http:\/\/fmriachuelo.it10.com.ar\/index.php\/wp-json\/wp\/v2\/categories?post=162"},{"taxonomy":"post_tag","embeddable":true,"href":"http:\/\/fmriachuelo.it10.com.ar\/index.php\/wp-json\/wp\/v2\/tags?post=162"}],"curies":[{"name":"wp","href":"https:\/\/api.w.org\/{rel}","templated":true}]}}