{"id":16180,"date":"2022-08-06T22:45:32","date_gmt":"2022-08-06T22:45:32","guid":{"rendered":"http:\/\/fmriachuelo.com.ar\/?p=16180"},"modified":"2025-03-11T13:51:43","modified_gmt":"2025-03-11T16:51:43","slug":"hacia-una-nueva-movilizacion-por-paz-pan-tierra-techo-y-trabajo","status":"publish","type":"post","link":"http:\/\/fmriachuelo.it10.com.ar\/index.php\/2022\/08\/06\/hacia-una-nueva-movilizacion-por-paz-pan-tierra-techo-y-trabajo\/","title":{"rendered":"HACIA UNA NUEVA MOVILIZACI\u00d3N POR PAZ, PAN, TIERRA TECHO Y TRABAJO"},"content":{"rendered":"<p><b>En v\u00edsperas de una nueva movilizaci\u00f3n por San Cayetano, desde la FM Riachuelo le realizamos una entrevista a Juan Carlos Alderete, referente de la Corriente Clasista Combativa y diputado nacional, quien comparti\u00f3 su mirada sobre el momento que atraviesan las Organizaciones Sociales frente a la persecuci\u00f3n del poder judicial y los medios hegem\u00f3nicos. Adem\u00e1s, reflexion\u00f3 sobre el car\u00e1cter transformador de la Econom\u00eda Popular y sus desaf\u00edos para el futuro, de cara a este 7 de agosto donde nuevamente resonar\u00e1n las consignas Paz, Pan, Tierra, Techo y Trabajo.<\/b><\/p>\n<p><b>FM Riachuelo:<\/b> <b>Esta seguidilla de embestidas a los Movimientos Populares comenz\u00f3 con allanamientos y denuncias a la CCC. Queremos empezar, Juan Carlos, por conocer c\u00f3mo sigui\u00f3 la situaci\u00f3n judicial, ya que existe una preocupaci\u00f3n por las situaciones que est\u00e1n viviendo muchas organizaciones sociales.<\/b><\/p>\n<p><b>Juan Carlos Alderete:<\/b><span style=\"font-weight: 400\"> La causa fue armada a partir de septiembre de 2019, producida por la ex ministra Carolina Stanley. Luego esa causa la sigui\u00f3 el 5 de diciembre del 2019, cinco d\u00edas antes de entregar la gobernaci\u00f3n, Mar\u00eda Eugenia Vidal. Se hizo en la\u00a0 jurisdicci\u00f3n de San Mart\u00edn, la presentaron en Comodoro Py y recay\u00f3 en el juez Canicoba Corral. El juez manifiesta que se hizo la denuncia en una jurisdicci\u00f3n de la justicia ordinaria, y no es una causa federal. La deriva a San Mart\u00edn pero igual recae en una jueza federal, que vence.\u00a0<\/span><\/p>\n<p><span style=\"font-weight: 400\">La jueza, en primera instancia, y el fiscal manifiestan y le piden a la polic\u00eda federal que haga una investigaci\u00f3n sobre ese supuesto delito. El fiscal investiga y llega a la conclusi\u00f3n de que ante las actas y la informaci\u00f3n que ten\u00edan en Desarrollo Social no ten\u00eda asidero el seguir con la causa porque de aquellos que manifestaban, que eran cinco en total los denunciantes, dos cobraban el programa social, y la manifestaci\u00f3n era que nosotros los hab\u00edamos presionado para ir a las marchas, marchas pol\u00edticas y dem\u00e1s, y segu\u00edan cobrando el programa social hasta la fecha. Hoy lo siguen cobrando, o sea que en ning\u00fan momento fue dado de baja, porque el \u00fanico que tiene la autoridad para altas y bajas es el ministerio.<\/span><\/p>\n<p><span style=\"font-weight: 400\">Y no era una causa federal porque ninguno de los denunciados era un funcionario. A partir de eso es que la polic\u00eda federal ante esa denuncia que hab\u00edan agregado, que la organizaci\u00f3n vend\u00eda los alimentos entregados por Desarrollo Social en las ferias, la polic\u00eda federal investiga e informa que no ha habido ning\u00fan delito. Tambi\u00e9n el Ministerio de Desarrollo Social manifiesta que nunca ha sido entregado alimento en esa zona por parte del ministerio.\u00a0<\/span><\/p>\n<p><span style=\"font-weight: 400\">Esa causa la retoma la jueza y ella se pone a la cabeza con la polic\u00eda federal. All\u00ed la polic\u00eda federal manifiesta que tiene que intervenir los tel\u00e9fonos a cinco dirigentes. La causa sale de la jurisdicci\u00f3n de San Mart\u00edn y toman el tel\u00e9fono de cinco compa\u00f1eros dirigentes nacionales\u00a0 de la Corriente, tanto en Capital Federal como en La Matanza. Uno de los dirigente a los que le intervienen\u00a0 el tel\u00e9fono es el dirigente Fredy Mari\u00f1o, y un mes antes de los allanamientos lo sacan de la causa porque se dan cuenta que el compa\u00f1ero hab\u00eda fallecido. A partir de eso\u00a0 hay cien escuchas telef\u00f3nicas, es decir un desprop\u00f3sito tremendo, porque la denuncia no era para hacer ese procedimiento que han hecho.\u00a0\u00a0<\/span><\/p>\n<p><span style=\"font-weight: 400\">En esos allanamientos hubo inclusive provocaciones de la polic\u00eda para que haya desbordes, sabiendo que los compa\u00f1eros son muy reconocidos en el barrio. Vecinos que no tienen nada que ver con la organizaci\u00f3n tambi\u00e9n han estado en la puerta de los allanados. Y all\u00ed allanaron comedores y merenderos, no solo casas particulares. A partir de all\u00ed es que, a las doce y media o una de la tarde, TN y el canal de La Naci\u00f3n muestran lo que se hab\u00eda encontrado en los allanamientos. Por supuesto que causa un impacto medi\u00e1tico enorme mostrando d\u00f3lares que eran ahorro de una pareja de jubilados y pensionados que toda su vida hab\u00edan trabajado y ahorrado para ver si en alg\u00fan momento pod\u00edan comprar un departamento. Es decir que eso est\u00e1 justificado. Y por supuesto que en la causa no puede nunca filtrarse, ya que el allanamiento hab\u00eda terminado a las seis de la tarde y ellos los estaban mostrando a la una de la tarde. En todo caso si fuesen pruebas reales jam\u00e1s podr\u00edan filtrarse. Es decir, esto es de la justicia o de la polic\u00eda, no hay un tercero que haya podido filtrar lo que hicieron filtrar.<\/span><\/p>\n<p><img loading=\"lazy\" decoding=\"async\" class=\" wp-image-16188 aligncenter\" src=\"http:\/\/fmriachuelo.com.ar\/wp-content\/uploads\/2022\/08\/2-300x200.jpeg\" alt=\"\" width=\"420\" height=\"280\" srcset=\"http:\/\/fmriachuelo.it10.com.ar\/wp-content\/uploads\/2022\/08\/2-300x200.jpeg 300w, http:\/\/fmriachuelo.it10.com.ar\/wp-content\/uploads\/2022\/08\/2-1024x683.jpeg 1024w, http:\/\/fmriachuelo.it10.com.ar\/wp-content\/uploads\/2022\/08\/2-768x512.jpeg 768w, http:\/\/fmriachuelo.it10.com.ar\/wp-content\/uploads\/2022\/08\/2-750x500.jpeg 750w, http:\/\/fmriachuelo.it10.com.ar\/wp-content\/uploads\/2022\/08\/2-1140x761.jpeg 1140w, http:\/\/fmriachuelo.it10.com.ar\/wp-content\/uploads\/2022\/08\/2.jpeg 1280w\" sizes=\"auto, (max-width: 420px) 100vw, 420px\" \/><\/p>\n<p><b>FMR: Vale sumarle a tu relato que, en el \u00faltimo mes, el caso de la CCC no fue el \u00fanico en el cual se dieron estas conexiones entre lo medi\u00e1tico y lo judicial, \u00bfhay una intencionalidad de un sector contra los Movimientos Populares?<\/b><\/p>\n<p><b>JCA:<\/b><span style=\"font-weight: 400\"> Hay una coordinaci\u00f3n nacional de la justicia macrista, justamente. Porque hasta el propio ex presidente Macri ha manifestado que \u00e9l necesitar\u00eda noventa d\u00edas para sacar a todos los que est\u00e1n protestando en la calle. Esto tiene que ver con esa coordinaci\u00f3n nacional y nosotros recusamos a la jueza por enemistad manifiesta, y sobre esto tenemos una prueba contundente, porque ella tiene cajoneadas causas de lesa humanidad. Hay denunciados empresarios junto a militares y algunos jueces. Hay un compa\u00f1ero de la CCC que tambi\u00e9n tiene causas, que ahora van a juicio oral y vive en Chubut, que era trabajador de la Mercedes Benz, y es testigo de cuando hicieron desaparecer un delegado de su secci\u00f3n. Ah\u00ed decimos que hay una enemistad manifiesta de la jueza. Inclusive el a\u00f1o pasado, en medio de la pandemia, el compa\u00f1ero tuvo que presentarse como testigo a seguir declarando.<\/span><\/p>\n<p><span style=\"font-weight: 400\">A partir de eso es que se desarrolla en pocas horas lo que se produjo en Jujuy; en el mismo momento de los allanamientos se abren causas y agregan m\u00e1s personas en la causa de Chubut, donde el compa\u00f1ero tiene el juicio oral, de otras organizaciones. En Santa Fe se abre una causa y todo en una coordinaci\u00f3n que fue en horas de diferencia. Hay un compa\u00f1ero que ha sido delegado municipal de un pueblo de Santa Fe del Movimiento Evita, y allanaron su casa y fue detenido quince minutos. <\/span><b>Entonces, hay una decisi\u00f3n pol\u00edtica de preparar el camino, inclusive si ellos fuesen gobierno, para seguir con esa justicia que les responden a ellos para meternos presos, sacar de la calle y dividirnos.<\/b><\/p>\n<p><span style=\"font-weight: 400\">Ha habido un juego inclusive para acorralar a la organizaci\u00f3n. <\/span><b>Subestimaron a las dem\u00e1s organizaciones, el grado de solidaridad, de acompa\u00f1amiento que se ha tenido, porque en esto estamos involucrados todas las organizaciones.\u00a0 Tenemos diferencias con algunas, pero han estado tambi\u00e9n acompa\u00f1ando en todo esto que le est\u00e1n haciendo a las organizaciones. <\/b><span style=\"font-weight: 400\">Y despu\u00e9s incluso el presidente nos recibe a las pocas horas, y el gobernador de Jujuy, Gerardo Morales, dice que ha recibido a delincuentes. El propio bloque del Frente De Todos en el Congreso Nacional, ha presentado un escrito repudiando los allanamientos, con la\u00a0 firma de 38 diputados y diputadas nacionales, es decir que ellos subestimaron lo que pod\u00edamos hacer.\u00a0\u00a0\u00a0<\/span><\/p>\n<p><span style=\"font-weight: 400\">El juego era tambi\u00e9n para dejarnos solos, acorralarnos, y que en el acorralamiento, la desesperaci\u00f3n y el miedo que provoca en familiares, en los propios compa\u00f1eros de nuestras filas, provocara que los compa\u00f1eros nos pidan que nos vayamos del FDT, ya que de irnos los dos diputados de la CCC, Cambiemos pasar\u00eda a tener la primera minor\u00eda en el Congreso Nacional.<\/span><\/p>\n<p><b>FMR: Hay intenciones por varios frentes, \u00bfc\u00f3mo deben responder los movimientos a estas situaciones de embestidas?<\/b><\/p>\n<p><b>JCA:<\/b> <b>Como se viene respondiendo. Creo que en estas situaciones debemos estar todos juntos. <\/b><span style=\"font-weight: 400\">Yo le dec\u00eda a los compa\u00f1eros de la Unidad Piquetera que ya no tiene que haber solidaridad entre nosotros, sino que en esto estamos todos juntos. A cualquiera que nos toquen tenemos que salir todos juntos, sin ver diferencias, que las tenemos y\u00a0 las vamos a seguir teniendo, <\/span><b>porque ac\u00e1 est\u00e1 en juego lo que nosotros hemos construido durante muchos a\u00f1os<\/b><span style=\"font-weight: 400\"> y que muchas veces la pol\u00edtica se olvida de las organizaciones que cumplimos un rol. <\/span><b>Donde no est\u00e1 el Estado, est\u00e1 la organizaci\u00f3n.<\/b><span style=\"font-weight: 400\"> Por lo tanto nos tenemos que cuidar porque tambi\u00e9n cuidar eso significa seguir defendiendo y ampliando los derechos que a nosotros nos corresponden.<\/span><\/p>\n<p><b>FMR: Reci\u00e9n mencionaste tu rol como Diputado Nacional. Toda esta embestida estuvo acompa\u00f1ada por una parte discursiva donde hubo un proceso de estigmatizaci\u00f3n muy fuerte del rol y del protagonismo de los movimientos. Y en eso apareci\u00f3 un debate sobre esta idea de los dos lados del mostrador, \u00bfcu\u00e1l es tu mirada respecto de esto?\u00a0<\/b><\/p>\n<p><b>JCA:<\/b><span style=\"font-weight: 400\"> Las clases dominantes nos han metido ese tema. Primero han metido el tema de que la pol\u00edtica la tienen que hacer ellos, que son los que est\u00e1n preparados, que conocen la pol\u00edtica, conocen el Estado. Conocen el Estado y conocen c\u00f3mo hacer negocio con el Estado. Hablan de achicar el Estado y despu\u00e9s resulta que hacen grandes negocios con el Estado, \u00bfno? Parecer\u00eda que los pobres no deber\u00edamos hacer pol\u00edtica, que no nos formamos pol\u00edticamente. Parecer\u00eda que piensan que nosotros no pensamos en qu\u00e9 pa\u00eds queremos vivir, y s\u00ed lo pensamos y a la vez tenemos propuestas de en qu\u00e9 pa\u00eds queremos vivir. Entonces ellos no nos van a perdonar jam\u00e1s lo que hemos hecho durante el gobierno de Macri, porque le ganamos la calle al macrismo y despu\u00e9s aportamos mucho para construir el FDT, porque tambi\u00e9n le ganamos en las urnas. Y ellos no nos van a perdonar nunca las cosas que venimos haciendo, por eso tenemos que estar preparados tambi\u00e9n en todos los terrenos.\u00a0<\/span><\/p>\n<p><b>FMR: Y hablando de propuestas, estamos cerca del 7 de Agosto, con la marcha de San Cayetano, marcha hist\u00f3rica en nuestro pueblo, en nuestro pa\u00eds, que lleva como bandera la reivindicaci\u00f3n de la Ley general de Tierra, Techo y Trabajo, \u00bfC\u00f3mo\u00a0ves hoy ese proyecto de las 3T y qu\u00e9 expectativas tenes\u00a0hacia el domingo?<\/b><\/p>\n<p><b><img loading=\"lazy\" decoding=\"async\" class=\" wp-image-16189 alignleft\" src=\"http:\/\/fmriachuelo.com.ar\/wp-content\/uploads\/2022\/08\/3-300x200.jpeg\" alt=\"\" width=\"359\" height=\"239\" srcset=\"http:\/\/fmriachuelo.it10.com.ar\/wp-content\/uploads\/2022\/08\/3-300x200.jpeg 300w, http:\/\/fmriachuelo.it10.com.ar\/wp-content\/uploads\/2022\/08\/3-1024x683.jpeg 1024w, http:\/\/fmriachuelo.it10.com.ar\/wp-content\/uploads\/2022\/08\/3-768x512.jpeg 768w, http:\/\/fmriachuelo.it10.com.ar\/wp-content\/uploads\/2022\/08\/3-750x500.jpeg 750w, http:\/\/fmriachuelo.it10.com.ar\/wp-content\/uploads\/2022\/08\/3-1140x761.jpeg 1140w, http:\/\/fmriachuelo.it10.com.ar\/wp-content\/uploads\/2022\/08\/3.jpeg 1280w\" sizes=\"auto, (max-width: 359px) 100vw, 359px\" \/>JCA:<\/b><span style=\"font-weight: 400\"> En primer lugar esto naci\u00f3 bien de abajo, la ley de Tierra, Techo y Trabajo, en un encuentro que hemos tenido con el Papa las distintas organizaciones en Bolivia, all\u00ed charlando con compa\u00f1eros coordinadores de distintas organizaciones. Y dijimos que no puede quedar solo en una consigna, en un eslogan lo que dice el Papa Francisco, hay que transformarla en ley, jugar desde Congreso y en la calle. Decir qu\u00e9 necesidades tienen los campesinos, qu\u00e9 necesidades tienen los originarios y qu\u00e9 necesidades tenemos nosotros. Y eso no lo tienen que hacer otros, tenemos que hacerlo nosotros mismos. Y as\u00ed es que surgi\u00f3 la primera presentaci\u00f3n del proyecto de Tierra, Techo y Trabajo, que fueron 42 diputadas y diputados nacionales que firmaron, entre tres bloques. En alg\u00fan concejo deliberante han aprobado como una minuta de comunicaci\u00f3n al Congreso Nacional de pronto tratamiento y aprobaci\u00f3n de ese proyecto. Algunas legislaturas como en Misiones tambi\u00e9n han aprobado ese proyecto porque era un proyecto nacional. Eso perdi\u00f3 estado parlamentario. Por suerte despu\u00e9s del 1\u00ba de Mayo se ampli\u00f3 y se dio un plan de Tierra, Techo y Trabajo que se enriqueci\u00f3 mucho m\u00e1s.\u00a0<\/span><\/p>\n<p><span style=\"font-weight: 400\">Creo que son las reivindicaciones propias que nosotros necesitamos hoy lograr construir para que nuestros compa\u00f1eros est\u00e9n un poco mejor. Pero a la vez tambi\u00e9n que vengan bregando en que hay que recuperar las palancas claves de la econom\u00eda nuestra.\u00a0 \u00bfQu\u00e9 significa eso? Que hemos elaborado un proyecto, por ejemplo, sobre v\u00edas navegables, de dragado y balizamiento de empresas del Estado. Se demuestra hoy que el control del Estado, que no lo tiene totalmente pero tiene control del Paran\u00e1 por ejemplo, est\u00e1 obteniendo ganancias de eso, y siempre nos han hecho creer que las empresas del Estado dan p\u00e9rdida. Si no recuperamos las palancas claves de nuestro pa\u00eds, no tenemos el control de nuestro comercio exterior, va a ser tremendamente dif\u00edcil, va a ser con aspirina permanentemente. Adem\u00e1s de la coyuntura, tambi\u00e9n tenemos que debatir qu\u00e9 tipo de pa\u00eds queremos, y para eso tenemos que recuperar justamente lo que es nuestro. Est\u00e1 comprobado que si nosotros tuvi\u00e9ramos, o sea en manos del Estado, todos los r\u00edos nuestros, todas la v\u00edas navegables, los puertos, los peajes se tendr\u00edan que pagar ac\u00e1 porque usan nuestros r\u00edos. Son 58 mil millones por a\u00f1o que podr\u00edan entrar en las arcas del Estado, en peaje. Ser\u00eda una cantidad de dinero que podr\u00eda quedar en el Estado y eso derivar\u00eda tambi\u00e9n en una cantidad de puestos de trabajo en la industria naval, tanto privada como estatal.\u00a0\u00a0<\/span><\/p>\n<p><span style=\"font-weight: 400\">Estas cuestiones que venimos demostrando tambi\u00e9n cuestan mucho porque ellos tienen el poder medi\u00e1tico, entonces cuesta mucho mostrar. Cuando fui a presentar el proyecto con algunos gremios en Paran\u00e1, Entre R\u00edos, tambi\u00e9n hay un ejemplo que hay un dragado en el puerto de Paran\u00e1, que el arreglo del dragado ese sal\u00eda 8 millones de pesos, pero el estado provincial pag\u00f3 68 millones de pesos a una empresa privada, \u00bfpara qu\u00e9? para que vaya a dragar el puerto Diamante, que est\u00e1 en manos de Cargill. Estas son las situaciones que se dan en nuestro pa\u00eds.\u00a0\u00a0\u00a0<\/span><\/p>\n<p><b>FMR: En ese \u201cpa\u00eds que queremos\u00bb, \u00bfqueremos Econom\u00eda Popular, y qu\u00e9 Econom\u00eda Popular?<\/b><b>\u00a0<\/b><\/p>\n<p><b>JCA:<\/b><span style=\"font-weight: 400\"> Hay que trabajar con las dos piernas, porque tambi\u00e9n hay una realidad que vino para quedarse. As\u00ed esto ha sido como una discusi\u00f3n que hemos tenido en los noventa, cuando entregaban nuestro patrimonios, que \u00e9ramos pocos gremios y organizaciones que sal\u00edamos para pelear, para que eso no se entregara.\u00a0 Es decir se entreg\u00f3, porque antes \u00bfc\u00f3mo era la desocupaci\u00f3n? A partir de ah\u00ed se hizo estructural la desocupaci\u00f3n que antes era coyuntural. A partir de ah\u00ed la econom\u00eda informal vino para quedarse, o sea hay que caminar con las dos piernas, la econom\u00eda formal y la informal. Ahora si uno atiende la econom\u00eda como hasta ahora, se atiende a la econom\u00eda formal, se da beneficios a la econom\u00eda formal nada m\u00e1s y casi nada de migajas a la econom\u00eda informal, va a ser muy dif\u00edcil porque juega un rol tremendamente importante la econom\u00eda informal en nuestro pa\u00eds. Por lo tanto no podes dejar ni a una, ni a la otra. Pero para eso se necesitan pol\u00edticas de estado, que es f\u00e1cil cuando se tiene la decisi\u00f3n pol\u00edtica.\u00a0<\/span><\/p>\n<p><span style=\"font-weight: 400\">Por ejemplo, en la Provincia de Buenos Aires hay 180 mil hect\u00e1reas en manos del estado nacional, provincial o municipal. \u00bfQu\u00e9 se puede hacer con esas hect\u00e1reas? Una parte se puede entregar a los campesinos sin tierra, sabiendo el arriendo que se paga y que son los que producen el alimento. Otra parte se podr\u00eda entregar tierra para vivir con servicios, ya que no hay dinero para construir, si los pobres sabemos c\u00f3mo construir nuestras casas, con esfuerzo como hemos hecho siempre.<\/span><\/p>\n<p><b>FMR: En los \u00faltimos 8 a\u00f1os, la Econom\u00eda Popular, la UTEP, los Cayetanos, los movimientos, han tenido un protagonismo impresionante en las luchas sociales, en las luchas pol\u00edticas de este tiempo, y\u00a0\u00a0fue cambiando la percepci\u00f3n de la sociedad, \u00bfC\u00f3mo\u00a0crees\u00a0que ven a la Econom\u00eda Popular y a la UTEP?<\/b><\/p>\n<p><b><img loading=\"lazy\" decoding=\"async\" class=\" wp-image-16190 alignright\" src=\"http:\/\/fmriachuelo.com.ar\/wp-content\/uploads\/2022\/08\/4-300x200.jpeg\" alt=\"\" width=\"383\" height=\"255\" srcset=\"http:\/\/fmriachuelo.it10.com.ar\/wp-content\/uploads\/2022\/08\/4-300x200.jpeg 300w, http:\/\/fmriachuelo.it10.com.ar\/wp-content\/uploads\/2022\/08\/4-1024x683.jpeg 1024w, http:\/\/fmriachuelo.it10.com.ar\/wp-content\/uploads\/2022\/08\/4-768x512.jpeg 768w, http:\/\/fmriachuelo.it10.com.ar\/wp-content\/uploads\/2022\/08\/4-750x500.jpeg 750w, http:\/\/fmriachuelo.it10.com.ar\/wp-content\/uploads\/2022\/08\/4-1140x761.jpeg 1140w, http:\/\/fmriachuelo.it10.com.ar\/wp-content\/uploads\/2022\/08\/4.jpeg 1280w\" sizes=\"auto, (max-width: 383px) 100vw, 383px\" \/>JCA:<\/b><span style=\"font-weight: 400\"> Los multimedios, todos ellos, e inclusive algunos funcionarios del FDT, siempre han alimentado a esa clase media, no diciendo nada o incluso diciendo algunas palabras para desprestigiar y descalificar a las organizaciones sociales. Y eso ha sido que a nosotros nos cuesta mucho, no es como en el a\u00f1o 2001, cuando dec\u00edan \u201cpiquete y cacerola, la lucha es una sola\u00bb. Han logrado ellos ganar y cooptar a gran parte de la clase media, no a todos, pero a gran parte que no nos pega a nosotros. No es casualidad lo que dijo el diputado Espert, con respecto a nuestra clase social y a nuestra UTEP. Esos tipos jam\u00e1s van a conocer lo que es la clase social nuestra. Dicen barbaridades, pero lo dicen desde un discurso que les llega a la clase media. Incluso muchos trabajadores.<\/span><\/p>\n<p><span style=\"font-weight: 400\">Recuerdo una vez en el congreso la propia CGT, haciendo autocr\u00edtica, dijo que nos hab\u00edan dejado abandonados cuando nosotros fuimos expulsados de la producci\u00f3n. Porque ellos mismos dec\u00edan \u201cnos sacan a nosotros, para pagar los planes sociales, nos sacan a nosotros para pagar a esos vagos\u201d. Fuimos ganando espacio, y al ganar espacio pol\u00edtico fuimos dando batalla en el sentido de cambiar esas ideas. Y l\u00f3gicamente tenemos que darnos nosotros un trabajo, como el que ha sido en el congreso nacional de hacer las muestras, demostrar lo que hacemos a lo largo del a\u00f1o. Porque nos cuesta mucho a las organizaciones demostrar lo que hacemos durante todo el a\u00f1o. No pudimos demostrar qu\u00e9 rol y lo que hicimos las organizaciones durante la pandemia. Tenemos compa\u00f1eros que se han muerto, porque se han infectado, han dejado su vida. Y en eso tiene que haber una reivindicaci\u00f3n pol\u00edtica, m\u00ednimamente. Cosas que estamos caminando pero que no se ha logrado todav\u00eda. Salvo el presidente que nos agradece permanentemente, hay muchos funcionarios que miran para el costado o no escuchan. Como se lo hemos expresado al presidente, le dijimos claramente y a muchos ministros, que a nosotros no nos escuchan y tenemos experiencia, no es que no la tenemos. M\u00ednimamente que nos escuchen la experiencia que tenemos. Empiezan a aparecer expertos, que explican c\u00f3mo transformar planes sociales en empleo, como si fuese sencillo, f\u00e1cil, ni Per\u00f3n lo consigui\u00f3. Y eso que era otro momento, y un gobierno que dio reivindicaciones a nuestra clase, a los obreros.\u00a0<\/span><\/p>\n<p><b>FMR: Justo trajiste el tema de convertir los planes en empleo. El mi\u00e9rcoles fue la asunci\u00f3n de Massa como ministro de econom\u00eda, \u00bfC\u00f3mo\u00a0lo ven desde el sector y qu\u00e9 mirada tenes\u00a0respecto de eso?<\/b><\/p>\n<p><b>JCA:<\/b><span style=\"font-weight: 400\"> Sobre los planes, nosotros siempre hemos dicho que los programas nos sirvieron para reinventarnos para tener un oficio. Y el control tambi\u00e9n lo hacemos nosotros, \u00bfcu\u00e1l es el problema de controlarlo? Pero despu\u00e9s el resultado no es tan sencillo, no es f\u00e1cil cuando est\u00e1s proponiendo lo que est\u00e1s proponiendo. C\u00f3mo no vamos a estar de acuerdo en bajar el d\u00e9ficit fiscal. Ahora, el d\u00e9ficit fiscal s\u00ed, pero le segu\u00eds dando a esas empresas que fugaron, que exportaron y que sobre facturaron \u00bfy para\u00a0 nuestro sector? Veremos que dice la letra chica en los pr\u00f3ximos d\u00edas sobre este anuncio de los planes sociales.\u00a0<\/span><\/p>\n<p><span style=\"font-weight: 400\">Tambi\u00e9n con los jubilados, \u00bfc\u00f3mo vamos a estar en contra de que realmente se trate de superar la inflaci\u00f3n? Tenemos que ver c\u00f3mo se implementa. Es decir, l\u00f3gicamente si no se implementa r\u00e1pido, beneficio no hay.\u00a0\u00a0\u00a0<\/span><\/p>\n<p><span style=\"font-weight: 400\">No hay que seguir dando beneficios como se les da a las petroleras, a las cerealeras, porque a nosotros siempre se nos deja para lo \u00faltimo sabiendo que es el sector m\u00e1s desprotegido de la sociedad.<\/span><\/p>\n<p><b>FMR: Y al Frente De Todos, \u00bfc\u00f3mo lo ves a partir de esto?<\/b><\/p>\n<p><b>JCA:<\/b><span style=\"font-weight: 400\"> Hay divisi\u00f3n en el FDT, que realmente cuesta llegar a un grado de unidad que sea superior al que ven\u00edamos transitando. El caso de nuestro sector lo decimos claramente, somos parte del FDT, defendemos el FDT, seguimos pensando que es el instrumento, la herramienta que necesita nuestro sector, pero no somos parte del gobierno. Primero porque no te hacen participar de nada, no te consultan nada y las toman otros las decisiones, entonces yo no soy parte del gobierno. Soy parte del FDT y lo voy a seguir defendiendo. Lo malo que puede pasar en este momento es que el bloque se divida, con que se vayan dos diputados y armen un bloque, ah\u00ed pasa a tener la primera minor\u00eda Cambiemos y ah\u00ed va a seguir a full trabajando.\u00a0<\/span><\/p>\n<p><span style=\"font-weight: 400\">Primero hay una historia que se da en la votaci\u00f3n del Congreso Nacional, la renuncia de Massa fue un\u00e1nime. En la aceptaci\u00f3n de Cecilia Moreau, Cambiemos se abstuvo. Y la presidencia la tiene Cecilia porque estuvo de acuerdo el bloque de Cama\u00f1o y el bloque de los sanjuaninos y los misioneros. De all\u00ed llegan los n\u00fameros para que ella lo sea. Hist\u00f3rico porque es la primera vez en la historia que una mujer ocupa la presidencia de la c\u00e1mara de diputados desde que se fund\u00f3.\u00a0\u00a0\u00a0<\/span><\/p>\n<p><b>FMR: Empezamos hablando de la Justicia y de un papel lamentable desde una perspectiva democr\u00e1tica que vienen teniendo el \u00faltimo tiempo. Y est\u00e1 este dato que acabas de tirar, donde parece que se cruza una frontera de la instituci\u00f3n, de la democracia, de cierta estabilidad, de cierto consenso democr\u00e1tico. \u00bfA qu\u00e9 responde esto?<\/b><\/p>\n<p><b>JCA:<\/b><span style=\"font-weight: 400\"> Va en juego en combinaci\u00f3n con distintas variables, en esto de atacar a las organizaciones permanentemente. Acorralarlas, que queden aisladas, que queden solas. A partir de all\u00ed el juego se da tambi\u00e9n dentro del Congreso. No les dan los n\u00fameros hoy para llamar a una asamblea legislativa, porque lo han dicho claramente \u201cel gobierno se tiene que ir antes de fin de a\u00f1o, escupiendo sangre\u201d. Lo han dicho con claridad, no es que se pusieron colorados al decirlo. Hablan de las instituciones pero despu\u00e9s resulta que quieren hacer las cosas que pretenden hacer. Por ejemplo y en algunas agencias, producto de Cambiemos, se hab\u00eda largado que hab\u00eda cuatro nombres para ocupar la presidencia de la c\u00e1mara de diputados. En esos cuatro nombres, \u00bfqui\u00e9n estaba? \u201cJuan Carlos\u201d. Cambiemos lo tir\u00f3 a las agencias.\u00a0<\/span><\/p>\n<p><span style=\"font-weight: 400\">Es cierto que eso tambi\u00e9n se destrab\u00f3 porque no dimos cuenta adentro de c\u00f3mo devolverles la interna a ellos mismos. Porque el que iba a proponer eso y hab\u00eda coincidencia de Cambiemos para contrarrestar lo de Cecilia, era Wolf que iba a proponer candidato a presidente de la c\u00e1mara a quien le habla. Nos dimos cuenta y se la devolvimos en la interna y es por eso que ellos se abstuvieron porque eso unificaba. Tienen ocho bloques, aunque despu\u00e9s votan todos juntos, pero hicieron ocho bloques para participar en distintas instancias.<\/span><\/p>\n<p><b>FMR: Juan Carlos, muchas gracias por el tiempo, fuerza con los l\u00edos y nos estamos viendo en las calles.<\/b><\/p>\n<p><b>JCA: El error m\u00e1s grande que podemos cometer es dejar las calles y poner las diferencias al frente.\u00a0\u00a0\u00a0\u00a0<\/b><\/p>\n<p>&nbsp;<\/p>\n<p><iframe loading=\"lazy\" title=\"04-08-2022 ENTREVISTA A JUAN CARLOS ALDERETE, REFERENTE DE LA CCC Y DIPUTADO NACIONAL by FMR\" width=\"500\" height=\"400\" scrolling=\"no\" frameborder=\"no\" src=\"https:\/\/w.soundcloud.com\/player\/?visual=true&#038;url=https%3A%2F%2Fapi.soundcloud.com%2Ftracks%2F1318613947&#038;show_artwork=true&#038;maxheight=750&#038;maxwidth=500\"><\/iframe><\/p>\n","protected":false},"excerpt":{"rendered":"<p>En v\u00edsperas de una nueva movilizaci\u00f3n por San Cayetano, desde la FM Riachuelo le realizamos una entrevista a Juan Carlos Alderete, referente de la Corriente Clasista Combativa y diputado nacional, quien comparti\u00f3 su mirada sobre el momento que atraviesan las Organizaciones Sociales frente a la persecuci\u00f3n del poder judicial y los medios hegem\u00f3nicos. Adem\u00e1s, reflexion\u00f3 [&hellip;]<\/p>\n","protected":false},"author":5,"featured_media":16192,"comment_status":"closed","ping_status":"closed","sticky":false,"template":"","format":"standard","meta":{"_monsterinsights_skip_tracking":false,"_monsterinsights_sitenote_active":false,"_monsterinsights_sitenote_note":"","_monsterinsights_sitenote_category":0,"jnews-multi-image_gallery":[],"jnews_single_post":{"format":"standard"},"jnews_primary_category":[],"_joinchat":[],"footnotes":""},"categories":[63],"tags":[172,156],"class_list":["post-16180","post","type-post","status-publish","format-standard","has-post-thumbnail","hentry","category-entrevista-riachuelo","tag-san-cayetano","tag-tierra-techo-y-trabajo"],"_links":{"self":[{"href":"http:\/\/fmriachuelo.it10.com.ar\/index.php\/wp-json\/wp\/v2\/posts\/16180","targetHints":{"allow":["GET"]}}],"collection":[{"href":"http:\/\/fmriachuelo.it10.com.ar\/index.php\/wp-json\/wp\/v2\/posts"}],"about":[{"href":"http:\/\/fmriachuelo.it10.com.ar\/index.php\/wp-json\/wp\/v2\/types\/post"}],"author":[{"embeddable":true,"href":"http:\/\/fmriachuelo.it10.com.ar\/index.php\/wp-json\/wp\/v2\/users\/5"}],"replies":[{"embeddable":true,"href":"http:\/\/fmriachuelo.it10.com.ar\/index.php\/wp-json\/wp\/v2\/comments?post=16180"}],"version-history":[{"count":1,"href":"http:\/\/fmriachuelo.it10.com.ar\/index.php\/wp-json\/wp\/v2\/posts\/16180\/revisions"}],"predecessor-version":[{"id":22168,"href":"http:\/\/fmriachuelo.it10.com.ar\/index.php\/wp-json\/wp\/v2\/posts\/16180\/revisions\/22168"}],"wp:featuredmedia":[{"embeddable":true,"href":"http:\/\/fmriachuelo.it10.com.ar\/index.php\/wp-json\/wp\/v2\/media\/16192"}],"wp:attachment":[{"href":"http:\/\/fmriachuelo.it10.com.ar\/index.php\/wp-json\/wp\/v2\/media?parent=16180"}],"wp:term":[{"taxonomy":"category","embeddable":true,"href":"http:\/\/fmriachuelo.it10.com.ar\/index.php\/wp-json\/wp\/v2\/categories?post=16180"},{"taxonomy":"post_tag","embeddable":true,"href":"http:\/\/fmriachuelo.it10.com.ar\/index.php\/wp-json\/wp\/v2\/tags?post=16180"}],"curies":[{"name":"wp","href":"https:\/\/api.w.org\/{rel}","templated":true}]}}