{"id":1618,"date":"2015-11-08T19:54:00","date_gmt":"2015-11-08T19:54:00","guid":{"rendered":"http:\/\/fmriachuelo.observatorioess.org.ar\/index.php\/2015\/11\/08\/noticias-de-la-tierra-mineria-extractivista-y-lucha-popular\/"},"modified":"2015-11-08T19:54:00","modified_gmt":"2015-11-08T19:54:00","slug":"noticias-de-la-tierra-mineria-extractivista-y-lucha-popular","status":"publish","type":"post","link":"http:\/\/fmriachuelo.it10.com.ar\/index.php\/2015\/11\/08\/noticias-de-la-tierra-mineria-extractivista-y-lucha-popular\/","title":{"rendered":"NOTICIAS DE LA TIERRA: MINER\u00cdA EXTRACTIVISTA Y LUCHA POPULAR"},"content":{"rendered":"<p><span><b>CUIDAR LA PACHA MAMA<\/b><\/span><br \/><span><b><br \/><\/b><\/span><\/p>\n<div style=\"clear: both;text-align: center\"><a href=\"http:\/\/4.bp.blogspot.com\/-TNak698yjW8\/Vj-nImYycVI\/AAAAAAAAHLs\/M25U9OoY5PE\/s1600\/mineria.jpg\" style=\"clear: left;float: left;margin-bottom: 1em;margin-right: 1em\"><img loading=\"lazy\" decoding=\"async\" border=\"0\" height=\"190\" src=\"http:\/\/4.bp.blogspot.com\/-TNak698yjW8\/Vj-nImYycVI\/AAAAAAAAHLs\/M25U9OoY5PE\/s320\/mineria.jpg\" width=\"320\" \/><\/a><\/div>\n<p><span>[FMR 8\/11\/15] A continuaci\u00f3n te presentamos una selecci\u00f3n de noticias sobre la miner\u00eda extractivista que afectan a la madre tierra.&nbsp;<\/span><br \/><span><br \/><\/span><b style=\"font-family: Verdana, sans-serif;text-align: justify\">Vecinos de Las Coloradas piden que se cancele concesi\u00f3n minera<\/b><br \/><span><\/span><\/p>\n<div style=\"text-align: justify\"><span>(Neuqu\u00e9n) Vecinos autoconvocados de Las Coloradas presentaron ayer un reclamo administrativo en Casa de Gobierno para que se cancele la concesi\u00f3n minera a favor de la empresa Southern Copper. Aseguraron que \u00abagentes\u00bb de la firma est\u00e1n presionando en el pueblo para revertir la postura contra el proyecto minero.<\/span><\/div>\n<p><span><\/span><\/p>\n<div style=\"text-align: justify\"><span><a href=\"http:\/\/www.noalamina.org\/mineria-argentina\/neuquen\/item\/14788-vecinos-de-las-coloradas-piden-que-se-cancele-concesion-minera\">http:\/\/www.noalamina.org\/mineria-argentina\/neuquen\/item\/14788-vecinos-de-las-coloradas-piden-que-se-cancele-concesion-minera<\/a><\/span><\/div>\n<p><span><\/p>\n<div style=\"text-align: justify\"><\/div>\n<div style=\"text-align: justify\"><b>Famatina: otra minera que es obligada a retirarse por la presi\u00f3n de la ciudadan\u00eda organizada<\/b><\/div>\n<div style=\"text-align: justify\">Esta semana es la cuarta vez que esta comunidad consigue frenar un proyecto de explotaci\u00f3n a cielo abierto. Ya lo hab\u00eda hecho con las multinacionales Barrick Gold, Osisko y Shandong Gold. La mediaci\u00f3n del obispo riojano fue clave. Los constantes reclamos de pobladores de Famatina lograron su prop\u00f3sito. Finalmente la minera salte\u00f1a Midais se retirar\u00e1 del cauce del r\u00edo Blanco \u2013en el cord\u00f3n del Famatina\u2013 donde proyectaba encarar un emprendimiento extractivo.<\/div>\n<div style=\"text-align: justify\"><a href=\"http:\/\/www.infobae.com\/2015\/11\/04\/1767156-otra-minera-se-va-famatina-la-presion-la-ciudadania\">http:\/\/www.infobae.com\/2015\/11\/04\/1767156-otra-minera-se-va-famatina-la-presion-la-ciudadania<\/a><\/div>\n<div style=\"text-align: justify\">\n<p><a name='more'><\/a><\/div>\n<div style=\"text-align: justify\"><b>Cabildo Abierto analiz\u00f3 la miner\u00eda metal\u00edfera e di\u00f3 impulso a su prohibici\u00f3n en San Mart\u00edn de los Andes<\/b><\/div>\n<div style=\"text-align: justify\">Este martes 3 de noviembre se realiz\u00f3 en el Concejo Deliberante de San Mart\u00edn de los Andes la jornada \u201cCabildo a Cielo Abierto\u201d que dio un contundente respaldo al proyecto de ordenanza que proh\u00edbe la megaminer\u00eda en el ejido municipal, por considerar que se trata de una forma de extractivismo extremo que afecta a las personas y el ambiente, como reacci\u00f3n al emprendimiento que una multinacional aspira a desarrollar en Las Coloradas, a unos 120 kil\u00f3metros de aqu\u00ed.<\/div>\n<div style=\"text-align: justify\"><a href=\"http:\/\/www.noalamina.org\/mineria-argentina\/neuquen\/item\/14787-cabildo-abierto-analizo-la-mineria-metalifera-e-dio-impulso-a-su-prohibicion-en-san-martin-de-los-andes\">http:\/\/www.noalamina.org\/mineria-argentina\/neuquen\/item\/14787-cabildo-abierto-analizo-la-mineria-metalifera-e-dio-impulso-a-su-prohibicion-en-san-martin-de-los-andes<\/a><\/div>\n<div style=\"text-align: justify\"><\/div>\n<div style=\"font-weight: bold\"><span><b>PER\u00da<\/b><\/span><\/div>\n<div style=\"font-weight: bold;text-align: justify\"><b>Mina Pucamarca y riesgo de contaminaci\u00f3n del R\u00edo Usuchuma<\/b><\/div>\n<div style=\"text-align: justify\">Una mina de oro en la frontera chileno-peruana es reconocida por sus altos estandartes ambientales por las empresas. Pero seg\u00fan las poblaciones fronterizas, amenaza los recursos h\u00eddricos del rio.<\/div>\n<div style=\"text-align: justify\"><a href=\"http:\/\/www.noalamina.org\/latinoamerica\/peru\/item\/14785-mina-pucamarca-y-riesgo-de-contaminacion-del-rio-usuchuma\">http:\/\/www.noalamina.org\/latinoamerica\/peru\/item\/14785-mina-pucamarca-y-riesgo-de-contaminacion-del-rio-usuchuma<\/a><\/div>\n<p><\/span><\/p>\n<div style=\"text-align: justify\"><span><br \/><b>BRASIL<\/b><\/span><span><b>Colaps\u00f3 un dique de colas mineras en Brasil: 15 muertos<\/b><\/span><\/div>\n<p><span><\/span><\/p>\n<div style=\"text-align: justify\"><span>Cedi\u00f3 una estructura donde se contienen residuos l\u00edquidos con t\u00f3xicos y minerales en las inmediaciones de una explotaci\u00f3n minera en Minas Gerais. Hay al menos 45 desaparecidos y 15 muertos.<\/span><\/div>\n<p><span><\/p>\n<div style=\"text-align: justify\"><a href=\"http:\/\/www.noalamina.org\/latinoamerica\/brasil\/item\/14786-colapso-un-dique-de-colas-mineras-en-brasil-15-muertos\">http:\/\/www.noalamina.org\/latinoamerica\/brasil\/item\/14786-colapso-un-dique-de-colas-mineras-en-brasil-15-muertos<\/a><\/div>\n<div style=\"text-align: justify\"><\/div>\n<p><\/span><\/p>\n","protected":false},"excerpt":{"rendered":"<p>CUIDAR LA PACHA MAMA [FMR 8\/11\/15] A continuaci\u00f3n te presentamos una selecci\u00f3n de noticias sobre la miner\u00eda extractivista que afectan a la madre tierra.&nbsp;Vecinos de Las Coloradas piden que se cancele concesi\u00f3n minera (Neuqu\u00e9n) Vecinos autoconvocados de Las Coloradas presentaron ayer un reclamo administrativo en Casa de Gobierno para que se cancele la concesi\u00f3n minera [&hellip;]<\/p>\n","protected":false},"author":4,"featured_media":0,"comment_status":"open","ping_status":"open","sticky":false,"template":"","format":"standard","meta":{"_monsterinsights_skip_tracking":false,"_monsterinsights_sitenote_active":false,"_monsterinsights_sitenote_note":"","_monsterinsights_sitenote_category":0,"jnews-multi-image_gallery":[],"jnews_single_post":[],"jnews_primary_category":[],"_joinchat":[],"footnotes":""},"categories":[1],"tags":[],"class_list":["post-1618","post","type-post","status-publish","format-standard","hentry","category-habitat"],"_links":{"self":[{"href":"http:\/\/fmriachuelo.it10.com.ar\/index.php\/wp-json\/wp\/v2\/posts\/1618","targetHints":{"allow":["GET"]}}],"collection":[{"href":"http:\/\/fmriachuelo.it10.com.ar\/index.php\/wp-json\/wp\/v2\/posts"}],"about":[{"href":"http:\/\/fmriachuelo.it10.com.ar\/index.php\/wp-json\/wp\/v2\/types\/post"}],"author":[{"embeddable":true,"href":"http:\/\/fmriachuelo.it10.com.ar\/index.php\/wp-json\/wp\/v2\/users\/4"}],"replies":[{"embeddable":true,"href":"http:\/\/fmriachuelo.it10.com.ar\/index.php\/wp-json\/wp\/v2\/comments?post=1618"}],"version-history":[{"count":0,"href":"http:\/\/fmriachuelo.it10.com.ar\/index.php\/wp-json\/wp\/v2\/posts\/1618\/revisions"}],"wp:attachment":[{"href":"http:\/\/fmriachuelo.it10.com.ar\/index.php\/wp-json\/wp\/v2\/media?parent=1618"}],"wp:term":[{"taxonomy":"category","embeddable":true,"href":"http:\/\/fmriachuelo.it10.com.ar\/index.php\/wp-json\/wp\/v2\/categories?post=1618"},{"taxonomy":"post_tag","embeddable":true,"href":"http:\/\/fmriachuelo.it10.com.ar\/index.php\/wp-json\/wp\/v2\/tags?post=1618"}],"curies":[{"name":"wp","href":"https:\/\/api.w.org\/{rel}","templated":true}]}}