{"id":16122,"date":"2022-08-02T22:31:37","date_gmt":"2022-08-02T22:31:37","guid":{"rendered":"http:\/\/fmriachuelo.com.ar\/?p=16122"},"modified":"2025-03-11T13:54:06","modified_gmt":"2025-03-11T16:54:06","slug":"un-pueblo-que-camina","status":"publish","type":"post","link":"http:\/\/fmriachuelo.it10.com.ar\/index.php\/2022\/08\/02\/un-pueblo-que-camina\/","title":{"rendered":"UN PUEBLO QUE CAMINA"},"content":{"rendered":"<p><b>[FM Riachuelo, 02\/08\/2022]\u00a0<\/b><strong>Un pueblo que camina. En el d\u00eda de hoy, esta definici\u00f3n es la m\u00e1s precisa para el pueblo latinoamericano; originario, negro, mestizo, criollo, cristiano\u2026 que expresa el encuentro de m\u00faltiples identidades para convertirse en una sola. Un pueblo que peregrina, que inici\u00f3 desde Luj\u00e1n, luego de una misa popular en la Bas\u00edlica, la peregrinaci\u00f3n \u201cFratelli Tutti\u201d, desde Argentina hasta Brasil. En el medio, el paso por San Cayetano este 7 de agosto que culminar\u00e1 la jornada en la Plaza de Mayo. Se trata de fortalecer la unidad de los pueblos a trav\u00e9s de la fe y la lucha, y no es menos que suceda en un contexto de fuerte embestida a los Movimientos Populares.<\/strong><\/p>\n<p>La peregrinaci\u00f3n \u201cFratelli Tutti\u201d (Hermanos Todos) inici\u00f3 hoy desde la Bas\u00edlica de Luj\u00e1n y llegar\u00e1 hasta Aparecida, Sao Paulo, Brasil. All\u00ed se dar\u00e1 la uni\u00f3n entre Nuestra Se\u00f1ora de Luj\u00e1n y Nuestra Se\u00f1ora de la Concepci\u00f3n Aparecida, dos patronas de la fe popular de cada pueblo. Este encuentro simboliza la uni\u00f3n entre los pueblos de la Argentina y del Brasil. Y tambi\u00e9n da cuenta de un entrelazamiento zurcido por la espiritualidad popular entre las luchas hist\u00f3ricas de un movimiento de trabajadores que en cada etapa hist\u00f3rica construye distintas formas para alcanzar el sue\u00f1os de una Patria Libre, Justa y Soberana.<\/p>\n<p><img loading=\"lazy\" decoding=\"async\" class=\"size-medium wp-image-16124 alignleft\" src=\"http:\/\/fmriachuelo.com.ar\/wp-content\/uploads\/2022\/08\/FOTO-1-300x200.jpg\" alt=\"\" width=\"300\" height=\"200\" srcset=\"http:\/\/fmriachuelo.it10.com.ar\/wp-content\/uploads\/2022\/08\/FOTO-1-300x200.jpg 300w, http:\/\/fmriachuelo.it10.com.ar\/wp-content\/uploads\/2022\/08\/FOTO-1-768x512.jpg 768w, http:\/\/fmriachuelo.it10.com.ar\/wp-content\/uploads\/2022\/08\/FOTO-1-750x500.jpg 750w, http:\/\/fmriachuelo.it10.com.ar\/wp-content\/uploads\/2022\/08\/FOTO-1.jpg 960w\" sizes=\"auto, (max-width: 300px) 100vw, 300px\" \/>No por nada, la misa cont\u00f3 con la participaci\u00f3n de referentes de la Uni\u00f3n de Trabajadores de la Econom\u00eda Popular (UTEP) como su Secretario General, Esteban Gringo Castro, presto a peregrinar; el Secretario de Derechos Humanos, Lito Borello; y Lucas Pedr\u00f3, Secretario de Cultos. Y con participaci\u00f3n de referentas del movimiento obrero como Carina Maloberti secretaria general de ATE SENASA e integrante del Frente Sindical Para el Modelo Nacional, y Tamara Barbar\u00e1 quien desde su rol en la Comisi\u00f3n Afrodescendiente de la Asociaci\u00f3n del Personal Legislativo (APL) viene haciendo una importante tarea por impulsar el reconocimiento de la figura del Negrito Manuel. Cercano al Gringo Castro y a la tarea de Misioneros de Francisco se pudo ver entre los asistentes a Gustavo Beliz.<\/p>\n<p>\u201cSiempre en las peleas que lleva adelante nuestro Pueblo por la liberaci\u00f3n la unidad entre la Fe y la Lucha es muy importante. Ni que hablar en este contexto mundial donde los Se\u00f1ores de la Guerra dirimen sus conflictos a los bombazos poniendo en riesgo al planeta y a los Pueblos. Nos parece muy bueno, en medio de esto, tener al Papa Francisco como l\u00edder, como nuestra inspiraci\u00f3n\u201d, expres\u00f3 Lito Borello, sobre el importante protagonismo de Francisco en la definici\u00f3n de horizontes y anhelos de los Movimientos Populares.<\/p>\n<p><img loading=\"lazy\" decoding=\"async\" class=\" wp-image-16125 aligncenter\" src=\"http:\/\/fmriachuelo.com.ar\/wp-content\/uploads\/2022\/08\/FOTO-2A-300x200.jpg\" alt=\"\" width=\"414\" height=\"276\" srcset=\"http:\/\/fmriachuelo.it10.com.ar\/wp-content\/uploads\/2022\/08\/FOTO-2A-300x200.jpg 300w, http:\/\/fmriachuelo.it10.com.ar\/wp-content\/uploads\/2022\/08\/FOTO-2A-768x512.jpg 768w, http:\/\/fmriachuelo.it10.com.ar\/wp-content\/uploads\/2022\/08\/FOTO-2A-750x500.jpg 750w, http:\/\/fmriachuelo.it10.com.ar\/wp-content\/uploads\/2022\/08\/FOTO-2A.jpg 960w\" sizes=\"auto, (max-width: 414px) 100vw, 414px\" \/><\/p>\n<p>La uni\u00f3n entre la Fe y la Lucha supone un momento de encuentro de las distintas identidades. Seg\u00fan Tamara Barbar\u00e1, esta peregrinaci\u00f3n se lleva adelante en ese marco: \u201cQueremos recorrer el camino de Manuel, que es un camino de unidad, de hermanamiento de los Pueblos. Un esclavizado que fue liberado por la Virgen. Es momento de caminar hacia el futuro porque vamos a un futuro de hermandad, de amor, de fraternidad\u201d.<\/p>\n<p>Gabriel Pato Duna, servidor del Movimiento Misioneros de Francisco, amigo del Negro Manuel y devoto de la Virgen de Luj\u00e1n, tambi\u00e9n se refiri\u00f3 al Papa y a la unidad de la Patria Grande: \u201cFrancisco tambi\u00e9n nos habla del sue\u00f1o incompleto de San Mart\u00edn y Bol\u00edvar. Nos gustar\u00eda caminar por toda la Latinoamericana, pero arrancamos con esto que vamos a hacer 2.500 kil\u00f3metros de los cuales 1.500 los vamos a hacer caminando, ojal\u00e1 que podamos tener la fuerza y que el pueblo vaya recogiendo esto\u201d.<\/p>\n<p><img loading=\"lazy\" decoding=\"async\" class=\"size-medium wp-image-16126 alignleft\" src=\"http:\/\/fmriachuelo.com.ar\/wp-content\/uploads\/2022\/08\/FOTO-2-300x200.jpg\" alt=\"\" width=\"300\" height=\"200\" srcset=\"http:\/\/fmriachuelo.it10.com.ar\/wp-content\/uploads\/2022\/08\/FOTO-2-300x200.jpg 300w, http:\/\/fmriachuelo.it10.com.ar\/wp-content\/uploads\/2022\/08\/FOTO-2-768x512.jpg 768w, http:\/\/fmriachuelo.it10.com.ar\/wp-content\/uploads\/2022\/08\/FOTO-2-750x500.jpg 750w, http:\/\/fmriachuelo.it10.com.ar\/wp-content\/uploads\/2022\/08\/FOTO-2.jpg 960w\" sizes=\"auto, (max-width: 300px) 100vw, 300px\" \/>La misa en la Bas\u00edlica fue celebrada por el Padre Sergio G\u00f3mez Tey, junto con los Padres Luis Perales y Juan Bosco. Antes de que comenzara la peregrinaci\u00f3n, los curas hicieron una entrega de medallas especiales para los peregrinos, junto con la bendici\u00f3n. \u201cPeregrinar es un s\u00edmbolo de la vida. Es lo que hace la gente todos los d\u00edas, cuando sale de su casa buscando un destino mejor, un trabajo, con solidaridad. La peregrinaci\u00f3n es un gesto de salida, de dar, y es un gesto de encuentro tambi\u00e9n por el que da, recibe, y ah\u00ed se produce un encuentro. Aqu\u00ed es el Pueblo que se mueve, y por eso Francisco valora a los Movimientos Populares, porque son un signo, una expresi\u00f3n de lo que el Pueblo hace todos los d\u00edas\u201d, expres\u00f3 el Padre Sergio.<\/p>\n<p>La peregrinaci\u00f3n tendr\u00e1 su paso por la Iglesia de San Cayetano, y as\u00ed coincidir\u00e1 con la marcha por Paz, Pan, Tierra, Techo y Trabajo que tendr\u00e1 lugar este domingo 7 de Agosto, d\u00eda del patrono del trabajo. Una movilizaci\u00f3n que tiene sus or\u00edgenes en la resistencia del Movimiento Obrero contra la \u00faltima dictadura militar, con las determinantes movilizaciones que realiz\u00f3 la CGT de Ubaldini bajo las consignas \u201cPaz, Pan y Trabajo\u201d, el 7 de noviembre de 1981 y el 30 de marzo de 1982.<\/p>\n<p><img loading=\"lazy\" decoding=\"async\" class=\"size-medium wp-image-16128 alignright\" src=\"http:\/\/fmriachuelo.com.ar\/wp-content\/uploads\/2022\/08\/FOTO-VIRGEN-300x200.jpg\" alt=\"\" width=\"300\" height=\"200\" srcset=\"http:\/\/fmriachuelo.it10.com.ar\/wp-content\/uploads\/2022\/08\/FOTO-VIRGEN-300x200.jpg 300w, http:\/\/fmriachuelo.it10.com.ar\/wp-content\/uploads\/2022\/08\/FOTO-VIRGEN-768x512.jpg 768w, http:\/\/fmriachuelo.it10.com.ar\/wp-content\/uploads\/2022\/08\/FOTO-VIRGEN-750x500.jpg 750w, http:\/\/fmriachuelo.it10.com.ar\/wp-content\/uploads\/2022\/08\/FOTO-VIRGEN.jpg 960w\" sizes=\"auto, (max-width: 300px) 100vw, 300px\" \/>Carina Maloberti se expres\u00f3 sobre el v\u00ednculo entre el Movimiento Obrero, la Fe Popular y la Econom\u00eda Popular: \u201cEn este movimiento humanista y cristiano que se expresa ac\u00e1 se entrelaza todo: el movimiento obrero, la econom\u00eda popular, el negrito Manuel, el proyecto continental sanmartiniano. Mientras por arriba se producen tironeos, hay un Pueblo que ha madurado en la solidaridad, en la experiencia comunitaria de la pandemia y que tiene claro los valores con los que tiene que enfrentar a sus enemigos. Hace unos d\u00edas llenamos el alma con la marcha de antorchas por Santa Evita, hoy la llenamos con esta peregrinaci\u00f3n hacia un Brasil que tambi\u00e9n define un rumbo que esperamos sea a favor de los Pueblos de todo el continente\u201d.<\/p>\n<p>Sobre esta misma l\u00ednea se expres\u00f3 Esteban Gringo Castro, secretario general de la UTEP: \u201cTodo eso est\u00e1 unido, el tema es que han hecho un esfuerzo enorme los sectores m\u00e1s concentrados de la econom\u00eda para separarlo, y no han podido. Entonces, la expresi\u00f3n del 7 de Agosto hoy tom\u00f3 ese color: la unidad entre la fe y la lucha. Y la fe y la lucha est\u00e1n unidas porque est\u00e1n unidas la fe y la vida. Es la lucha por la dignidad tambi\u00e9n, y un pueblo que camina es un pueblo que lucha por su dignidad. As\u00ed que eso vamos a intentar expresar este 7 de Agosto\u201d.<\/p>\n<p>La lucha del pueblo es una sola. Quiz\u00e1s en los \u00faltimos a\u00f1os, con la llegada de un Papa como Francisco que promueve una Iglesia que abra sus puertas, y con el fortalecimiento en el terreno simb\u00f3lico de los Santos Populares como Evita, el Negro Manuel y San Cayetano en un marco de lucha, la Fe Popular sea la expresi\u00f3n m\u00e1s clara de esta unidad.<\/p>\n<p><img loading=\"lazy\" decoding=\"async\" class=\" wp-image-16127 aligncenter\" src=\"http:\/\/fmriachuelo.com.ar\/wp-content\/uploads\/2022\/08\/FOTO-3-300x200.jpg\" alt=\"\" width=\"443\" height=\"295\" srcset=\"http:\/\/fmriachuelo.it10.com.ar\/wp-content\/uploads\/2022\/08\/FOTO-3-300x200.jpg 300w, http:\/\/fmriachuelo.it10.com.ar\/wp-content\/uploads\/2022\/08\/FOTO-3-768x512.jpg 768w, http:\/\/fmriachuelo.it10.com.ar\/wp-content\/uploads\/2022\/08\/FOTO-3-750x500.jpg 750w, http:\/\/fmriachuelo.it10.com.ar\/wp-content\/uploads\/2022\/08\/FOTO-3.jpg 960w\" sizes=\"auto, (max-width: 443px) 100vw, 443px\" \/><\/p>\n<p>De cara el domingo, concluye Borello: \u201cPara nuestro Pueblo San Cayetano se trata de alguna manera de un programa pol\u00edtico. Sintetizando banderas hist\u00f3ricas y estableciendo un hilo con las luchas que vienen desde hace tiempo pugnando por construir Otro Mundo Posible: Paz, Pan, Tierra, Techo y Trabajo. Este 7 de agosto iremos hasta Plaza de Mayo para mostrar, al que quiera ver, que los Pueblos siguen marchando, como dir\u00edan los guaran\u00edes, hacia la Tierra Sin Mal\u201d.<\/p>\n<p>&nbsp;<\/p>\n","protected":false},"excerpt":{"rendered":"<p>[FM Riachuelo, 02\/08\/2022]\u00a0Un pueblo que camina. En el d\u00eda de hoy, esta definici\u00f3n es la m\u00e1s precisa para el pueblo latinoamericano; originario, negro, mestizo, criollo, cristiano\u2026 que expresa el encuentro de m\u00faltiples identidades para convertirse en una sola. Un pueblo que peregrina, que inici\u00f3 desde Luj\u00e1n, luego de una misa popular en la Bas\u00edlica, la [&hellip;]<\/p>\n","protected":false},"author":5,"featured_media":16123,"comment_status":"closed","ping_status":"closed","sticky":false,"template":"","format":"standard","meta":{"_monsterinsights_skip_tracking":false,"_monsterinsights_sitenote_active":false,"_monsterinsights_sitenote_note":"","_monsterinsights_sitenote_category":0,"jnews-multi-image_gallery":[],"jnews_single_post":{"format":"standard"},"jnews_primary_category":[],"_joinchat":[],"footnotes":""},"categories":[58],"tags":[146,172,156],"class_list":["post-16122","post","type-post","status-publish","format-standard","has-post-thumbnail","hentry","category-noticiariachuelo","tag-religiosidad-popular","tag-san-cayetano","tag-tierra-techo-y-trabajo"],"_links":{"self":[{"href":"http:\/\/fmriachuelo.it10.com.ar\/index.php\/wp-json\/wp\/v2\/posts\/16122","targetHints":{"allow":["GET"]}}],"collection":[{"href":"http:\/\/fmriachuelo.it10.com.ar\/index.php\/wp-json\/wp\/v2\/posts"}],"about":[{"href":"http:\/\/fmriachuelo.it10.com.ar\/index.php\/wp-json\/wp\/v2\/types\/post"}],"author":[{"embeddable":true,"href":"http:\/\/fmriachuelo.it10.com.ar\/index.php\/wp-json\/wp\/v2\/users\/5"}],"replies":[{"embeddable":true,"href":"http:\/\/fmriachuelo.it10.com.ar\/index.php\/wp-json\/wp\/v2\/comments?post=16122"}],"version-history":[{"count":1,"href":"http:\/\/fmriachuelo.it10.com.ar\/index.php\/wp-json\/wp\/v2\/posts\/16122\/revisions"}],"predecessor-version":[{"id":22171,"href":"http:\/\/fmriachuelo.it10.com.ar\/index.php\/wp-json\/wp\/v2\/posts\/16122\/revisions\/22171"}],"wp:featuredmedia":[{"embeddable":true,"href":"http:\/\/fmriachuelo.it10.com.ar\/index.php\/wp-json\/wp\/v2\/media\/16123"}],"wp:attachment":[{"href":"http:\/\/fmriachuelo.it10.com.ar\/index.php\/wp-json\/wp\/v2\/media?parent=16122"}],"wp:term":[{"taxonomy":"category","embeddable":true,"href":"http:\/\/fmriachuelo.it10.com.ar\/index.php\/wp-json\/wp\/v2\/categories?post=16122"},{"taxonomy":"post_tag","embeddable":true,"href":"http:\/\/fmriachuelo.it10.com.ar\/index.php\/wp-json\/wp\/v2\/tags?post=16122"}],"curies":[{"name":"wp","href":"https:\/\/api.w.org\/{rel}","templated":true}]}}