{"id":1612,"date":"2015-11-11T13:06:00","date_gmt":"2015-11-11T13:06:00","guid":{"rendered":"http:\/\/fmriachuelo.observatorioess.org.ar\/index.php\/2015\/11\/11\/jornada-nacional-contra-la-megamineria-12-de-noviembre\/"},"modified":"2015-11-11T13:06:00","modified_gmt":"2015-11-11T13:06:00","slug":"jornada-nacional-contra-la-megamineria-12-de-noviembre","status":"publish","type":"post","link":"http:\/\/fmriachuelo.it10.com.ar\/index.php\/2015\/11\/11\/jornada-nacional-contra-la-megamineria-12-de-noviembre\/","title":{"rendered":"JORNADA NACIONAL CONTRA LA MEGAMINER\u00cdA: 12 DE NOVIEMBRE"},"content":{"rendered":"<p><span style=\"color: red;font-family: Verdana, sans-serif;font-size: large\"><b>RESISTENCIA POPULAR &nbsp;<\/b><\/span><br \/><span style=\"color: red;font-family: Verdana, sans-serif;font-size: large\"><b><br \/><\/b><\/span><\/p>\n<div style=\"clear: both;text-align: center\"><a href=\"http:\/\/3.bp.blogspot.com\/-IQp9bFjNjzI\/VkM8Sorys0I\/AAAAAAAAHNw\/oKA50ahw3QI\/s1600\/megaminer%25C3%25ADa.jpg\" style=\"clear: left;float: left;margin-bottom: 1em;margin-right: 1em\"><img loading=\"lazy\" decoding=\"async\" border=\"0\" height=\"245\" src=\"http:\/\/3.bp.blogspot.com\/-IQp9bFjNjzI\/VkM8Sorys0I\/AAAAAAAAHNw\/oKA50ahw3QI\/s320\/megaminer%25C3%25ADa.jpg\" width=\"320\" \/><\/a><\/div>\n<p><span style=\"font-family: Verdana, sans-serif\"><\/p>\n<div style=\"text-align: justify\">Difundimos gacetilla:<\/div>\n<div style=\"text-align: justify\"><\/div>\n<div style=\"text-align: justify\">El 12 de Noviembre se estar\u00e1 llevando a cabo en distintas ciudades del pa\u00eds esta <b>Jornada Nacional contra la MEGAMINER\u00cdA.<\/b><\/div>\n<div style=\"text-align: justify\"><\/div>\n<div style=\"text-align: justify\">Actualmente unas 30 empresas transnacionales, como Meridian Gold, Tenke Mining Corporation, Barrick Gold, Xstrata Plc, Northern Orion Resources, AngloGold Ashanti y Silver Standard Resources, llevan a cabo proyectos de exploraci\u00f3n y extracci\u00f3n de minerales en nuestro pa\u00eds, todas utilizando en su mayor\u00eda personal tercerizado.<\/div>\n<div style=\"text-align: justify\"><\/div>\n<div style=\"text-align: justify\">Estas trasnacionales utilizan por d\u00eda alrededor de 9 toneladas de explosivos para volar las monta\u00f1as, grandes cantidades de qu\u00edmicos como el cianuro de sodio, el ars\u00e9nico y el \u00e1cido sulf\u00farico para separar los metales de la roca, y millones de litros de agua potable, generando la contaminaci\u00f3n de los suelos, r\u00edos, arroyos y acu\u00edferos, empobrecimiento y enfermedad de los habitantes.<\/div>\n<div style=\"text-align: justify\"><a name='more'><\/a><\/div>\n<div style=\"text-align: justify\">Gracias a la complicidad de la gran mayor\u00eda de los pol\u00edticos, incluyendo a quien ser\u00e1 nuestro pr\u00f3ximo \u201cPRESIDENTE\u201d, seg\u00fan las leyes 24.196 (Inversiones mineras), 24.228 (Pacto Federal Minero) y 24.224 (Reordenamiento minero), estas empresas gozan de grandes beneficios, mientras saquean nuestros bienes comunes, y envenenan a nuestro pueblo.<\/div>\n<div style=\"text-align: justify\"><\/div>\n<div style=\"text-align: justify\">A 2 meses del derrame de m\u00e1s de 1.000.000 de litros de agua con cianuro por parte de la empresa Barrick Gold y teniendo en cuenta que nuestro pa\u00eds se encuentra sometido por estas corporaciones que nos est\u00e1n envenenando y la constante represi\u00f3n que sufren los pueblos que intentan oponerse a la permanencia o instalaci\u00f3n de \u00e9stas, proponemos una masiva movilizaci\u00f3n en todo el pa\u00eds, ya que todos\/as somos v\u00edctimas de manera directa o indirecta, para decir BASTA DE MEGAMINER\u00cdA.<\/div>\n<div style=\"text-align: justify\"><\/div>\n<div style=\"text-align: justify\">No podemos seguir permitiendo esto, debemos estar aunados en esta lucha hoy m\u00e1s que nunca y demostrar que no estamos de acuerdo con la econom\u00eda basada en el saqueo de nuestros bienes comunes, en la generaci\u00f3n de riquezas para muy pocos, sin importar la devastaci\u00f3n y desempleo que estas generan.<\/div>\n<div style=\"text-align: justify\"><\/div>\n<div style=\"text-align: justify\">Sumate en tu ciudad. Es momento de que se vayan.<\/div>\n<div style=\"text-align: justify\"><\/div>\n<div style=\"text-align: justify\">NO NOS QUEDEMOS CALLADXS.<\/div>\n<div style=\"text-align: justify\">Listado de eventos:<\/div>\n<div style=\"text-align: justify\"><\/div>\n<div style=\"text-align: justify\">CABA: Obelisco, 18hs<\/div>\n<div style=\"text-align: justify\"><a href=\"https:\/\/www.facebook.com\/events\/523623801136950\/\">https:\/\/www.facebook.com\/events\/523623801136950\/<\/a><\/div>\n<div style=\"text-align: justify\">Tel\u00e9fono de contacto: 1154982802 (Juli\u00e1n)<\/div>\n<div style=\"text-align: justify\"><\/div>\n<div style=\"text-align: justify\">ANDALGAL\u00c1, CATAMARCA: Plaza 9 de Julio, 8hs<\/div>\n<div style=\"text-align: justify\"><a href=\"https:\/\/www.facebook.com\/asamblea.elalgarrobo\/photos\/a.1621471984747829.1073741828.1621194568108904\/1739284262966600\/?type=3\">https:\/\/www.facebook.com\/asamblea.elalgarrobo\/photos\/a.1621471984747829.1073741828.1621194568108904\/1739284262966600\/?type=3<\/a><\/div>\n<div style=\"text-align: justify\"><\/div>\n<div style=\"text-align: justify\">COMODORO RIVADAVIA, CHUBUT: Rawson 1127 (local CTA), 19hs&nbsp;<\/div>\n<div style=\"text-align: justify\"><a href=\"https:\/\/www.facebook.com\/events\/795489833895144\/\">https:\/\/www.facebook.com\/events\/795489833895144\/<\/a><\/div>\n<div style=\"text-align: justify\">Tel\u00e9fono de contacto: 0297 156248460 (Zulma Usqueda)<\/div>\n<div style=\"text-align: justify\"><\/div>\n<div style=\"text-align: justify\">C\u00d3RDOBA: Col\u00f3n y General Paz, 18hs<\/div>\n<div style=\"text-align: justify\"><a href=\"https:\/\/www.facebook.com\/photo.php?fbid=10153142959456975&amp;set=o.173160009690937&amp;type=3&amp;ref=notif&amp;notif_t=page_wall\">https:\/\/www.facebook.com\/photo.php?fbid=10153142959456975&amp;set=o.173160009690937&amp;type=3&amp;ref=notif\u00acif_t=page_wall<\/a><\/div>\n<div style=\"text-align: justify\"><\/div>\n<div style=\"text-align: justify\">J\u00c1CHAL, IGLESIAS Y SAN JUAN. Unidos: Plaza 25 de Mayo, 19hs<\/div>\n<div style=\"text-align: justify\"><a href=\"https:\/\/www.facebook.com\/events\/1668394383378438\/\">https:\/\/www.facebook.com\/events\/1668394383378438\/<\/a><\/div>\n<div style=\"text-align: justify\"><\/div>\n<div style=\"text-align: justify\">LA PLATA: Plaza San Mart\u00edn, 16hs<\/div>\n<div style=\"text-align: justify\"><a href=\"https:\/\/www.facebook.com\/events\/1499795763652058\/\">https:\/\/www.facebook.com\/events\/1499795763652058\/<\/a><\/div>\n<div style=\"text-align: justify\">Tel\u00e9fono de contacto: 2215250772 (Ramiro)<\/div>\n<div style=\"text-align: justify\"><\/div>\n<div style=\"text-align: justify\">MENDOZA: Plaza Independencia, 16hs<\/div>\n<div style=\"text-align: justify\"><a href=\"https:\/\/www.facebook.com\/events\/1633443203573808\/\">https:\/\/www.facebook.com\/events\/1633443203573808\/<\/a><\/div>\n<div style=\"text-align: justify\">Tel\u00e9fono de contacto: 2634282218 (Bel\u00e9n)<\/div>\n<div style=\"text-align: justify\"><\/div>\n<div style=\"text-align: justify\">RAWSON, CHUBUT: Sarmiento casi Luis Costa, 16hs<\/div>\n<div style=\"text-align: justify\"><a href=\"https:\/\/www.facebook.com\/events\/1713622655523833\/\">https:\/\/www.facebook.com\/events\/1713622655523833\/<\/a><\/div>\n<div style=\"text-align: justify\"><\/div>\n<div style=\"text-align: justify\">ROSARIO: Plaza Pringles, 16hs<\/div>\n<div style=\"text-align: justify\"><a href=\"https:\/\/www.facebook.com\/events\/929351120465522\/\">https:\/\/www.facebook.com\/events\/929351120465522\/<\/a><\/div>\n<div style=\"text-align: justify\">Tel\u00e9fono de contacto: 341 155 073 848 (Adriana)<\/div>\n<div style=\"text-align: justify\">341 155 153 239 (Sol)<\/div>\n<div style=\"text-align: justify\">341 155 115 037 (Mariel)<\/div>\n<div style=\"text-align: justify\"><\/div>\n<div style=\"text-align: justify\">SALTA: Plazoleta 4 siglos, 18hs<\/div>\n<div style=\"text-align: justify\"><a href=\"https:\/\/www.facebook.com\/yuyocoloraosalta\/photos\/a.902262806507680.1073741828.898588340208460\/998161353584491\/?type=3\">https:\/\/www.facebook.com\/yuyocoloraosalta\/photos\/a.902262806507680.1073741828.898588340208460\/998161353584491\/?type=3<\/a><\/div>\n<div style=\"text-align: justify\">Tel\u00e9fono de contacto: 387155211681<\/div>\n<div style=\"text-align: justify\"><\/div>\n<div style=\"text-align: justify\">SAN MIGUEL DE TUCUM\u00c1N: Plaza Independencia, 18hs<\/div>\n<div style=\"text-align: justify\"><a href=\"https:\/\/www.facebook.com\/events\/462202243989236\/\">https:\/\/www.facebook.com\/events\/462202243989236\/<\/a><\/div>\n<div style=\"text-align: justify\"><\/div>\n<div style=\"text-align: justify\">SANTA MAR\u00cdA, CATAMARCA: Plaza Belgrano, Santa Mar\u00eda, 18hs<\/div>\n<div style=\"text-align: justify\"><a href=\"https:\/\/www.facebook.com\/events\/970902479635013\/\">https:\/\/www.facebook.com\/events\/970902479635013\/<\/a><\/div>\n<div style=\"text-align: justify\">Tel\u00e9fono de contacto: 3816460997 (Karina Matinelli)<\/div>\n<div style=\"text-align: justify\"><\/div>\n<div style=\"text-align: justify\">TREL<br \/>\nEW, CHUBUT: Peatonal Luis Gaz\u00edn, 16hs<\/div>\n<div style=\"text-align: justify\"><a href=\"https:\/\/www.facebook.com\/events\/908348825915414\/\">https:\/\/www.facebook.com\/events\/908348825915414\/<\/a><\/div>\n<div style=\"text-align: justify\"><\/div>\n<div style=\"text-align: justify\">VILLA MERCEDES, SAN LUIS: Plaza San Mart\u00edn, 16hs<\/div>\n<div style=\"text-align: justify\"><a href=\"https:\/\/www.facebook.com\/events\/1664360363832447\/\">https:\/\/www.facebook.com\/events\/1664360363832447\/<\/a><\/div>\n<div style=\"text-align: justify\">Tel\u00e9fonos de contacto: 2657526118 (Marina)<\/div>\n<div style=\"text-align: justify\">2657657138 (Sebasti\u00e1n)<\/div>\n<div style=\"text-align: justify\"><\/div>\n<div style=\"text-align: justify\">P\u00e1gina principal en Facebook: Jornada Nacional contra la Megaminer\u00eda<\/div>\n<p><\/span><\/p>\n","protected":false},"excerpt":{"rendered":"<p>RESISTENCIA POPULAR &nbsp; Difundimos gacetilla: El 12 de Noviembre se estar\u00e1 llevando a cabo en distintas ciudades del pa\u00eds esta Jornada Nacional contra la MEGAMINER\u00cdA. Actualmente unas 30 empresas transnacionales, como Meridian Gold, Tenke Mining Corporation, Barrick Gold, Xstrata Plc, Northern Orion Resources, AngloGold Ashanti y Silver Standard Resources, llevan a cabo proyectos de exploraci\u00f3n [&hellip;]<\/p>\n","protected":false},"author":4,"featured_media":0,"comment_status":"open","ping_status":"open","sticky":false,"template":"","format":"standard","meta":{"_monsterinsights_skip_tracking":false,"_monsterinsights_sitenote_active":false,"_monsterinsights_sitenote_note":"","_monsterinsights_sitenote_category":0,"jnews-multi-image_gallery":[],"jnews_single_post":[],"jnews_primary_category":[],"_joinchat":[],"footnotes":""},"categories":[74],"tags":[],"class_list":["post-1612","post","type-post","status-publish","format-standard","hentry","category-san-cayetano"],"_links":{"self":[{"href":"http:\/\/fmriachuelo.it10.com.ar\/index.php\/wp-json\/wp\/v2\/posts\/1612","targetHints":{"allow":["GET"]}}],"collection":[{"href":"http:\/\/fmriachuelo.it10.com.ar\/index.php\/wp-json\/wp\/v2\/posts"}],"about":[{"href":"http:\/\/fmriachuelo.it10.com.ar\/index.php\/wp-json\/wp\/v2\/types\/post"}],"author":[{"embeddable":true,"href":"http:\/\/fmriachuelo.it10.com.ar\/index.php\/wp-json\/wp\/v2\/users\/4"}],"replies":[{"embeddable":true,"href":"http:\/\/fmriachuelo.it10.com.ar\/index.php\/wp-json\/wp\/v2\/comments?post=1612"}],"version-history":[{"count":0,"href":"http:\/\/fmriachuelo.it10.com.ar\/index.php\/wp-json\/wp\/v2\/posts\/1612\/revisions"}],"wp:attachment":[{"href":"http:\/\/fmriachuelo.it10.com.ar\/index.php\/wp-json\/wp\/v2\/media?parent=1612"}],"wp:term":[{"taxonomy":"category","embeddable":true,"href":"http:\/\/fmriachuelo.it10.com.ar\/index.php\/wp-json\/wp\/v2\/categories?post=1612"},{"taxonomy":"post_tag","embeddable":true,"href":"http:\/\/fmriachuelo.it10.com.ar\/index.php\/wp-json\/wp\/v2\/tags?post=1612"}],"curies":[{"name":"wp","href":"https:\/\/api.w.org\/{rel}","templated":true}]}}