{"id":1605,"date":"2015-11-15T18:01:00","date_gmt":"2015-11-15T18:01:00","guid":{"rendered":"http:\/\/fmriachuelo.observatorioess.org.ar\/index.php\/2015\/11\/15\/merlo-gomez-cels-hace-presentacion-en-la-justicia-en-resguardo-de-los-legitimos-derechos\/"},"modified":"2015-11-15T18:01:00","modified_gmt":"2015-11-15T18:01:00","slug":"merlo-gomez-cels-hace-presentacion-en-la-justicia-en-resguardo-de-los-legitimos-derechos","status":"publish","type":"post","link":"http:\/\/fmriachuelo.it10.com.ar\/index.php\/2015\/11\/15\/merlo-gomez-cels-hace-presentacion-en-la-justicia-en-resguardo-de-los-legitimos-derechos\/","title":{"rendered":"MERLO GOMEZ: CELS HACE PRESENTACI\u00d3N EN LA JUSTICIA EN RESGUARDO DE LOS LEG\u00cdTIMOS DERECHOS"},"content":{"rendered":"<div><span style=\"color: red;font-family: Verdana, sans-serif;font-size: large\"><b>DERECHOS HUMANOS: VIVIENDA DIGNA<\/b><\/span><\/div>\n<p><span style=\"font-family: Verdana, sans-serif\">CUESTI\u00d3N DE DERECHOS<\/span><\/p>\n<div style=\"clear: both;text-align: center\"><a href=\"http:\/\/1.bp.blogspot.com\/-SrCTEWeIl6U\/VkjH3sgoKsI\/AAAAAAAAHQo\/qaau6t-Dd1g\/s1600\/merlo1.jpg\" style=\"margin-left: 1em;margin-right: 1em\"><img loading=\"lazy\" decoding=\"async\" border=\"0\" height=\"180\" src=\"http:\/\/1.bp.blogspot.com\/-SrCTEWeIl6U\/VkjH3sgoKsI\/AAAAAAAAHQo\/qaau6t-Dd1g\/s320\/merlo1.jpg\" width=\"320\" \/><\/a><\/div>\n<p><span style=\"font-family: Verdana, sans-serif\"><\/p>\n<div style=\"text-align: justify\">[Por Horacio Verbitsky]<\/div>\n<div style=\"text-align: justify\">El viernes la Fiscal\u00eda General de Mor\u00f3n recibi\u00f3 una presentaci\u00f3n del CELS sobre la normativa nacional e internacional que se\u00f1alan el derecho humano de quienes se instalaron en el predio a una vivienda digna y a un h\u00e1bitat adecuado. El organismo cit\u00f3 los art\u00edculos de las constituciones nacional y bonaerense, del Pacto Internacional de Derechos, Econ\u00f3micos, Sociales y Culturales, de la Declaraci\u00f3n Universal de Derechos Humanos, de la Declaraci\u00f3n Americana sobre Derechos y Deberes del Hombre, de la Convenci\u00f3n Americana sobre Derechos Humanos y de la Carta de la OEA que garantizan esos derechos. En consecuencia, sostuvo, \u201ces preciso avanzar sobre la protecci\u00f3n contra desalojos forzosos\u201d, tal como garantiza la Observaci\u00f3n General N\u00ba 7 del Comit\u00e9 de Derechos Econ\u00f3micos, Sociales y Culturales de Naciones Unidas, para la cual los desalojos forzosos son  incompatibles con los requisitos del Pacto. Esa Observaci\u00f3n tambi\u00e9n establece las garant\u00edas procesales aplicables en un conflicto por acceso a la tierra y a la vivienda, como asistencia letrada y una aut\u00e9ntica oportunidad de participaci\u00f3n de las personas afectadas en un proceso judicial abierto para reivindicar la propiedad inmueble. De este modo los desalojos no deber\u00edan dejar a esas personas sin vivienda o expuestas a violaciones de otros derechos humanos, a la integridad f\u00edsica, a la vida, y a un conjunto m\u00e1s amplio de derechos econ\u00f3micos y sociales.<\/div>\n<div style=\"text-align: justify\"><a name='more'><\/a><\/div>\n<div style=\"text-align: justify\">El CELS enumera diversos fallos de jueces de la Provincia de Buenos Aires que aseguraron esos derechos en distintos casos similares. Tambi\u00e9n menciona numerosos barrios que han logrado iniciar un proceso de formalizaci\u00f3n a partir de negociaciones satisfactorias con los propietarios del suelo, mediante mesas de di\u00e1logo con representantes del Estado, delegados de los asentamientos y los propietarios de los terrenos en cuesti\u00f3n. Con esos antecedentes, el CELS solicit\u00f3 a la fiscal\u00eda general avanzar en un plan de integraci\u00f3n socio-urbana, mediante las herramientas de gesti\u00f3n de la Ley de Acceso Justo al H\u00e1bitat, definidas como el \u201cconjunto de acciones que de forma progresiva, integral y participativa, incluyan, entre otras, la construcci\u00f3n, mejora y ampliaci\u00f3n de las viviendas, del equipamiento social y de la infraestructura, el acceso a los servicios, el tratamiento de los espacios libres y p\u00fablicos, la eliminaci\u00f3n de barreras urbanas, cuando existieran, la mejora en la accesibilidad y conectividad, el saneamiento y mitigaci\u00f3n ambiental, el redimensionamiento parcelario y la regularizaci\u00f3n dominial. Seguramente la conformaci\u00f3n de una Mesa de Gesti\u00f3n integrada por representantes de los vecinos, de los gobiernos municipal y provincial \u2013tanto entrante, como saliente\u2013 y de propietarios del predio ocupado, no terminar\u00e1 con el problema tan r\u00e1pido como lo sucedido en el Parque Indoamericano. Pero hasta la propia gobernadora Vidal terminar\u00e1 por agradecerlo.<\/div>\n<p><\/span><\/p>\n","protected":false},"excerpt":{"rendered":"<p>DERECHOS HUMANOS: VIVIENDA DIGNA CUESTI\u00d3N DE DERECHOS [Por Horacio Verbitsky] El viernes la Fiscal\u00eda General de Mor\u00f3n recibi\u00f3 una presentaci\u00f3n del CELS sobre la normativa nacional e internacional que se\u00f1alan el derecho humano de quienes se instalaron en el predio a una vivienda digna y a un h\u00e1bitat adecuado. El organismo cit\u00f3 los art\u00edculos de [&hellip;]<\/p>\n","protected":false},"author":4,"featured_media":0,"comment_status":"open","ping_status":"open","sticky":false,"template":"","format":"standard","meta":{"_monsterinsights_skip_tracking":false,"_monsterinsights_sitenote_active":false,"_monsterinsights_sitenote_note":"","_monsterinsights_sitenote_category":0,"jnews-multi-image_gallery":[],"jnews_single_post":[],"jnews_primary_category":[],"_joinchat":[],"footnotes":""},"categories":[1],"tags":[],"class_list":["post-1605","post","type-post","status-publish","format-standard","hentry","category-habitat"],"_links":{"self":[{"href":"http:\/\/fmriachuelo.it10.com.ar\/index.php\/wp-json\/wp\/v2\/posts\/1605","targetHints":{"allow":["GET"]}}],"collection":[{"href":"http:\/\/fmriachuelo.it10.com.ar\/index.php\/wp-json\/wp\/v2\/posts"}],"about":[{"href":"http:\/\/fmriachuelo.it10.com.ar\/index.php\/wp-json\/wp\/v2\/types\/post"}],"author":[{"embeddable":true,"href":"http:\/\/fmriachuelo.it10.com.ar\/index.php\/wp-json\/wp\/v2\/users\/4"}],"replies":[{"embeddable":true,"href":"http:\/\/fmriachuelo.it10.com.ar\/index.php\/wp-json\/wp\/v2\/comments?post=1605"}],"version-history":[{"count":0,"href":"http:\/\/fmriachuelo.it10.com.ar\/index.php\/wp-json\/wp\/v2\/posts\/1605\/revisions"}],"wp:attachment":[{"href":"http:\/\/fmriachuelo.it10.com.ar\/index.php\/wp-json\/wp\/v2\/media?parent=1605"}],"wp:term":[{"taxonomy":"category","embeddable":true,"href":"http:\/\/fmriachuelo.it10.com.ar\/index.php\/wp-json\/wp\/v2\/categories?post=1605"},{"taxonomy":"post_tag","embeddable":true,"href":"http:\/\/fmriachuelo.it10.com.ar\/index.php\/wp-json\/wp\/v2\/tags?post=1605"}],"curies":[{"name":"wp","href":"https:\/\/api.w.org\/{rel}","templated":true}]}}