{"id":1604,"date":"2015-11-15T18:08:00","date_gmt":"2015-11-15T18:08:00","guid":{"rendered":"http:\/\/fmriachuelo.observatorioess.org.ar\/index.php\/2015\/11\/15\/colombia-nuevo-asesinato-de-lider-campesino\/"},"modified":"2015-11-15T18:08:00","modified_gmt":"2015-11-15T18:08:00","slug":"colombia-nuevo-asesinato-de-lider-campesino","status":"publish","type":"post","link":"http:\/\/fmriachuelo.it10.com.ar\/index.php\/2015\/11\/15\/colombia-nuevo-asesinato-de-lider-campesino\/","title":{"rendered":"COLOMBIA: NUEVO ASESINATO DE L\u00cdDER CAMPESINO"},"content":{"rendered":"<div style=\"clear: both;text-align: start\"><span style=\"color: red;font-family: Verdana, sans-serif;font-size: large\"><b>DENUNCIABA A LAS PETROLERAS<\/b><\/span><\/div>\n<div style=\"clear: both;text-align: start\"><span style=\"font-family: Verdana, sans-serif\">Asesinan a Daniel Abril, dirigente social del Congreso de los Pueblos<\/span><\/div>\n<div style=\"clear: both;text-align: start\"><span style=\"font-family: Verdana, sans-serif\"><br \/><\/span><\/div>\n<div style=\"clear: both;text-align: center\"><a href=\"http:\/\/1.bp.blogspot.com\/-HXtKZWZZDRY\/VkjI_xiYkXI\/AAAAAAAAHQ0\/7r8alVl-t9s\/s1600\/ABRIL.jpg\" style=\"clear: left;float: left;margin-bottom: 1em;margin-right: 1em\"><img decoding=\"async\" border=\"0\" src=\"http:\/\/1.bp.blogspot.com\/-HXtKZWZZDRY\/VkjI_xiYkXI\/AAAAAAAAHQ0\/7r8alVl-t9s\/s1600\/ABRIL.jpg\" \/><\/a><\/div>\n<p><span style=\"font-family: Verdana, sans-serif\"><\/p>\n<div style=\"text-align: justify\">El 13 de noviembre hacia las 7 de la noche, en el municipio de Trinidad, Casanare, el reconicodo l\u00edder social recibi\u00f3 tres disparos de arma de fuego. Destacado por su lucha en defensa del medio ambiente, hab\u00eda denunciando a las petroleras por la sequ\u00eda en la regi\u00f3n. Era presidente de la Junta de Acci\u00f3n Comunal de la vereda Los Chochos.<\/div>\n<div style=\"text-align: justify\"><\/div>\n<div style=\"text-align: justify\"><a href=\"http:\/\/colombiainforma.info\/politica\/derechos-humanos\/2885-asesinan-a-daniel-abril-dirigente-social-del-congreso-de-los-pueblos\">http:\/\/colombiainforma.info\/politica\/derechos-humanos\/2885-asesinan-a-daniel-abril-dirigente-social-del-congreso-de-los-pueblos<\/a><\/div>\n<div style=\"text-align: justify\"><\/div>\n<div><span style=\"font-family: Verdana, sans-serif\">Difundimos Comunicado Congreso de los Pueblos:<\/span><\/div>\n<p>RECHAZAMOS EL ASESINATO DANIEL ABRIL DEFENSOR DE DEL MEDIO AMBIENTE, DEL AGUA, DEL TERRITORIO, DE LOS DERECHOS HUMANOS, DE LAS V\u00cdCTIMAS, DESTACADO L\u00cdDER CAMPESINO  DEL DEPARTAMENTO DE CASANARE<\/span><\/p>\n<div><span style=\"font-family: Verdana, sans-serif\"><a href=\"http:\/\/www.congresodelospueblos.org\/comunicados-congreso-de-los-pueblos\/item\/794-comunicado-publico-a-la-comunidad-nacional-e-internacional-ambientalistas-y-defensores-de-derechos-humanos-del-mundo.html\">http:\/\/www.congresodelospueblos.org\/comunicados-congreso-de-los-pueblos\/item\/794-comunicado-publico-a-la-comunidad-nacional-e-internacional-ambientalistas-y-defensores-de-derechos-humanos-del-mundo.html<\/a><\/span><\/div>\n<div><\/div>\n","protected":false},"excerpt":{"rendered":"<p>DENUNCIABA A LAS PETROLERAS Asesinan a Daniel Abril, dirigente social del Congreso de los Pueblos El 13 de noviembre hacia las 7 de la noche, en el municipio de Trinidad, Casanare, el reconicodo l\u00edder social recibi\u00f3 tres disparos de arma de fuego. Destacado por su lucha en defensa del medio ambiente, hab\u00eda denunciando a las [&hellip;]<\/p>\n","protected":false},"author":4,"featured_media":0,"comment_status":"open","ping_status":"open","sticky":false,"template":"","format":"standard","meta":{"_monsterinsights_skip_tracking":false,"_monsterinsights_sitenote_active":false,"_monsterinsights_sitenote_note":"","_monsterinsights_sitenote_category":0,"jnews-multi-image_gallery":[],"jnews_single_post":[],"jnews_primary_category":[],"_joinchat":[],"footnotes":""},"categories":[1],"tags":[],"class_list":["post-1604","post","type-post","status-publish","format-standard","hentry","category-habitat"],"_links":{"self":[{"href":"http:\/\/fmriachuelo.it10.com.ar\/index.php\/wp-json\/wp\/v2\/posts\/1604","targetHints":{"allow":["GET"]}}],"collection":[{"href":"http:\/\/fmriachuelo.it10.com.ar\/index.php\/wp-json\/wp\/v2\/posts"}],"about":[{"href":"http:\/\/fmriachuelo.it10.com.ar\/index.php\/wp-json\/wp\/v2\/types\/post"}],"author":[{"embeddable":true,"href":"http:\/\/fmriachuelo.it10.com.ar\/index.php\/wp-json\/wp\/v2\/users\/4"}],"replies":[{"embeddable":true,"href":"http:\/\/fmriachuelo.it10.com.ar\/index.php\/wp-json\/wp\/v2\/comments?post=1604"}],"version-history":[{"count":0,"href":"http:\/\/fmriachuelo.it10.com.ar\/index.php\/wp-json\/wp\/v2\/posts\/1604\/revisions"}],"wp:attachment":[{"href":"http:\/\/fmriachuelo.it10.com.ar\/index.php\/wp-json\/wp\/v2\/media?parent=1604"}],"wp:term":[{"taxonomy":"category","embeddable":true,"href":"http:\/\/fmriachuelo.it10.com.ar\/index.php\/wp-json\/wp\/v2\/categories?post=1604"},{"taxonomy":"post_tag","embeddable":true,"href":"http:\/\/fmriachuelo.it10.com.ar\/index.php\/wp-json\/wp\/v2\/tags?post=1604"}],"curies":[{"name":"wp","href":"https:\/\/api.w.org\/{rel}","templated":true}]}}