{"id":1603,"date":"2015-11-15T18:12:00","date_gmt":"2015-11-15T18:12:00","guid":{"rendered":"http:\/\/fmriachuelo.observatorioess.org.ar\/index.php\/2015\/11\/15\/en-paris-y-en-el-libano-criminal-atentado\/"},"modified":"2015-11-15T18:12:00","modified_gmt":"2015-11-15T18:12:00","slug":"en-paris-y-en-el-libano-criminal-atentado","status":"publish","type":"post","link":"http:\/\/fmriachuelo.it10.com.ar\/index.php\/2015\/11\/15\/en-paris-y-en-el-libano-criminal-atentado\/","title":{"rendered":"EN PAR\u00cdS Y EN EL L\u00cdBANO:  CRIMINAL ATENTADO"},"content":{"rendered":"<div><span style=\"color: red;font-family: Verdana, sans-serif;font-size: large\"><b>SILENCIADO<\/b><\/span><\/div>\n<p><span style=\"font-family: Verdana, sans-serif\">No solo Par\u00eds sufri\u00f3 atentados, L\u00edbano de luto por 43 muertos y 200 heridos<\/span><\/p>\n<div style=\"clear: both;text-align: center\"><a href=\"http:\/\/2.bp.blogspot.com\/-udUQ0f_Uccw\/VkjKomV8GzI\/AAAAAAAAHRA\/AuMM5YGlh3w\/s1600\/beirut2.jpg\" style=\"margin-left: 1em;margin-right: 1em\"><img loading=\"lazy\" decoding=\"async\" border=\"0\" height=\"179\" src=\"http:\/\/2.bp.blogspot.com\/-udUQ0f_Uccw\/VkjKomV8GzI\/AAAAAAAAHRA\/AuMM5YGlh3w\/s320\/beirut2.jpg\" width=\"320\" \/><\/a><\/div>\n<p><span style=\"font-family: Verdana, sans-serif\"><\/p>\n<div style=\"text-align: justify\">[Desinform\u00e9monos, 14\/11\/15]Un d\u00eda antes de los m\u00faltiples atentados en la capital francesa y que han causado 127 muertos, una doble explosi\u00f3n sacud\u00eda los suburbios de Beirut, capital del L\u00edbano, provocando al menos 43 muertos y 200 heridos, seg\u00fan fuentes de la Cruz Roja libanesa y otras oficiales citadas por el diario liban\u00e9s The Daily Star. El atentado, reivindicado por el autodenominado Estado Isl\u00e1mico (IS), ha tenido lugar en el barrio de Bourj el Barajneh, un \u00e1rea poblada mayormente por habitantes de confesi\u00f3n chi\u00ed y basti\u00f3n del partido-milicia Hizbul\u00e1.<\/div>\n<div style=\"text-align: justify\"><a href=\"http:\/\/desinformemonos.org.mx\/no-solo-paris-sufrio-atentados-libano-de-luto-por-43-muertos-y-200-heridos\/\">http:\/\/desinformemonos.org.mx\/no-solo-paris-sufrio-atentados-libano-de-luto-por-43-muertos-y-200-heridos\/<\/a><\/div>\n<p><\/span><\/p>\n","protected":false},"excerpt":{"rendered":"<p>SILENCIADO No solo Par\u00eds sufri\u00f3 atentados, L\u00edbano de luto por 43 muertos y 200 heridos [Desinform\u00e9monos, 14\/11\/15]Un d\u00eda antes de los m\u00faltiples atentados en la capital francesa y que han causado 127 muertos, una doble explosi\u00f3n sacud\u00eda los suburbios de Beirut, capital del L\u00edbano, provocando al menos 43 muertos y 200 heridos, seg\u00fan fuentes de [&hellip;]<\/p>\n","protected":false},"author":4,"featured_media":0,"comment_status":"open","ping_status":"open","sticky":false,"template":"","format":"standard","meta":{"_monsterinsights_skip_tracking":false,"_monsterinsights_sitenote_active":false,"_monsterinsights_sitenote_note":"","_monsterinsights_sitenote_category":0,"jnews-multi-image_gallery":[],"jnews_single_post":[],"jnews_primary_category":[],"_joinchat":[],"footnotes":""},"categories":[1],"tags":[],"class_list":["post-1603","post","type-post","status-publish","format-standard","hentry","category-habitat"],"_links":{"self":[{"href":"http:\/\/fmriachuelo.it10.com.ar\/index.php\/wp-json\/wp\/v2\/posts\/1603","targetHints":{"allow":["GET"]}}],"collection":[{"href":"http:\/\/fmriachuelo.it10.com.ar\/index.php\/wp-json\/wp\/v2\/posts"}],"about":[{"href":"http:\/\/fmriachuelo.it10.com.ar\/index.php\/wp-json\/wp\/v2\/types\/post"}],"author":[{"embeddable":true,"href":"http:\/\/fmriachuelo.it10.com.ar\/index.php\/wp-json\/wp\/v2\/users\/4"}],"replies":[{"embeddable":true,"href":"http:\/\/fmriachuelo.it10.com.ar\/index.php\/wp-json\/wp\/v2\/comments?post=1603"}],"version-history":[{"count":0,"href":"http:\/\/fmriachuelo.it10.com.ar\/index.php\/wp-json\/wp\/v2\/posts\/1603\/revisions"}],"wp:attachment":[{"href":"http:\/\/fmriachuelo.it10.com.ar\/index.php\/wp-json\/wp\/v2\/media?parent=1603"}],"wp:term":[{"taxonomy":"category","embeddable":true,"href":"http:\/\/fmriachuelo.it10.com.ar\/index.php\/wp-json\/wp\/v2\/categories?post=1603"},{"taxonomy":"post_tag","embeddable":true,"href":"http:\/\/fmriachuelo.it10.com.ar\/index.php\/wp-json\/wp\/v2\/tags?post=1603"}],"curies":[{"name":"wp","href":"https:\/\/api.w.org\/{rel}","templated":true}]}}