{"id":1602,"date":"2015-11-15T18:30:00","date_gmt":"2015-11-15T18:30:00","guid":{"rendered":"http:\/\/fmriachuelo.observatorioess.org.ar\/index.php\/2015\/11\/15\/la-boca-accion-colectiva-en-defensa-de-nuestros-pibes\/"},"modified":"2015-11-15T18:30:00","modified_gmt":"2015-11-15T18:30:00","slug":"la-boca-accion-colectiva-en-defensa-de-nuestros-pibes","status":"publish","type":"post","link":"http:\/\/fmriachuelo.it10.com.ar\/index.php\/2015\/11\/15\/la-boca-accion-colectiva-en-defensa-de-nuestros-pibes\/","title":{"rendered":"LA BOCA: ACCI\u00d3N COLECTIVA EN DEFENSA DE NUESTROS PIBES"},"content":{"rendered":"<p><\/p>\n<div style=\"clear: both;text-align: center\"><\/div>\n<p><span><span style=\"color: red;font-size: large\"><b>\u00a1NI UN PIBE MENOS!<\/b><\/span><\/span><\/p>\n<div style=\"text-align: justify\">\n<div style=\"clear: both;text-align: center\"><a href=\"http:\/\/3.bp.blogspot.com\/-DKLN27pq0vQ\/VkjtYYiNfQI\/AAAAAAAAHRQ\/-_X3z3bESmg\/s1600\/la%2Bboca%2Bresiste%2B1.jpg\" style=\"margin-left: 1em;margin-right: 1em\"><img loading=\"lazy\" decoding=\"async\" border=\"0\" height=\"320\" src=\"http:\/\/3.bp.blogspot.com\/-DKLN27pq0vQ\/VkjtYYiNfQI\/AAAAAAAAHRQ\/-_X3z3bESmg\/s320\/la%2Bboca%2Bresiste%2B1.jpg\" width=\"226\" \/><\/a><\/div>\n<div style=\"text-align: justify\"><span><br \/><\/span><span>Este lunes, estaremos todos juntos, pidiendo justicia y d\u00e1ndole fuerzas a Lucas para que se recupere. Igual que ma\u00f1ana acompa\u00f1ando a la familia de Nehuen Rodriguez, otro de nuestros vecinos victima de la polic\u00eda metropolitana.&nbsp;<\/span><br \/><span>Vecinos es importante que todos nos comprometamos, los ni\u00f1os y los j\u00f3venes, son responsabilidad de los adultos y es nuestra responsabilidad velar por ellos, en paz y con firmeza, por eso el lunes todos a pedir: NI UN PIBE MENOS!!!!<\/span><br \/><span><\/span><br \/><a name='more'><\/a><span><br \/><\/span><\/p>\n<div style=\"clear: both;text-align: center\"><a href=\"http:\/\/3.bp.blogspot.com\/-kz-x3MPI1Ig\/VkjtbSy1SMI\/AAAAAAAAHRc\/njLzcLiLJJI\/s1600\/la%2Bboca%2Bresiste.jpg\" style=\"margin-left: 1em;margin-right: 1em\"><img loading=\"lazy\" decoding=\"async\" border=\"0\" height=\"320\" src=\"http:\/\/3.bp.blogspot.com\/-kz-x3MPI1Ig\/VkjtbSy1SMI\/AAAAAAAAHRc\/njLzcLiLJJI\/s320\/la%2Bboca%2Bresiste.jpg\" width=\"214\" \/><\/a><\/div>\n<p><span><br \/><\/span><\/div>\n<\/div>\n","protected":false},"excerpt":{"rendered":"<p>\u00a1NI UN PIBE MENOS! Este lunes, estaremos todos juntos, pidiendo justicia y d\u00e1ndole fuerzas a Lucas para que se recupere. Igual que ma\u00f1ana acompa\u00f1ando a la familia de Nehuen Rodriguez, otro de nuestros vecinos victima de la polic\u00eda metropolitana.&nbsp;Vecinos es importante que todos nos comprometamos, los ni\u00f1os y los j\u00f3venes, son responsabilidad de los adultos [&hellip;]<\/p>\n","protected":false},"author":4,"featured_media":0,"comment_status":"open","ping_status":"open","sticky":false,"template":"","format":"standard","meta":{"_monsterinsights_skip_tracking":false,"_monsterinsights_sitenote_active":false,"_monsterinsights_sitenote_note":"","_monsterinsights_sitenote_category":0,"jnews-multi-image_gallery":[],"jnews_single_post":[],"jnews_primary_category":[],"_joinchat":[],"footnotes":""},"categories":[1],"tags":[],"class_list":["post-1602","post","type-post","status-publish","format-standard","hentry","category-habitat"],"_links":{"self":[{"href":"http:\/\/fmriachuelo.it10.com.ar\/index.php\/wp-json\/wp\/v2\/posts\/1602","targetHints":{"allow":["GET"]}}],"collection":[{"href":"http:\/\/fmriachuelo.it10.com.ar\/index.php\/wp-json\/wp\/v2\/posts"}],"about":[{"href":"http:\/\/fmriachuelo.it10.com.ar\/index.php\/wp-json\/wp\/v2\/types\/post"}],"author":[{"embeddable":true,"href":"http:\/\/fmriachuelo.it10.com.ar\/index.php\/wp-json\/wp\/v2\/users\/4"}],"replies":[{"embeddable":true,"href":"http:\/\/fmriachuelo.it10.com.ar\/index.php\/wp-json\/wp\/v2\/comments?post=1602"}],"version-history":[{"count":0,"href":"http:\/\/fmriachuelo.it10.com.ar\/index.php\/wp-json\/wp\/v2\/posts\/1602\/revisions"}],"wp:attachment":[{"href":"http:\/\/fmriachuelo.it10.com.ar\/index.php\/wp-json\/wp\/v2\/media?parent=1602"}],"wp:term":[{"taxonomy":"category","embeddable":true,"href":"http:\/\/fmriachuelo.it10.com.ar\/index.php\/wp-json\/wp\/v2\/categories?post=1602"},{"taxonomy":"post_tag","embeddable":true,"href":"http:\/\/fmriachuelo.it10.com.ar\/index.php\/wp-json\/wp\/v2\/tags?post=1602"}],"curies":[{"name":"wp","href":"https:\/\/api.w.org\/{rel}","templated":true}]}}