{"id":16017,"date":"2022-07-28T19:20:05","date_gmt":"2022-07-28T19:20:05","guid":{"rendered":"http:\/\/fmriachuelo.com.ar\/?p=16017"},"modified":"2025-03-11T13:56:13","modified_gmt":"2025-03-11T16:56:13","slug":"fuerte-respaldo-de-la-iglesia-a-los-movimientos-populares-ante-la-embestida-judicial-en-su-contra","status":"publish","type":"post","link":"http:\/\/fmriachuelo.it10.com.ar\/index.php\/2022\/07\/28\/fuerte-respaldo-de-la-iglesia-a-los-movimientos-populares-ante-la-embestida-judicial-en-su-contra\/","title":{"rendered":"FUERTE RESPALDO DE LA IGLESIA A LOS MOVIMIENTOS POPULARES ANTE LA EMBESTIDA JUDICIAL EN SU CONTRA"},"content":{"rendered":"<p>&nbsp;<\/p>\n<p><strong>[FM Riachuelo, 28\/7\/2022] Esta ma\u00f1ana referentes de los Movimientos Populares nucleados en la Uni\u00f3n de Trabajadores de la Econom\u00eda Popular (UTEP) fueron recibidos por el presidente de la Conferencia Episcopal Argentina, Monse\u00f1or Ojea.<\/strong><\/p>\n<p>La delegaci\u00f3n de los Movimientos, entre los que se encontraban el Gringo Castro, Secretario General de la UTEP, Juan Carlos Alderete, Diputado Nacional que integra la Corriente Clasista y Combativa, Lito Borello, Secretario de Derechos Humanos de la UTEP y coordinador nacional del Movimiento Popular Los Pibes, Laura Cibelli, secretaria de Administraci\u00f3n de UTEP y referente del MTE, Gildo Onorato, Secretario Gremial (UTEP), y referente del Movimiento Evita, Marina Josky, secretaria de G\u00e9neros de UTEP y referente de La Dignidad, y Norma Morales, Secretaria General Adjunta (UTEP) y referente de Somos Barrios de Pie, expres\u00f3 su preocupaci\u00f3n por la situaci\u00f3n de persecuci\u00f3n y criminalizaci\u00f3n de los movimientos populares que se agudiz\u00f3 en las \u00faltimas semanas con allanamientos a domicilios de dirigentes sociales y locales de los movimientos populares.<\/p>\n<p><span style=\"font-weight: 400\">Por su parte, el Obispo Oscar Ojea, manifest\u00f3 que <\/span><b>la\u00a0 Iglesia comparte la preocupaci\u00f3n por la situaci\u00f3n de indigencia de una parte importante de la poblaci\u00f3n<\/b><span style=\"font-weight: 400\">, que se suma a la gravedad de la crisis econ\u00f3mica que hace imposible llegar a fin de mes para una gran mayor\u00eda.<\/span><\/p>\n<p><span style=\"font-weight: 400\">Mons. Ojea les reiter\u00f3 la necesidad de dialogar siempre en la b\u00fasqueda de aquellas medidas de gobierno, posibles y necesarias en este momento, para evitar todo tipo de violencia, recordando que los movimientos sociales hist\u00f3ricamente han sabido trabajar para la construcci\u00f3n de la paz social.<img loading=\"lazy\" decoding=\"async\" class=\"size-medium wp-image-16019 alignright\" src=\"http:\/\/fmriachuelo.com.ar\/wp-content\/uploads\/2022\/07\/WhatsApp-Image-2022-07-28-at-1.23.51-PM-1-300x200.jpeg\" alt=\"\" width=\"300\" height=\"200\" srcset=\"http:\/\/fmriachuelo.it10.com.ar\/wp-content\/uploads\/2022\/07\/WhatsApp-Image-2022-07-28-at-1.23.51-PM-1-300x200.jpeg 300w, http:\/\/fmriachuelo.it10.com.ar\/wp-content\/uploads\/2022\/07\/WhatsApp-Image-2022-07-28-at-1.23.51-PM-1-1024x682.jpeg 1024w, http:\/\/fmriachuelo.it10.com.ar\/wp-content\/uploads\/2022\/07\/WhatsApp-Image-2022-07-28-at-1.23.51-PM-1-768x512.jpeg 768w, http:\/\/fmriachuelo.it10.com.ar\/wp-content\/uploads\/2022\/07\/WhatsApp-Image-2022-07-28-at-1.23.51-PM-1-1536x1023.jpeg 1536w, http:\/\/fmriachuelo.it10.com.ar\/wp-content\/uploads\/2022\/07\/WhatsApp-Image-2022-07-28-at-1.23.51-PM-1-750x500.jpeg 750w, http:\/\/fmriachuelo.it10.com.ar\/wp-content\/uploads\/2022\/07\/WhatsApp-Image-2022-07-28-at-1.23.51-PM-1-1140x760.jpeg 1140w, http:\/\/fmriachuelo.it10.com.ar\/wp-content\/uploads\/2022\/07\/WhatsApp-Image-2022-07-28-at-1.23.51-PM-1.jpeg 1600w\" sizes=\"auto, (max-width: 300px) 100vw, 300px\" \/><\/span><\/p>\n<p><span style=\"font-weight: 400\">Monse\u00f1or Ojea record\u00f3 tambi\u00e9n un fragmento del mensaje de los Obispos de la Comisi\u00f3n Episcopal de Pastoral Social en la Semana Social del mes pasado,<\/span><b> donde se destac\u00f3 al \u201ctrabajo digno como el gran ordenador de la vida humana y la felicidad, entendiendo que la posibilidad de acceder al mismo no es un problema individual; es la consecuencia de un modelo que debe anteponer la producci\u00f3n a la especulaci\u00f3n, la distribuci\u00f3n a la concentraci\u00f3n y el acaparamiento, el bien com\u00fan a la rentabilidad sectorial\u201d<\/b><span style=\"font-weight: 400\">.<\/span><\/p>\n","protected":false},"excerpt":{"rendered":"<p>&nbsp; [FM Riachuelo, 28\/7\/2022] Esta ma\u00f1ana referentes de los Movimientos Populares nucleados en la Uni\u00f3n de Trabajadores de la Econom\u00eda Popular (UTEP) fueron recibidos por el presidente de la Conferencia Episcopal Argentina, Monse\u00f1or Ojea. La delegaci\u00f3n de los Movimientos, entre los que se encontraban el Gringo Castro, Secretario General de la UTEP, Juan Carlos Alderete, [&hellip;]<\/p>\n","protected":false},"author":5,"featured_media":16020,"comment_status":"closed","ping_status":"closed","sticky":false,"template":"","format":"standard","meta":{"_monsterinsights_skip_tracking":false,"_monsterinsights_sitenote_active":false,"_monsterinsights_sitenote_note":"","_monsterinsights_sitenote_category":0,"jnews-multi-image_gallery":[],"jnews_single_post":{"format":"standard"},"jnews_primary_category":[],"_joinchat":[],"footnotes":""},"categories":[58],"tags":[154,103,156],"class_list":["post-16017","post","type-post","status-publish","format-standard","has-post-thumbnail","hentry","category-noticiariachuelo","tag-economia-popular-2","tag-movimientos-populares","tag-tierra-techo-y-trabajo"],"_links":{"self":[{"href":"http:\/\/fmriachuelo.it10.com.ar\/index.php\/wp-json\/wp\/v2\/posts\/16017","targetHints":{"allow":["GET"]}}],"collection":[{"href":"http:\/\/fmriachuelo.it10.com.ar\/index.php\/wp-json\/wp\/v2\/posts"}],"about":[{"href":"http:\/\/fmriachuelo.it10.com.ar\/index.php\/wp-json\/wp\/v2\/types\/post"}],"author":[{"embeddable":true,"href":"http:\/\/fmriachuelo.it10.com.ar\/index.php\/wp-json\/wp\/v2\/users\/5"}],"replies":[{"embeddable":true,"href":"http:\/\/fmriachuelo.it10.com.ar\/index.php\/wp-json\/wp\/v2\/comments?post=16017"}],"version-history":[{"count":1,"href":"http:\/\/fmriachuelo.it10.com.ar\/index.php\/wp-json\/wp\/v2\/posts\/16017\/revisions"}],"predecessor-version":[{"id":22173,"href":"http:\/\/fmriachuelo.it10.com.ar\/index.php\/wp-json\/wp\/v2\/posts\/16017\/revisions\/22173"}],"wp:featuredmedia":[{"embeddable":true,"href":"http:\/\/fmriachuelo.it10.com.ar\/index.php\/wp-json\/wp\/v2\/media\/16020"}],"wp:attachment":[{"href":"http:\/\/fmriachuelo.it10.com.ar\/index.php\/wp-json\/wp\/v2\/media?parent=16017"}],"wp:term":[{"taxonomy":"category","embeddable":true,"href":"http:\/\/fmriachuelo.it10.com.ar\/index.php\/wp-json\/wp\/v2\/categories?post=16017"},{"taxonomy":"post_tag","embeddable":true,"href":"http:\/\/fmriachuelo.it10.com.ar\/index.php\/wp-json\/wp\/v2\/tags?post=16017"}],"curies":[{"name":"wp","href":"https:\/\/api.w.org\/{rel}","templated":true}]}}