{"id":1599,"date":"2015-11-16T02:00:00","date_gmt":"2015-11-16T02:00:00","guid":{"rendered":"http:\/\/fmriachuelo.observatorioess.org.ar\/index.php\/2015\/11\/16\/en-el-dia-de-la-militancia-convocatoria-de-las-organizaciones-populares\/"},"modified":"2015-11-16T02:00:00","modified_gmt":"2015-11-16T02:00:00","slug":"en-el-dia-de-la-militancia-convocatoria-de-las-organizaciones-populares","status":"publish","type":"post","link":"http:\/\/fmriachuelo.it10.com.ar\/index.php\/2015\/11\/16\/en-el-dia-de-la-militancia-convocatoria-de-las-organizaciones-populares\/","title":{"rendered":"EN EL D\u00cdA DE LA MILITANCIA: CONVOCATORIA DE LAS ORGANIZACIONES POPULARES"},"content":{"rendered":"<p><span><b>#LA BATALLA DEL 22 SE GANA CON EL PUEBLO EN LA CALLE<\/b><\/span><\/p>\n<div style=\"clear: both;text-align: center\"><\/div>\n<div style=\"clear: both;text-align: center\"><a href=\"http:\/\/3.bp.blogspot.com\/-WdEZzqWKuqg\/Vkjyq8PtF2I\/AAAAAAAAHRo\/jNngF9GWHcY\/s1600\/ypf%2Bdifusion.jpg\" style=\"margin-left: 1em;margin-right: 1em\"><img loading=\"lazy\" decoding=\"async\" border=\"0\" height=\"320\" src=\"http:\/\/3.bp.blogspot.com\/-WdEZzqWKuqg\/Vkjyq8PtF2I\/AAAAAAAAHRo\/jNngF9GWHcY\/s320\/ypf%2Bdifusion.jpg\" width=\"310\" \/><\/a><\/div>\n<p><span><b><br \/><\/b><\/span><br \/><span><b>En el programa <span style=\"color: red\">Romp\u00e9 el Cerco Informativo<\/span> conversamos con<\/b><\/span><br \/><span><b><span style=\"background-color: white;color: black\"><a href=\"http:\/\/www.mediafire.com\/listen\/9mamyuzqy4k2aea\/LITO+-+LA+BATALLA+DEL+22.mp3\">LITO BORELLO Y LA INTERPRETACI\u00d3N POL\u00cdTICA DE LA BATALLA DEL 22<\/a><\/span><\/b><\/span><br \/><span style=\"font-family: Verdana, sans-serif\">A continuaci\u00f3n:&nbsp;<\/span><\/p>\n<div><span style=\"font-family: Verdana, sans-serif\"><b><a href=\"http:\/\/www.fmriachuelo.com.ar\/2015\/11\/17-de-noviembre-el-dia-de-la-militancia.html\">COMUNICADO COMPLETO DE LAS ORGANIZACIONES PARTICIPANTES<\/a><\/b><\/span><br \/><span style=\"font-family: Verdana, sans-serif\"><br \/><\/span><\/p>\n<div style=\"text-align: justify\"><span>[FMR 15\/11\/2015] En medio de la coyuntura electoral, un amplio conjunto de m\u00e1s de 40 organizaciones del campo popular, convocan a una movilizaci\u00f3n para este 17 de noviembre.<\/span><\/div>\n<div style=\"text-align: justify\"><span><br \/><\/span><\/div>\n<div style=\"text-align: justify\"><span>Lito Borello, Coordinador Nacional de la Organizaci\u00f3n Social y Pol\u00edtica Los Pibes, una de las convocantes, estuvo &nbsp; en <span style=\"color: red\"><b>FM Riachuelo<\/b><\/span> en el programa Romp\u00e9 el Cerco Informativo, aportando &nbsp;su mirada e interpretaci\u00f3n sobre el contexto pol\u00edtico y electoral en el que se realiza la convocatoria.<\/span><\/div>\n<p><span><span><br \/><\/span>El \u00abAbrazo a YPF\u00bb como eje de la movilizaci\u00f3n implica una clara se\u00f1al frente a la posibilidad de que el desenlace del balotaje del 22 de noviembre fuerce al pa\u00eds a retomar la senda del neoliberalismo. En oposici\u00f3n a este alternativa que representa el macrismo, las organizaciones llaman a votar a Daniel Scioli marcando adem\u00e1s la necesidad de plantear el debate para concretar la nacionalizaci\u00f3n del 100% de la petrolera estatal.<\/span><br \/><br style=\"font-family: Verdana, sans-serif\" \/><span>YPF fue declarada de utilidad p\u00fablica y expropiada en un 51% a la petrolera espa\u00f1ola REPSOL en mayo de 2012. Este hecho representa uno de los hitos recordado como una de las principales conquistas populares y soberanas de los \u00faltimos 20 a\u00f1os.<\/span><br \/><br style=\"font-family: Verdana, sans-serif\" \/><\/div>\n","protected":false},"excerpt":{"rendered":"<p>#LA BATALLA DEL 22 SE GANA CON EL PUEBLO EN LA CALLE En el programa Romp\u00e9 el Cerco Informativo conversamos conLITO BORELLO Y LA INTERPRETACI\u00d3N POL\u00cdTICA DE LA BATALLA DEL 22A continuaci\u00f3n:&nbsp; COMUNICADO COMPLETO DE LAS ORGANIZACIONES PARTICIPANTES [FMR 15\/11\/2015] En medio de la coyuntura electoral, un amplio conjunto de m\u00e1s de 40 organizaciones del [&hellip;]<\/p>\n","protected":false},"author":4,"featured_media":0,"comment_status":"open","ping_status":"open","sticky":false,"template":"","format":"standard","meta":{"_monsterinsights_skip_tracking":false,"_monsterinsights_sitenote_active":false,"_monsterinsights_sitenote_note":"","_monsterinsights_sitenote_category":0,"jnews-multi-image_gallery":[],"jnews_single_post":[],"jnews_primary_category":[],"_joinchat":[],"footnotes":""},"categories":[1],"tags":[],"class_list":["post-1599","post","type-post","status-publish","format-standard","hentry","category-habitat"],"_links":{"self":[{"href":"http:\/\/fmriachuelo.it10.com.ar\/index.php\/wp-json\/wp\/v2\/posts\/1599","targetHints":{"allow":["GET"]}}],"collection":[{"href":"http:\/\/fmriachuelo.it10.com.ar\/index.php\/wp-json\/wp\/v2\/posts"}],"about":[{"href":"http:\/\/fmriachuelo.it10.com.ar\/index.php\/wp-json\/wp\/v2\/types\/post"}],"author":[{"embeddable":true,"href":"http:\/\/fmriachuelo.it10.com.ar\/index.php\/wp-json\/wp\/v2\/users\/4"}],"replies":[{"embeddable":true,"href":"http:\/\/fmriachuelo.it10.com.ar\/index.php\/wp-json\/wp\/v2\/comments?post=1599"}],"version-history":[{"count":0,"href":"http:\/\/fmriachuelo.it10.com.ar\/index.php\/wp-json\/wp\/v2\/posts\/1599\/revisions"}],"wp:attachment":[{"href":"http:\/\/fmriachuelo.it10.com.ar\/index.php\/wp-json\/wp\/v2\/media?parent=1599"}],"wp:term":[{"taxonomy":"category","embeddable":true,"href":"http:\/\/fmriachuelo.it10.com.ar\/index.php\/wp-json\/wp\/v2\/categories?post=1599"},{"taxonomy":"post_tag","embeddable":true,"href":"http:\/\/fmriachuelo.it10.com.ar\/index.php\/wp-json\/wp\/v2\/tags?post=1599"}],"curies":[{"name":"wp","href":"https:\/\/api.w.org\/{rel}","templated":true}]}}