{"id":1598,"date":"2015-11-16T02:26:00","date_gmt":"2015-11-16T02:26:00","guid":{"rendered":"http:\/\/fmriachuelo.observatorioess.org.ar\/index.php\/2015\/11\/16\/17-de-noviembre-el-dia-de-la-militancia-se-celebra-en-la-calle\/"},"modified":"2015-11-16T02:26:00","modified_gmt":"2015-11-16T02:26:00","slug":"17-de-noviembre-el-dia-de-la-militancia-se-celebra-en-la-calle","status":"publish","type":"post","link":"http:\/\/fmriachuelo.it10.com.ar\/index.php\/2015\/11\/16\/17-de-noviembre-el-dia-de-la-militancia-se-celebra-en-la-calle\/","title":{"rendered":"17 DE NOVIEMBRE: EL DIA DE LA MILITANCIA SE CELEBRA EN LA CALLE"},"content":{"rendered":"<p><span><b style=\"background-color: red\">#LA BATALLA DEL 22 LA GANA EL PUEBLO EN LA CALLE<\/b><\/span><br \/><span><b>ABRAZO A YPF: EN DEFENSA DE NUESTRA SOBERAN\u00cdA<\/b><\/span><\/p>\n<div style=\"clear: both;text-align: center\"><a href=\"http:\/\/2.bp.blogspot.com\/-Iu4rjUzy3MA\/Vkk8LZKXHZI\/AAAAAAAAHR8\/KnkdETtnZsc\/s1600\/ypf%2Bdifusion.jpg\" style=\"clear: left;float: left;margin-bottom: 1em;margin-right: 1em\"><img loading=\"lazy\" decoding=\"async\" border=\"0\" height=\"320\" src=\"http:\/\/2.bp.blogspot.com\/-Iu4rjUzy3MA\/Vkk8LZKXHZI\/AAAAAAAAHR8\/KnkdETtnZsc\/s320\/ypf%2Bdifusion.jpg\" width=\"310\" \/><\/a><\/div>\n<div style=\"text-align: justify\"><span>Difundimos Comunicado de un conjunto de organizaciones sociales, pol\u00edticas, gremiales, barriales.<\/span><\/div>\n<p><\/p>\n<div style=\"text-align: justify\"><span>En el d\u00eda de la MILITANCIA&nbsp;<\/span><\/div>\n<div style=\"text-align: justify\"><span><br \/><\/span><\/div>\n<p><span><\/span><\/p>\n<div style=\"text-align: justify\"><span><b>Martes 17 de Noviembre | 11:30 horas Concentramos: Corrientes y Alem<\/b><\/span><\/div>\n<p><span><\/span><\/p>\n<div style=\"text-align: justify\"><span><br \/><\/span><\/div>\n<p><span><\/span><\/p>\n<div style=\"text-align: justify\"><span>Nos hacemos presente con el prop\u00f3sito de dejar en claro que, no permitiremos que se rife ninguno de los avances que se lograron en estos 12 a\u00f1os, es por eso que nuestro planteo es <b>MACRI JAM\u00c1S.<\/b><\/span><\/div>\n<p><span><\/span><span><\/p>\n<div style=\"text-align: justify\">La recuperaci\u00f3n del 51 % de las acciones de<b> YPF<\/b> es recuperar parte del patrimonio nacional que se nos rob\u00f3 en la d\u00e9cada del \u201990. La inversi\u00f3n en infraestructura y el conocimiento cient\u00edfico generado en nuestro pa\u00eds, implicaron una conquista estrat\u00e9gica de cara a la soberan\u00eda pol\u00edtica, en un mundo donde los recursos energ\u00e9ticos son el bien m\u00e1s preciado.<br \/><a name='more'><\/a><\/div>\n<p><\/span><\/p>\n<div style=\"text-align: justify\"><span><br \/><\/span><\/div>\n<p><span><\/span><\/p>\n<div style=\"text-align: justify\"><span>Se\u00f1alamos que el rol del Estado en \u00e1reas estrat\u00e9gicas, como AySA, Aerol\u00edneas Argentinas e YPF, es una victoria de los trabajadores, de los medianos y peque\u00f1os empresarios de la industria y del agro, de los intelectuales, de los medios de comunicaci\u00f3n popular y del conjunto de nuestro pueblo. Sacar las manos de las corporaciones trasnacionales del manejo de los resortes estrat\u00e9gicos del pa\u00eds, es fundamental para la construcci\u00f3n de un proyecto de pa\u00eds verdaderamente soberano.<\/span><\/div>\n<p><span><\/span><\/p>\n<div style=\"text-align: justify\"><span><br \/><\/span><\/div>\n<p><span><\/span><\/p>\n<div style=\"text-align: justify\"><span>Debatir ampliamente y de cara a la sociedad, los lineamientos de la pol\u00edtica de control estrat\u00e9gico que debe tomar el Estado Nacional, es prop\u00f3sito de todo el movimiento popular y de toda aquella militancia que est\u00e9 a favor de los intereses del pueblo y de la Naci\u00f3n.<\/span><\/div>\n<p><span><\/span><\/p>\n<div style=\"text-align: justify\"><span><br \/><\/span><\/div>\n<p><span><\/span><\/p>\n<div style=\"text-align: justify\"><span>Ante la disyuntiva del 22 de noviembre, nosotros votamos a Daniel Scioli, y decimos que es necesario que el Estado obtenga el 100% de YPF para que ning\u00fan sector financiero parasitario haga negocios con los recursos energ\u00e9ticos de nuestra patria y estos est\u00e9n al servicio del desarrollo social y econ\u00f3mico de nuestro pueblo.&nbsp;<\/span><\/div>\n<p><span><\/span><\/p>\n<div style=\"text-align: justify\"><span><br \/><\/span><\/div>\n<p><span><\/span><\/p>\n<div style=\"text-align: justify\"><span>Las fuerzas del campo popular estamos dispuestas a luchar para no retroceder ni un pas\u00f3 en lo logrado, y avanzar en m\u00e1s conquistas.<\/span><\/div>\n<p><span><\/span><\/p>\n<div style=\"text-align: justify\"><span><br \/><\/span><\/div>\n<p><b><\/b><\/p>\n<div style=\"text-align: justify\"><b><b><span>YPF es SOBERAN\u00cdA y NO SE TOCA<\/span><\/b><\/b><\/div>\n<p><b><\/b><span><\/p>\n<div style=\"text-align: justify\">Federaci\u00f3n Grafica Bonaerense<\/div>\n<p><\/span><span><\/p>\n<div style=\"text-align: justify\">ATE \u2013 Secci\u00f3n Capital<\/div>\n<p><\/span><span><\/p>\n<div style=\"text-align: justify\">Sindicato \u00danico de Trabajadores Administradores Portuarios (SUTAP)<\/div>\n<p><\/span><span><\/p>\n<div style=\"text-align: justify\">Uni\u00f3n Obrera Ladrillera de la Rep\u00fablica Argentina<\/div>\n<p><\/span><span><\/p>\n<div style=\"text-align: justify\">CTA \/ Chivilcoy-Chacabuco-Alberti<\/div>\n<p><\/span><span><\/p>\n<div style=\"text-align: justify\">SUCMRA (Sindicato de Motoqueros CABA \/ BSAS)<\/div>\n<p><\/span><span><\/p>\n<div style=\"text-align: justify\">Movimiento Nacional de Empresas Recuperadas (MNER-CTEP)<\/div>\n<p><\/span><span><\/p>\n<div style=\"text-align: justify\">Corriente Nacional de Trabajadores Agust\u00edn Tosco (CONAT)<\/div>\n<p><\/span><span><\/p>\n<div style=\"text-align: justify\">ATE &#8211; Seguridad<\/div>\n<p><\/span><span><\/p>\n<div style=\"text-align: justify\">Corriente de Trabajadores 19 de Diciembre<\/div>\n<p><\/span><span><\/p>\n<div style=\"text-align: justify\">Frente Maestro, Secretar\u00eda General Centro de Estudiantes del Profesorado Normal 1<\/div>\n<p><\/span><span><\/p>\n<div style=\"text-align: justify\">Agrupaci\u00f3n de Docentes \u201cLa Rayuela\u201d<\/div>\n<p><\/span><span><\/p>\n<div style=\"text-align: justify\">Centro de Estudios Laborales (CEL)<\/div>\n<p><\/span><span><\/p>\n<div style=\"text-align: justify\">Confederaci\u00f3n Nacional de Cooperativas de Trabajo (CNCT)<\/div>\n<p><\/span><span><\/p>\n<div style=\"text-align: justify\">Federaci\u00f3n de Cooperativas Autogestionadas de la Carne y Afines<\/div>\n<p><\/span><span><\/p>\n<div style=\"text-align: justify\">CTD An\u00edbal Ver\u00f3n<\/div>\n<p><\/span><span><\/p>\n<div style=\"text-align: justify\">Movimiento Territorial de Liberaci\u00f3n MTL<\/div>\n<p><\/span><span><\/p>\n<div style=\"text-align: justify\">Cooperativa Ribera Sur<\/div>\n<p><\/span><span><\/p>\n<div style=\"text-align: justify\">MTA Metal\u00fargica Tupac (Avellaneda)<\/div>\n<p><\/span><span><\/p>\n<div style=\"text-align: justify\">Agrupaci\u00f3n \u00abEl Toro\u00bb de los Obreros de la Carne<\/div>\n<p><\/span><span><\/p>\n<div style=\"text-align: justify\">Periodistas para la Victoria<\/div>\n<p><\/span><span><\/p>\n<div style=\"text-align: justify\">Stella Calloni<\/div>\n<p><\/span><span><\/p>\n<div style=\"text-align: justify\">Julia Mengollini (Periodista)<\/div>\n<p><\/span><span><\/p>\n<div style=\"text-align: justify\">Jorge Rachid&nbsp;<\/div>\n<p><\/span><span><\/p>\n<div style=\"text-align: justify\">Lic. Roberto Baschetti (Biblioteca Nacional)<\/div>\n<p><\/span><span><\/p>\n<div style=\"text-align: justify\">Vicente Zito Lema<\/div>\n<p><\/span><span><\/p>\n<div style=\"text-align: justify\">Ernesto Mattos (UBA-CCC)&nbsp;<\/div>\n<p><\/span><span><\/p>\n<div style=\"text-align: justify\">Carlos \u00abLito\u00bb Grisafi (Comunero CABA \/ Comuna 15)<\/div>\n<p><\/span><span><\/p>\n<div style=\"text-align: justify\">Basilio Sioutis (Comunero CABA \/ Comuna 12)<\/div>\n<p><\/span><span><\/p>\n<div style=\"text-align: justify\">Claudia Villamayor (Periodista, Comunicadora social. Doc. e Investigadora de la UNLP y de la UNQ)<\/div>\n<p><\/span><span><\/p>\n<div style=\"text-align: justify\">Ariel Magirena (Tv P\u00fablica &#8211; Radio Gr\u00e1fica)<\/div>\n<p><\/span><span><\/p>\n<div style=\"text-align: justify\">Claudio Cesar Orellano (Radio Nacional C\u00f3rdoba)<\/div>\n<p><\/span><span><\/p>\n<div style=\"text-align: justify\">H\u00e9ctor Sanchez (Telam)<\/div>\n<p><\/span><span><\/p>\n<div style=\"text-align: justify\">Amanda Alma (Radio Nacional \u2013 Cooperativa Manifiesta)<\/div>\n<p><\/span><span><\/p>\n<div style=\"text-align: justify\">Gabriel Fern\u00e1ndez (La Se\u00f1al Medios)<\/div>\n<p><\/span><span><\/p>\n<div style=\"text-align: justify\">Ursula Asta (Radio Gr\u00e1fica)<\/div>\n<p><\/span><span><\/p>\n<div style=\"text-align: justify\">Jos\u00e9 Cornejo (Agencia Paco Urondo)<\/div>\n<p><\/span><span><\/p>\n<div style=\"text-align: justify\">Carlos Aira (Radio Gr\u00e1fica)<\/div>\n<p><\/span><span><\/p>\n<div style=\"text-align: justify\">Mariela Pugliese Lacorte (FM Bajo Flores \/ FARCO).<\/div>\n<p><\/span><span><\/p>\n<div style=\"text-align: justify\">Lucas Molinari (Radio Gr\u00e1fica)<\/div>\n<p><\/span><span><\/p>\n<div style=\"text-align: justify\">Lorena Mayer (La Diaria | Contexto Comunicacional)<\/div>\n<p><\/span><span><\/p>\n<div style=\"text-align: justify\">Gustavo Ram\u00edrez (La Se\u00f1al Medios)<\/div>\n<p><\/span><span><\/p>\n<div style=\"text-align: justify\">FM Riachuelo<\/div>\n<p><\/span><span><\/p>\n<div style=\"text-align: justify\">HIJOS \u2013 La Matanza<\/div>\n<p><\/span><span><\/p>\n<div style=\"text-align: justify\">C\u00e1tedra Nacional de Econom\u00eda Arturo Jauretche<\/div>\n<p><\/span><span><\/p>\n<div style=\"text-align: justify\">La graN maKro (Agrup. De Profesionales y Estudiantes de Ciencias Econ\u00f3micas)<\/div>\n<p><\/span><span><\/p>\n<div style=\"text-align: justify\">Centro de Formaci\u00f3n Marxista (CEFMA)<\/div>\n<p><\/span><span><\/p>\n<div style=\"text-align: justify\">Movimiento Estudiantil Liberaci\u00f3n<\/div>\n<p><\/span><span><\/p>\n<div style=\"text-align: justify\">Comisi\u00f3n Pol\u00edtica de la Iglesia Dimensi\u00f3n de Fe (CPI)<\/div>\n<p><\/span><span><\/p>\n<div style=\"text-align: justify\">Coordinaci\u00f3n Latinoamericana de Movimientos Territoriales Urbanos<\/div>\n<p><\/span><span><\/p>\n<div style=\"text-align: justify\">Cooperativa de Vivienda Los Pibes, CoVilPi<\/div>\n<p><\/span><span><\/p>\n<div style=\"text-align: justify\">Mesa Nacional por la Igualdad (Avellaneda)<\/div>\n<p><\/span><span><\/p>\n<div style=\"text-align: justify\">Bachillerato Popular \u201cEl Coihue\u201d (La Matanza)<\/div>\n<p><\/span><span><\/p>\n<div style=\"text-align: justify\">Casa de Todos (La Matanza)<\/div>\n<p><\/span><span><\/p>\n<div style=\"text-align: justify\">Cine Wilde<\/div>\n<p><\/span><span><\/p>\n<div style=\"text-align: justify\">Movimiento Social de los Provincianos (Avellaneda)<\/div>\n<p><\/span><span><\/p>\n<div style=\"text-align: justify\">Fundaci\u00f3n Isla Maciel<\/div>\n<p><\/span><span><\/p>\n<div style=\"text-align: justify\">Ra\u00edz Social<\/div>\n<p><\/span><span><\/p>\n<div style=\"text-align: justify\">Paseo de la Econom\u00eda Popular Martin Oso Cisneros<\/div>\n<p><\/span><span><\/p>\n<div style=\"text-align: justify\">A.D.D.H.E.S Autoconvocados en defensa de los derechos humanos de los enfermos del SIDA<\/div>\n<p><\/span><span><\/p>\n<div style=\"text-align: justify\">Agrupaci\u00f3n Envar El Kadri &#8211; Peronismo de Base<\/div>\n<p><\/span><span><\/p>\n<div style=\"text-align: justify\">Agrupaci\u00f3n Eva Per\u00f3n<\/div>\n<p><\/span><span><\/p>\n<div style=\"text-align: justify\">Agrupaci\u00f3n de Frente (M\u00e1ximo Paz\/Ca\u00f1uelas)<\/div>\n<p><\/span><span><\/p>\n<div style=\"text-align: justify\">Corriente Peronista Descamisados<\/div>\n<p><\/span><span><\/p>\n<div style=\"text-align: justify\">Corriente Pol\u00edtica 17 de Agosto<\/div>\n<p><\/span><span><\/p>\n<div style=\"text-align: justify\">Corriente Nacional Mart\u00edn Fierro (CABA)<\/div>\n<p><\/span><span><\/p>\n<div style=\"text-align: justify\">Corriente Pol\u00edtica E.S. Discepolo<\/div>\n<p><\/span><span><\/p>\n<div style=\"text-align: justify\">Encuentro Antiimperialista<\/div>\n<p><\/span><span><\/p>\n<div style=\"text-align: justify\">Encuentro Nacional Popular Latinoamericano<\/div>\n<p><\/span><span><\/p>\n<div style=\"text-align: justify\">Federaci\u00f3n Juvenil Comunista<\/div>\n<p><\/span><span><\/p>\n<div style=\"text-align: justify\">Juventud Socialista (CABA)- Unidad Socialista para la Victoria<\/div>\n<p><\/span><span><\/p>\n<div style=\"text-align: justify\">JP Evita (CABA)<\/div>\n<p><\/span><span><\/p>\n<div style=\"text-align: justify\">Movimiento 26 de Julio (La Matanza)<\/div>\n<p><\/s><span><\/p>\n<div style=\"text-align: justify\">Movimiento Marechal<\/div>\n<p><\/span><span><\/p>\n<div style=\"text-align: justify\">MPR Quebracho<\/div>\n<p><\/span><span><\/p>\n<div style=\"text-align: justify\">Organizaci\u00f3n Social y Pol\u00edtica Los Pibes<\/div>\n<p><\/span><span><\/p>\n<div style=\"text-align: justify\">Partido Comunista<\/div>\n<p><\/span><\/p>\n<div style=\"text-align: justify\"><span>y siguen las adhesiones<\/span><\/div>\n","protected":false},"excerpt":{"rendered":"<p>#LA BATALLA DEL 22 LA GANA EL PUEBLO EN LA CALLEABRAZO A YPF: EN DEFENSA DE NUESTRA SOBERAN\u00cdA Difundimos Comunicado de un conjunto de organizaciones sociales, pol\u00edticas, gremiales, barriales. En el d\u00eda de la MILITANCIA&nbsp; Martes 17 de Noviembre | 11:30 horas Concentramos: Corrientes y Alem Nos hacemos presente con el prop\u00f3sito de dejar en [&hellip;]<\/p>\n","protected":false},"author":4,"featured_media":0,"comment_status":"open","ping_status":"open","sticky":false,"template":"","format":"standard","meta":{"_monsterinsights_skip_tracking":false,"_monsterinsights_sitenote_active":false,"_monsterinsights_sitenote_note":"","_monsterinsights_sitenote_category":0,"jnews-multi-image_gallery":[],"jnews_single_post":[],"jnews_primary_category":[],"_joinchat":[],"footnotes":""},"categories":[1],"tags":[],"class_list":["post-1598","post","type-post","status-publish","format-standard","hentry","category-habitat"],"_links":{"self":[{"href":"http:\/\/fmriachuelo.it10.com.ar\/index.php\/wp-json\/wp\/v2\/posts\/1598","targetHints":{"allow":["GET"]}}],"collection":[{"href":"http:\/\/fmriachuelo.it10.com.ar\/index.php\/wp-json\/wp\/v2\/posts"}],"about":[{"href":"http:\/\/fmriachuelo.it10.com.ar\/index.php\/wp-json\/wp\/v2\/types\/post"}],"author":[{"embeddable":true,"href":"http:\/\/fmriachuelo.it10.com.ar\/index.php\/wp-json\/wp\/v2\/users\/4"}],"replies":[{"embeddable":true,"href":"http:\/\/fmriachuelo.it10.com.ar\/index.php\/wp-json\/wp\/v2\/comments?post=1598"}],"version-history":[{"count":0,"href":"http:\/\/fmriachuelo.it10.com.ar\/index.php\/wp-json\/wp\/v2\/posts\/1598\/revisions"}],"wp:attachment":[{"href":"http:\/\/fmriachuelo.it10.com.ar\/index.php\/wp-json\/wp\/v2\/media?parent=1598"}],"wp:term":[{"taxonomy":"category","embeddable":true,"href":"http:\/\/fmriachuelo.it10.com.ar\/index.php\/wp-json\/wp\/v2\/categories?post=1598"},{"taxonomy":"post_tag","embeddable":true,"href":"http:\/\/fmriachuelo.it10.com.ar\/index.php\/wp-json\/wp\/v2\/tags?post=1598"}],"curies":[{"name":"wp","href":"https:\/\/api.w.org\/{rel}","templated":true}]}}