{"id":15979,"date":"2022-07-27T19:50:53","date_gmt":"2022-07-27T19:50:53","guid":{"rendered":"http:\/\/fmriachuelo.com.ar\/?p=15979"},"modified":"2025-03-21T16:12:04","modified_gmt":"2025-03-21T19:12:04","slug":"marcha-de-antorchas-el-pueblo-empuja-y-no-va-a-dejar-que-retrocedamos-hasta-lograr-la-unidad","status":"publish","type":"post","link":"http:\/\/fmriachuelo.it10.com.ar\/index.php\/2022\/07\/27\/marcha-de-antorchas-el-pueblo-empuja-y-no-va-a-dejar-que-retrocedamos-hasta-lograr-la-unidad\/","title":{"rendered":"MARCHA DE ANTORCHAS: EL PUEBLO EMPUJA Y NO VA A DEJAR QUE RETROCEDAMOS HASTA LOGRAR LA UNIDAD"},"content":{"rendered":"<p><strong>[FM Riachuelo, 27\/7\/2022]\u00a0<\/strong><b>Ayer tuvo lugar la Marcha de las Antorchas en homenaje a Evita Per\u00f3n a 70 a\u00f1os de su paso a la inmortalidad, que puso de manifiesto la unidad que se est\u00e1 gestando en el movimientos de trabajadores y trabajadoras, con y sin patr\u00f3n. Hoy nos visitaron en el piso de la FM Riachuelo Carina Maloberti, secretaria general de ATE SENASA e integrante del Frente Sindical para el Modelo Nacional, y Manuel Ferrer, secretario de comunicaci\u00f3n del Movimiento Popular Los Pibes, para conversar sobre el valor de este hecho que cont\u00f3 con muy poca cobertura en los grandes medios hegem\u00f3nicos.<\/b><\/p>\n<p><span style=\"font-weight: 400\">En el acto se ley\u00f3 un documento donde se puso el foco la suba de precios, la especulaci\u00f3n cambiaria, las sanciones del FMI y el plan de desestabilizaci\u00f3n econ\u00f3mica, pol\u00edtica y social para implementar negocios que siguen favoreciendo a las multinacionales. Teniendo en cuenta el contenido del mismo, tanto Ferrer como Maloberti realizaron un balance de la marcha y tambi\u00e9n sobre la situaci\u00f3n de confusi\u00f3n pol\u00edtica y social que atraviesa a toda la sociedad.<\/span><\/p>\n<p><span style=\"font-weight: 400\"><img loading=\"lazy\" decoding=\"async\" class=\"size-medium wp-image-15980 alignleft\" src=\"http:\/\/fmriachuelo.com.ar\/wp-content\/uploads\/2022\/07\/WhatsApp-Image-2022-07-27-at-3.37.48-PM-1-300x225.jpeg\" alt=\"\" width=\"300\" height=\"225\" srcset=\"http:\/\/fmriachuelo.it10.com.ar\/wp-content\/uploads\/2022\/07\/WhatsApp-Image-2022-07-27-at-3.37.48-PM-1-300x225.jpeg 300w, http:\/\/fmriachuelo.it10.com.ar\/wp-content\/uploads\/2022\/07\/WhatsApp-Image-2022-07-27-at-3.37.48-PM-1-1024x768.jpeg 1024w, http:\/\/fmriachuelo.it10.com.ar\/wp-content\/uploads\/2022\/07\/WhatsApp-Image-2022-07-27-at-3.37.48-PM-1-768x576.jpeg 768w, http:\/\/fmriachuelo.it10.com.ar\/wp-content\/uploads\/2022\/07\/WhatsApp-Image-2022-07-27-at-3.37.48-PM-1-1536x1152.jpeg 1536w, http:\/\/fmriachuelo.it10.com.ar\/wp-content\/uploads\/2022\/07\/WhatsApp-Image-2022-07-27-at-3.37.48-PM-1-750x563.jpeg 750w, http:\/\/fmriachuelo.it10.com.ar\/wp-content\/uploads\/2022\/07\/WhatsApp-Image-2022-07-27-at-3.37.48-PM-1-1140x855.jpeg 1140w, http:\/\/fmriachuelo.it10.com.ar\/wp-content\/uploads\/2022\/07\/WhatsApp-Image-2022-07-27-at-3.37.48-PM-1.jpeg 1600w\" sizes=\"auto, (max-width: 300px) 100vw, 300px\" \/>La referente sindical comenz\u00f3 contextualizando la situaci\u00f3n de nuestro pa\u00eds a nivel internacional dejando claro que en la actualidad hay una fase de mayor concentraci\u00f3n imperial: \u00ab<\/span><i><span style=\"font-weight: 400\">Nuestra oligarqu\u00eda terrateniente ligada a lo agroexportador, minero extractivista hoy depende de esa oligarqu\u00eda financiera internacional, no tienen autonom\u00edas locales, hoy son empleados de las decisiones internacional. Hoy a los militantes nos toca dar la lucha contra el imperialismo global que hoy se est\u00e1 redise\u00f1ando\u00bb, <\/span><\/i><span style=\"font-weight: 400\">con respecto a la marcha de ayer expres\u00f3: <\/span><i><span style=\"font-weight: 400\">\u00abla primer gran victoria fue que hoy ning\u00fan medio hegem\u00f3nico quiso que se vea la marcha de las antorchas, no quisieron mostrar esa 9 de Julio llena en unidad de trabajadores y trabajadoras porque era un pueblo que no olvida su camino, que est\u00e1 alerta, que sabe cu\u00e1l es su enemigo principal y que est\u00e1 decidido a darle pelea<\/span><\/i><span style=\"font-weight: 400\">\u00ab.\u00a0\u00a0<\/span><\/p>\n<p><span style=\"font-weight: 400\">Mientras tanto, Manuel Ferrer hizo foco en la confusi\u00f3n que buscan producir los medios de comunicaci\u00f3n y los\u00a0<img loading=\"lazy\" decoding=\"async\" class=\"size-medium wp-image-15981 alignright\" src=\"http:\/\/fmriachuelo.com.ar\/wp-content\/uploads\/2022\/07\/WhatsApp-Image-2022-07-27-at-3.37.48-PM-300x225.jpeg\" alt=\"\" width=\"300\" height=\"225\" srcset=\"http:\/\/fmriachuelo.it10.com.ar\/wp-content\/uploads\/2022\/07\/WhatsApp-Image-2022-07-27-at-3.37.48-PM-300x225.jpeg 300w, http:\/\/fmriachuelo.it10.com.ar\/wp-content\/uploads\/2022\/07\/WhatsApp-Image-2022-07-27-at-3.37.48-PM-1024x768.jpeg 1024w, http:\/\/fmriachuelo.it10.com.ar\/wp-content\/uploads\/2022\/07\/WhatsApp-Image-2022-07-27-at-3.37.48-PM-768x576.jpeg 768w, http:\/\/fmriachuelo.it10.com.ar\/wp-content\/uploads\/2022\/07\/WhatsApp-Image-2022-07-27-at-3.37.48-PM-1536x1152.jpeg 1536w, http:\/\/fmriachuelo.it10.com.ar\/wp-content\/uploads\/2022\/07\/WhatsApp-Image-2022-07-27-at-3.37.48-PM-750x563.jpeg 750w, http:\/\/fmriachuelo.it10.com.ar\/wp-content\/uploads\/2022\/07\/WhatsApp-Image-2022-07-27-at-3.37.48-PM-1140x855.jpeg 1140w, http:\/\/fmriachuelo.it10.com.ar\/wp-content\/uploads\/2022\/07\/WhatsApp-Image-2022-07-27-at-3.37.48-PM.jpeg 1600w\" sizes=\"auto, (max-width: 300px) 100vw, 300px\" \/> poderes f\u00e1cticos: \u00ab<\/span><i><span style=\"font-weight: 400\">La cuesti\u00f3n de los medios que aparezca analizado y planteado en el documento demuestra que es momento tambi\u00e9n, y que el movimiento de trabajadores tiene capacidad, para proponer la respuesta y la salida de lo que estamos haciendo. Para se\u00f1alar quienes son los enemigos y cual es el camino para salir adelante. Los grandes medios de comunicaci\u00f3n hoy est\u00e1n realizando una mera operaci\u00f3n pol\u00edtica que solo refleja lo que viene a destruirnos. Hoy es hora de que el movimiento de trabajadores sea el protagonista verdadero de construir y conducir, de llevar adelante las pol\u00edticas que tenemos que construir para salir de este momento<\/span><\/i><span style=\"font-weight: 400\">\u00ab.<\/span><\/p>\n<p><a href=\"https:\/\/ar.radiocut.fm\/audiocut\/marcha-antorchas-pueblo-empuja-y-no-va-a-dejar-retrocedamos-hasta-lograr-unidad\/\">Escucha la entrevista completa<\/a><\/p>\n","protected":false},"excerpt":{"rendered":"<p>[FM Riachuelo, 27\/7\/2022]\u00a0Ayer tuvo lugar la Marcha de las Antorchas en homenaje a Evita Per\u00f3n a 70 a\u00f1os de su paso a la inmortalidad, que puso de manifiesto la unidad que se est\u00e1 gestando en el movimientos de trabajadores y trabajadoras, con y sin patr\u00f3n. Hoy nos visitaron en el piso de la FM Riachuelo [&hellip;]<\/p>\n","protected":false},"author":5,"featured_media":15982,"comment_status":"closed","ping_status":"closed","sticky":false,"template":"","format":"standard","meta":{"_monsterinsights_skip_tracking":false,"_monsterinsights_sitenote_active":false,"_monsterinsights_sitenote_note":"","_monsterinsights_sitenote_category":0,"jnews-multi-image_gallery":[],"jnews_single_post":{"format":"standard"},"jnews_primary_category":[],"_joinchat":[],"footnotes":""},"categories":[60],"tags":[64,148],"class_list":["post-15979","post","type-post","status-publish","format-standard","has-post-thumbnail","hentry","category-mirada-riachuelo","tag-economia-popular","tag-trabajo"],"_links":{"self":[{"href":"http:\/\/fmriachuelo.it10.com.ar\/index.php\/wp-json\/wp\/v2\/posts\/15979","targetHints":{"allow":["GET"]}}],"collection":[{"href":"http:\/\/fmriachuelo.it10.com.ar\/index.php\/wp-json\/wp\/v2\/posts"}],"about":[{"href":"http:\/\/fmriachuelo.it10.com.ar\/index.php\/wp-json\/wp\/v2\/types\/post"}],"author":[{"embeddable":true,"href":"http:\/\/fmriachuelo.it10.com.ar\/index.php\/wp-json\/wp\/v2\/users\/5"}],"replies":[{"embeddable":true,"href":"http:\/\/fmriachuelo.it10.com.ar\/index.php\/wp-json\/wp\/v2\/comments?post=15979"}],"version-history":[{"count":1,"href":"http:\/\/fmriachuelo.it10.com.ar\/index.php\/wp-json\/wp\/v2\/posts\/15979\/revisions"}],"predecessor-version":[{"id":22175,"href":"http:\/\/fmriachuelo.it10.com.ar\/index.php\/wp-json\/wp\/v2\/posts\/15979\/revisions\/22175"}],"wp:featuredmedia":[{"embeddable":true,"href":"http:\/\/fmriachuelo.it10.com.ar\/index.php\/wp-json\/wp\/v2\/media\/15982"}],"wp:attachment":[{"href":"http:\/\/fmriachuelo.it10.com.ar\/index.php\/wp-json\/wp\/v2\/media?parent=15979"}],"wp:term":[{"taxonomy":"category","embeddable":true,"href":"http:\/\/fmriachuelo.it10.com.ar\/index.php\/wp-json\/wp\/v2\/categories?post=15979"},{"taxonomy":"post_tag","embeddable":true,"href":"http:\/\/fmriachuelo.it10.com.ar\/index.php\/wp-json\/wp\/v2\/tags?post=15979"}],"curies":[{"name":"wp","href":"https:\/\/api.w.org\/{rel}","templated":true}]}}