{"id":1597,"date":"2015-11-16T15:20:00","date_gmt":"2015-11-16T15:20:00","guid":{"rendered":"http:\/\/fmriachuelo.observatorioess.org.ar\/index.php\/2015\/11\/16\/s-c-de-bariloche-semana-por-los-derechos-de-los-ninos\/"},"modified":"2015-11-16T15:20:00","modified_gmt":"2015-11-16T15:20:00","slug":"s-c-de-bariloche-semana-por-los-derechos-de-los-ninos","status":"publish","type":"post","link":"http:\/\/fmriachuelo.it10.com.ar\/index.php\/2015\/11\/16\/s-c-de-bariloche-semana-por-los-derechos-de-los-ninos\/","title":{"rendered":"S.C. DE BARILOCHE: SEMANA POR LOS DERECHOS DE LOS NI\u00d1OS"},"content":{"rendered":"<p><b><span style=\"color: red\"><span style=\"font-size: large\"><span>X LOS DERECHOS<\/span><\/span><\/span><\/b><\/p>\n<div style=\"clear: both;text-align: center\"><a href=\"http:\/\/4.bp.blogspot.com\/-sORUja_eb1E\/VknzrVBRIOI\/AAAAAAAAHSk\/detCTOa-aW4\/s1600\/AL%2BMARGEN.jpg\" style=\"clear: left;float: left;margin-bottom: 1em;margin-right: 1em\"><img loading=\"lazy\" decoding=\"async\" border=\"0\" height=\"85\" src=\"http:\/\/4.bp.blogspot.com\/-sORUja_eb1E\/VknzrVBRIOI\/AAAAAAAAHSk\/detCTOa-aW4\/s200\/AL%2BMARGEN.jpg\" width=\"200\" \/><\/a><\/div>\n<p><span><\/span><\/p>\n<div style=\"text-align: justify\"><span>(Al Margen)El lunes 16  de noviembre comienzan las actividades por la d\u00e9cimo novena  \u201cSemana x los Derechos de ni\u00f1os, ni\u00f1as y adolescentes\u201d con el fin de sensibilizar a la comunidad y poner de relieve los deseos y necesidades de los pibes de nuestra ciudad. <\/span><br \/><a name='more'><\/a><br \/><span><\/span><br \/><span>La mesa organizadora de esta edici\u00f3n de la \u201cSemana x los Derechos\u201d propone  variadas actividades recreativas, reflexivas y de promoci\u00f3n  de derechos  intentando que la comunidad se involucre, los ni\u00f1os participen y todos podamos reflexionar, de la importancia  que  se cumplan todos los derechos para todos los pibes. <\/span><br \/><span><\/span><br \/><span>Habr\u00e1  pintadas de murales, exposiciones fotogr\u00e1ficas, barrileteadas, campeonato de f\u00fatbol callejero,  presentaci\u00f3n de murgas y comparsas, mesas de pol\u00edticas p\u00fablicas, foro de j\u00f3venes  y la tradicional marcha al centro c\u00edvico que incluir\u00e1 la actuaci\u00f3n del reconocido conjunto La Maroma , entre otras cosas. <\/span><br \/><span><\/span><\/p>\n<p><span>La consigna elegida por la mesa organizadora  este a\u00f1o  es: \u201c\u00bfQu\u00e9 est\u00e1s haciendo por mi?\u201d intentando indagar que respuestas estamos dando los adultos ante las diversas situaciones que padecen much\u00edsimos j\u00f3venes  y adolescentes de nuestra ciudad y nuestra regi\u00f3n al ver vulnerados sus derechos. <\/span><br \/><span><\/span><br \/><span>La muerte de j\u00f3venes a manos de otros j\u00f3venes, como la de Isa\u00edas a la salida de la escuela secundaria y la corrupci\u00f3n de menores en nuestra localidad, como en la capital provincial, que involucr\u00f3 a miembros del poder judicial y del organismo proteccional,   son solo algunas de las situaciones mas graves que  marcan la escasez de recursos y  la fragmentaci\u00f3n  de las  pol\u00edticas p\u00fablicas que caracterizan a nuestra regi\u00f3n. <\/span><br \/><span><\/span><br \/><span>La  Semana x los Derechos en nuestra ciudad se remonta a 1996, cuando organizaciones  sociales, gremiales y trabajadores de infancia comenzaron a organizar distintas actividades en torno al 20 de noviembre recordando el d\u00eda en que  Naciones Unidas  aprob\u00f3  la Convenci\u00f3n Internacional  por los Derechos del Ni\u00f1o. Desde entonces cada a\u00f1o decenas de organizaciones, instituciones, vecinos autoconvocados y trabajadores de los circuitos de protecci\u00f3n integral de ni\u00f1os, ni\u00f1as y adolescentes convocan y organizan m\u00faltiples actividades para incidir en las pol\u00edticas p\u00fablicas de la ciudad y la regi\u00f3n. <\/span><br \/><span><\/span><br \/><span>Este a\u00f1o la Convenci\u00f3n por los  Derechos del Ni\u00f1o cumple 26 a\u00f1os de vida y desde hace 21 a\u00f1os forma parte de la Constituci\u00f3n nacional en nuestro pa\u00eds. <\/span><br \/><span><\/span><br \/><span>Cronograma de actividades: <\/span><br \/><span><\/span><br \/><span>Lunes 16.  Centro C\u00edvico, 10 hs: Conferencia de prensa e inauguraci\u00f3n muestra fotografica  PH 15  Bariloche. <\/span><br \/><span><\/span><br \/><span>Lunes 16, Barrio Vivero, 14 hs: Torneo de f\u00fatbol callejero <\/span><br \/><span><\/span><br \/><span>Martes 17,  Villegas y Moreno17 hs: Repintada del Mural en calle Moreno. <\/span><br \/><span><\/span><br \/><span>Martes 17, Elflein 735 (Unter), 18 hs: Quinto Foro de j\u00f3venes y adolescentes de Bariloche <\/span><br \/><span><\/span><br \/><span>Mi\u00e9rcoles 18, en el  Club Comunitario, 10 hs: Pintada de mural y barrileteada <\/span><br \/><span><\/span><br \/><span>Mi\u00e9rcoles 18, en el Club Comunitario14 hs: Barrileteada <\/span><br \/><span><\/span><br \/><span>Mi\u00e9rcoles 18, en La Llave, 18 hs: Obra y taller \u201cTratame bien\u201d de los alumnos del CEM 46. <\/span><br \/><span><\/span><br \/><span>Jueves 19, en el Centro C\u00edvico, 10 hs: Muestra del programa Ecos \u2013Hueche. MDS <\/span><br \/><span><\/span><br \/><span>Jueves 19,  en el Sal\u00f3n Azul del Ministerio de Desarrollo Social, 14 hs: Mesa de Pol\u00edticas P\u00fablicas. <\/span><br \/><span><\/span><br \/><span>Viernes 20, 10 hs: Concentraci\u00f3n en Brown y Onelli para marchar al Centro c\u00edvico. <\/span><br \/><span><\/span><br \/><span>Viernes 20, Centro C\u00edvico, 12 hs: lectura de documento y actuaci\u00f3n del conjunto La Maroma. <\/span><br \/><span><\/span><br \/><span>S\u00e1bado 21, en Ruta 40 y Bestched, a partir de las 14 hs: Encuentro de murgas y Comparsas, y kerm\u00e9s <\/span><br \/><span><\/span><br \/><span>Convocan y organizan: <\/span><br \/><span><\/span><br \/><span> Mesa promotora x los Derechos: Grupo Encuentro, Colectivo al Margen, Unter CTA de los trabajadores,  escuela Ant\u00fa Ruka, Centro de Prevenci\u00f3n de Adicciones, Territoriales Senaf Bche, Cumen Ruka, Caats 1,4,5,7 y 8, Secretar\u00eda de Desarrollo Humano, Cepla Sedronar, Programas Ecos y Hueche, PH 15 Bariloche, Comisi\u00f3n de Murgas y Comparsas, Vecinos de la comunidad.<\/span><\/div>\n","protected":false},"excerpt":{"rendered":"<p>X LOS DERECHOS (Al Margen)El lunes 16 de noviembre comienzan las actividades por la d\u00e9cimo novena \u201cSemana x los Derechos de ni\u00f1os, ni\u00f1as y adolescentes\u201d con el fin de sensibilizar a la comunidad y poner de relieve los deseos y necesidades de los pibes de nuestra ciudad. La mesa organizadora de esta edici\u00f3n de la [&hellip;]<\/p>\n","protected":false},"author":4,"featured_media":0,"comment_status":"open","ping_status":"open","sticky":false,"template":"","format":"standard","meta":{"_monsterinsights_skip_tracking":false,"_monsterinsights_sitenote_active":false,"_monsterinsights_sitenote_note":"","_monsterinsights_sitenote_category":0,"jnews-multi-image_gallery":[],"jnews_single_post":[],"jnews_primary_category":[],"_joinchat":[],"footnotes":""},"categories":[1],"tags":[],"class_list":["post-1597","post","type-post","status-publish","format-standard","hentry","category-habitat"],"_links":{"self":[{"href":"http:\/\/fmriachuelo.it10.com.ar\/index.php\/wp-json\/wp\/v2\/posts\/1597","targetHints":{"allow":["GET"]}}],"collection":[{"href":"http:\/\/fmriachuelo.it10.com.ar\/index.php\/wp-json\/wp\/v2\/posts"}],"about":[{"href":"http:\/\/fmriachuelo.it10.com.ar\/index.php\/wp-json\/wp\/v2\/types\/post"}],"author":[{"embeddable":true,"href":"http:\/\/fmriachuelo.it10.com.ar\/index.php\/wp-json\/wp\/v2\/users\/4"}],"replies":[{"embeddable":true,"href":"http:\/\/fmriachuelo.it10.com.ar\/index.php\/wp-json\/wp\/v2\/comments?post=1597"}],"version-history":[{"count":0,"href":"http:\/\/fmriachuelo.it10.com.ar\/index.php\/wp-json\/wp\/v2\/posts\/1597\/revisions"}],"wp:attachment":[{"href":"http:\/\/fmriachuelo.it10.com.ar\/index.php\/wp-json\/wp\/v2\/media?parent=1597"}],"wp:term":[{"taxonomy":"category","embeddable":true,"href":"http:\/\/fmriachuelo.it10.com.ar\/index.php\/wp-json\/wp\/v2\/categories?post=1597"},{"taxonomy":"post_tag","embeddable":true,"href":"http:\/\/fmriachuelo.it10.com.ar\/index.php\/wp-json\/wp\/v2\/tags?post=1597"}],"curies":[{"name":"wp","href":"https:\/\/api.w.org\/{rel}","templated":true}]}}