{"id":15962,"date":"2022-07-26T21:06:21","date_gmt":"2022-07-26T21:06:21","guid":{"rendered":"http:\/\/fmriachuelo.com.ar\/?p=15962"},"modified":"2025-03-21T16:15:36","modified_gmt":"2025-03-21T19:15:36","slug":"seguimos-sosteniendo-que-el-movimiento-obrero-tiene-que-ser-columna-vertebral-y-cabeza-de-los-procesos-de-transformacion","status":"publish","type":"post","link":"http:\/\/fmriachuelo.it10.com.ar\/index.php\/2022\/07\/26\/seguimos-sosteniendo-que-el-movimiento-obrero-tiene-que-ser-columna-vertebral-y-cabeza-de-los-procesos-de-transformacion\/","title":{"rendered":"\u201cSEGUIMOS SOSTENIENDO QUE EL MOVIMIENTO OBRERO TIENE QUE SER COLUMNA VERTEBRAL Y CABEZA DE LOS PROCESOS DE TRANSFORMACI\u00d3N\u201d"},"content":{"rendered":"<p><strong>[FM Riachuelo, 26\/7\/2022]\u00a0En la previa para la Marcha de las Antorchas sobre la 9 de Julio e Independencia, en el marco de los 70 a\u00f1os del paso a la inmortalidad de Evita y convocada por el Frente Sindical Para el Modelo Nacional, que cuenta con la participaci\u00f3n de organizaciones sociales, Lito Borello, coordinador nacional del Movimiento Popular Los Pibes, brind\u00f3 su testimonio al equipo de cobertura de la FM Riachuelo.<\/strong><\/p>\n<p>El referente social comenz\u00f3 por referirse a la convocatoria: <em>\u201cEn principio nos pareci\u00f3 absolutamente acertada cuando surgi\u00f3 la convocatoria desde el Frente Sindical Para el Modelo Nacional a un d\u00eda tan importante en lo simb\u00f3lico, pero tambi\u00e9n como marco te\u00f3rico de los procesos de lucha de los pueblos. En este momento, sobrevolar las miserias de la coyuntura es tener claramente un car\u00e1cter de miop\u00eda. Creo que el Movimiento Obrero, Camioneros, el Frente Sindical, justamente elevan la mirada y ponen en la Marcha de Antorchas el resaltar desde donde hay que mirar los procesos, desde donde y desde qu\u00e9 marco hay que pensar y desde qu\u00e9 sector hay que oponerse y oponerle resistencia a los poderes f\u00e1cticos\u201d.<\/em><\/p>\n<p>Tambi\u00e9n celebr\u00f3 el modo de homenajear a Evita: <em>\u201cNos pareci\u00f3 enseguida que ten\u00edamos que encontrar el modo de c\u00f3mo participar en esta marcha. Se han ido incorporando distintos sectores, pero lo que queda claro es que nosotros queremos acompa\u00f1ar tambi\u00e9n en esta interpretaci\u00f3n de que \u2018a la fuerza brutal de la antipatria opondremos la fuerza popular organizada\u2019, y ni que hablar con una marcha con el contenido y con el formato nada menos que de marcha de antorcha\u201d.<\/em><\/p>\n<p>Por \u00faltimo, destac\u00f3 el valor de esta marcha en un contexto de embestida de los poderes f\u00e1cticos contra los sectores populares: <em>\u201cPor un lado, si tenemos verdadera intenci\u00f3n de avanzar en un proceso soberano, en un proceso que genere ampliamente la defensa de los intereses nacionales y populares, est\u00e1 claro que va a haber oposici\u00f3n, est\u00e1 claro que va a haber resistencias de los poderes f\u00e1cticos a nivel nacional y a nivel mundial. Por lo tanto, lo que hay que tener claro es con qu\u00e9 queremos enfrentar al poder f\u00e1ctico, c\u00f3mo tenemos que enfrentar a aquellos intereses contrapuestos a los intereses nacionales y populares. Est\u00e1 claro que tiene que ser con el Movimiento Popular, con las organizaciones libres del pueblo, con los trabajadores en sus distintas maneras de organizarse. Por eso siempre seguimos sosteniendo que el Movimiento Obrero debe ser columna vertebral y cabeza de un proceso de transformaci\u00f3n profunda\u201d.<\/em><\/p>\n","protected":false},"excerpt":{"rendered":"<p>[FM Riachuelo, 26\/7\/2022]\u00a0En la previa para la Marcha de las Antorchas sobre la 9 de Julio e Independencia, en el marco de los 70 a\u00f1os del paso a la inmortalidad de Evita y convocada por el Frente Sindical Para el Modelo Nacional, que cuenta con la participaci\u00f3n de organizaciones sociales, Lito Borello, coordinador nacional del [&hellip;]<\/p>\n","protected":false},"author":5,"featured_media":15963,"comment_status":"closed","ping_status":"closed","sticky":false,"template":"","format":"standard","meta":{"_monsterinsights_skip_tracking":false,"_monsterinsights_sitenote_active":false,"_monsterinsights_sitenote_note":"","_monsterinsights_sitenote_category":0,"jnews-multi-image_gallery":[],"jnews_single_post":{"format":"standard"},"jnews_primary_category":[],"_joinchat":[],"footnotes":""},"categories":[58],"tags":[154,148],"class_list":["post-15962","post","type-post","status-publish","format-standard","has-post-thumbnail","hentry","category-noticiariachuelo","tag-economia-popular-2","tag-trabajo"],"_links":{"self":[{"href":"http:\/\/fmriachuelo.it10.com.ar\/index.php\/wp-json\/wp\/v2\/posts\/15962","targetHints":{"allow":["GET"]}}],"collection":[{"href":"http:\/\/fmriachuelo.it10.com.ar\/index.php\/wp-json\/wp\/v2\/posts"}],"about":[{"href":"http:\/\/fmriachuelo.it10.com.ar\/index.php\/wp-json\/wp\/v2\/types\/post"}],"author":[{"embeddable":true,"href":"http:\/\/fmriachuelo.it10.com.ar\/index.php\/wp-json\/wp\/v2\/users\/5"}],"replies":[{"embeddable":true,"href":"http:\/\/fmriachuelo.it10.com.ar\/index.php\/wp-json\/wp\/v2\/comments?post=15962"}],"version-history":[{"count":1,"href":"http:\/\/fmriachuelo.it10.com.ar\/index.php\/wp-json\/wp\/v2\/posts\/15962\/revisions"}],"predecessor-version":[{"id":22176,"href":"http:\/\/fmriachuelo.it10.com.ar\/index.php\/wp-json\/wp\/v2\/posts\/15962\/revisions\/22176"}],"wp:featuredmedia":[{"embeddable":true,"href":"http:\/\/fmriachuelo.it10.com.ar\/index.php\/wp-json\/wp\/v2\/media\/15963"}],"wp:attachment":[{"href":"http:\/\/fmriachuelo.it10.com.ar\/index.php\/wp-json\/wp\/v2\/media?parent=15962"}],"wp:term":[{"taxonomy":"category","embeddable":true,"href":"http:\/\/fmriachuelo.it10.com.ar\/index.php\/wp-json\/wp\/v2\/categories?post=15962"},{"taxonomy":"post_tag","embeddable":true,"href":"http:\/\/fmriachuelo.it10.com.ar\/index.php\/wp-json\/wp\/v2\/tags?post=15962"}],"curies":[{"name":"wp","href":"https:\/\/api.w.org\/{rel}","templated":true}]}}