{"id":1596,"date":"2015-11-17T13:18:00","date_gmt":"2015-11-17T13:18:00","guid":{"rendered":"http:\/\/fmriachuelo.observatorioess.org.ar\/index.php\/2015\/11\/17\/cordoba-9o-marcha-de-la-gorra\/"},"modified":"2015-11-17T13:18:00","modified_gmt":"2015-11-17T13:18:00","slug":"cordoba-9o-marcha-de-la-gorra","status":"publish","type":"post","link":"http:\/\/fmriachuelo.it10.com.ar\/index.php\/2015\/11\/17\/cordoba-9o-marcha-de-la-gorra\/","title":{"rendered":"C\u00d3RDOBA: 9\u00ba MARCHA DE LA GORRA"},"content":{"rendered":"<p><span><b>INVITACI\u00d3N<\/b><\/span><\/p>\n<div style=\"clear: both;text-align: center\"><a href=\"http:\/\/1.bp.blogspot.com\/-wAhli2Qmk0o\/Vksl2HYAvnI\/AAAAAAAAHS8\/YJG2cFeHCWI\/s1600\/marcha%2Bde%2Bla%2Bgorra.jpg\" style=\"clear: left;float: left;margin-bottom: 1em;margin-right: 1em\"><img loading=\"lazy\" decoding=\"async\" border=\"0\" height=\"75\" src=\"http:\/\/1.bp.blogspot.com\/-wAhli2Qmk0o\/Vksl2HYAvnI\/AAAAAAAAHS8\/YJG2cFeHCWI\/s200\/marcha%2Bde%2Bla%2Bgorra.jpg\" width=\"200\" \/><\/a><\/div>\n<div style=\"text-align: justify\"><span>GACETILLA DE PRENSA:&nbsp;<\/span><\/div>\n<p><span><\/span><\/p>\n<div style=\"text-align: justify\"><span>9na MARCHA DE LA GORRA&nbsp;<\/span><\/div>\n<p><span><\/span><\/p>\n<div style=\"text-align: justify\"><span>Desde la mesa organizadora de la Marcha de la Gorra, te invitamos a participar de la novena movilizaci\u00f3n. Nos convocan los linchamientos, las razzias, la muerte de lxs pibxs, las desapariciones, el accionar corrupto de la polic\u00eda y la Justicia. Nos cansamos de que nos proh\u00edban llegar al centro, de que nos discriminen por el trabajo que elegimos. No soportamos las declaraciones del gobernador de C\u00f3rdoba que contin\u00faa criminalizando nuestros reclamos, ante el maldito C\u00f3digo de Faltas.<\/span><br \/><a name='more'><\/a><span>Nos organizamos. Somos pibes, trabajadoras sexuales, carreros, artesanxs, estudiantes, laburantes, m\u00fasicos, madres, padres, somos todxs lxs que sentimos y nos imaginamos un futuro lejos del Estado Policial que nos rige. Promovemos la igualdad ante la ley y el acceso real a derechos b\u00e1sicos de lxs marginadxs de la sociedad. Pensamos las juventudes y nos hacemos cargo de nuestro presente, interpelados ante las injusticias que sentimos y la violencia que nos imponen. Somos esas gorras, carros y tacos que hace nueve a\u00f1os luchan juntas al pedido de Abajo el C\u00f3digo de Faltas. El viernes 20 a las 8 de la ma\u00f1ana comienza la veda electoral, por lo que muchos espacios pol\u00edticos partidarios no podr\u00edan marchar con sus respectivas identificaciones, m\u00e1s all\u00e1 de que entendemos que todas las expresiones convocadas a marchar, sean partidarias o no, son pol\u00edticas. Adem\u00e1s nos preocupa que la veda sea una excusa adicional para que la Polic\u00eda realice detenciones o demoras que impidan a los pibes y las pibas llegar a la Marcha. Queremos que todas y todos est\u00e9n en la calle, por eso tomamos la decisi\u00f3n de cambiar la fecha. Porque la represi\u00f3n no espera, convocamos a marchar el 18 de Noviembre a las 17 hs, desde Col\u00f3n y Ca\u00f1ada. Respetamos las distintas visiones de todas las organizaciones que a\u00f1o a a\u00f1o marchan y, en este escenario, reivindicamos m\u00e1s que nunca tanto nuestra independencia de todos los partidos pol\u00edticos como nuestro derecho a articular con todxs lxs que luchan por la causa de la Marcha independientemente de cu\u00e1l sea su posici\u00f3n en relaci\u00f3n al balotaje o a cualquier otra elecci\u00f3n. La mesa de organizaci\u00f3n de la Marcha de la Gorra es un espacio que hist\u00f3ricamente ha representado la unidad entre sectores en muchos casos antag\u00f3nicos y por lo tanto no tiene una posici\u00f3n unificada en relaci\u00f3n a las elecciones. El Colectivo de J\u00f3venes por Nuestros Derechos naci\u00f3 en el a\u00f1o 2007 en C\u00f3rdoba, en respuesta a las persecuciones y el hostigamiento a determinadas expresiones culturales juveniles. La Marcha de la Gorra es la forma que, desde el a\u00f1o 2007, elegimos para exigir junto a otros y otras j\u00f3venes de m\u00e1s de 60 organizaciones la derogaci\u00f3n del C\u00f3digo de Faltas y que se escuchen bien fuerte nuestras voces. Acompa\u00f1anos, sal\u00ed a la calle, grit\u00e1 fuerte la consigna: \u201cEn tu Estado Policial te marchamos de frente mar\u201d. Recorreremos el centro, nos manifestaremos art\u00edsticamente sobre lo que nos pasa y sentimos. Terminaremos leyendo un documento en la plaza San Mart\u00edn con un festival de bandas locales y populares: Sin Remedio, Zona de Cuarentena, Sangre Cuartetera, y Rimando Entreversos (con una invitada sorpresa). Bandas que dar\u00e1n cuenta de la alegr\u00eda y resistencia que siempre sostenemos como banderas.<\/span><\/div>\n<p><span><\/p>\n<div style=\"text-align: justify\"><span style=\"font-size: x-small\"><span style=\"color: #0b5394\"><b>CONTACTOS: Lucrecia: 0351-155164403 Julieta 0353-15767263&nbsp;<\/b><\/span><\/span><\/div>\n<div style=\"text-align: justify\"><span style=\"font-size: x-small\"><span style=\"color: #0b5394\"><b>Joaquin: 0294-154208880<\/b><\/span><\/span><\/div>\n<p><\/span><\/p>\n","protected":false},"excerpt":{"rendered":"<p>INVITACI\u00d3N GACETILLA DE PRENSA:&nbsp; 9na MARCHA DE LA GORRA&nbsp; Desde la mesa organizadora de la Marcha de la Gorra, te invitamos a participar de la novena movilizaci\u00f3n. Nos convocan los linchamientos, las razzias, la muerte de lxs pibxs, las desapariciones, el accionar corrupto de la polic\u00eda y la Justicia. Nos cansamos de que nos proh\u00edban [&hellip;]<\/p>\n","protected":false},"author":4,"featured_media":0,"comment_status":"open","ping_status":"open","sticky":false,"template":"","format":"standard","meta":{"_monsterinsights_skip_tracking":false,"_monsterinsights_sitenote_active":false,"_monsterinsights_sitenote_note":"","_monsterinsights_sitenote_category":0,"jnews-multi-image_gallery":[],"jnews_single_post":[],"jnews_primary_category":[],"_joinchat":[],"footnotes":""},"categories":[1],"tags":[],"class_list":["post-1596","post","type-post","status-publish","format-standard","hentry","category-habitat"],"_links":{"self":[{"href":"http:\/\/fmriachuelo.it10.com.ar\/index.php\/wp-json\/wp\/v2\/posts\/1596","targetHints":{"allow":["GET"]}}],"collection":[{"href":"http:\/\/fmriachuelo.it10.com.ar\/index.php\/wp-json\/wp\/v2\/posts"}],"about":[{"href":"http:\/\/fmriachuelo.it10.com.ar\/index.php\/wp-json\/wp\/v2\/types\/post"}],"author":[{"embeddable":true,"href":"http:\/\/fmriachuelo.it10.com.ar\/index.php\/wp-json\/wp\/v2\/users\/4"}],"replies":[{"embeddable":true,"href":"http:\/\/fmriachuelo.it10.com.ar\/index.php\/wp-json\/wp\/v2\/comments?post=1596"}],"version-history":[{"count":0,"href":"http:\/\/fmriachuelo.it10.com.ar\/index.php\/wp-json\/wp\/v2\/posts\/1596\/revisions"}],"wp:attachment":[{"href":"http:\/\/fmriachuelo.it10.com.ar\/index.php\/wp-json\/wp\/v2\/media?parent=1596"}],"wp:term":[{"taxonomy":"category","embeddable":true,"href":"http:\/\/fmriachuelo.it10.com.ar\/index.php\/wp-json\/wp\/v2\/categories?post=1596"},{"taxonomy":"post_tag","embeddable":true,"href":"http:\/\/fmriachuelo.it10.com.ar\/index.php\/wp-json\/wp\/v2\/tags?post=1596"}],"curies":[{"name":"wp","href":"https:\/\/api.w.org\/{rel}","templated":true}]}}