{"id":15952,"date":"2022-07-25T17:40:50","date_gmt":"2022-07-25T17:40:50","guid":{"rendered":"http:\/\/fmriachuelo.com.ar\/?p=15952"},"modified":"2025-03-21T16:17:46","modified_gmt":"2025-03-21T19:17:46","slug":"la-boca-jornada-solidaria-por-el-derecho-a-la-vivienda-digna","status":"publish","type":"post","link":"http:\/\/fmriachuelo.it10.com.ar\/index.php\/2022\/07\/25\/la-boca-jornada-solidaria-por-el-derecho-a-la-vivienda-digna\/","title":{"rendered":"LA BOCA: JORNADA SOLIDARIA POR EL DERECHO A LA VIVIENDA DIGNA"},"content":{"rendered":"<p><b>[FM Riachuelo, 25\/07\/2022] El s\u00e1bado 23 de julio a partir de las 12 hs en la Avenida Pedro de Mendoza 1447, barrio de La<\/b><b> Boca,<\/b><b> se <\/b><b>realiz\u00f3 a una \u201c<\/b><b><i>Jornada Solidaria por el Derecho a la Vivienda digna<\/i><\/b><b><i>\u201d<\/i><\/b><b> de la que participaron distintas organizaciones del barrio\u00a0 junto a vecinos y vecinas<\/b><b><i>. <\/i><\/b><b>La actividad fue convocada por los habitantes del edificio Zanchetti y se desarroll\u00f3 en ocasi\u00f3n de cumplirse 5 a\u00f1os del incendio que provoc\u00f3 la muerte de 4 personas y dej\u00f3 a 32 familias en la calle.<\/b><\/p>\n<p><span style=\"font-weight: 400\">De acuerdo a los vecinxs el <\/span><b>Gobierno de la Ciudad<\/b><span style=\"font-weight: 400\"> aprovech\u00f3 ese siniestro para <\/span><b>desalojar de hecho<\/b><span style=\"font-weight: 400\"> a quienes all\u00ed construyeron su hogar durante m\u00e1s de 30 a\u00f1os. Durante ocho meses una consigna policial permaneci\u00f3 en la puerta del edificio privando a los vecinos el ingreso a sus hogares, por lo que permanecieron acampando en la calle frente al edificio. Hasta el d\u00eda de hoy siguen sufriendo el abandono de la gesti\u00f3n de <\/span><b>Horacio Rodr\u00edguez Larreta.<\/b><\/p>\n<p><b>Fm Riachuelo<\/b><span style=\"font-weight: 400\">, presente en el lugar convers\u00f3 con <\/span><b>Tom\u00e1s Lerner<\/b><span style=\"font-weight: 400\">, militante de <\/span><b>La C\u00e1mpora La Boca<\/b><span style=\"font-weight: 400\">, quien destaca que durante estos ocho meses los vecinos desalojados recibieron la solidaridad del barrio y sus organizaciones, que brindaron alimento y asesoramiento jur\u00eddico para poder llevar adelante los reclamos, sin embargo el Gobierno de la Ciudad no se hizo presente: <\/span><i><span style=\"font-weight: 400\">\u201cSeguimos pidiendo al gobierno de la ciudad que se haga cargo, que venga a dar respuestas. Esta es una parte de la ciudad que est\u00e1 abandonada, dejada a su suerte. Pero ac\u00e1 estamos organiz\u00e1ndonos porque ahora Zanchetti junto al Pescadito, que es otro sector de la cuadra, pertenecen al ReNaBaP (Registro Nacional de Barrios Populares) y eso es muy importante porque pueden acceder a algunas pol\u00edticas sociales, se pueden hacer convenios de obra con el Gobierno Nacional.\u201d<\/span><\/i><\/p>\n<p><span style=\"font-weight: 400\">Tambi\u00e9n conversamos con <\/span><b>Juan Ignacio Garc\u00eda<\/b><span style=\"font-weight: 400\">, del <\/span><b>Comedor Peque\u00f1os Camioneritos de La Boca<\/b><span style=\"font-weight: 400\">, quien destac\u00f3 la situaci\u00f3n indigna que padecen los vecinos del lugar: <\/span><i><span style=\"font-weight: 400\">\u201cNo tienen agua, no tienen luz y se ve que est\u00e1n pasando una situaci\u00f3n mal\u00edsima y el gobierno se tiene que hacer cargo y no lo hace. En La Boca sufrimos desalojos todos los d\u00edas, no nos merecemos este trato de parte de ning\u00fan gobierno\u201d,\u00a0 <\/span><\/i><span style=\"font-weight: 400\">luego agreg\u00f3: <\/span><i><span style=\"font-weight: 400\">\u201cTenemos que armar un frente que albergue a todos los compa\u00f1eros y compa\u00f1eras que son referentes de los comedores, de las organizaciones, de los clubes del barrio. Ellos son important\u00edsimos porque manejan los barrios, ayudan a las mujeres solas, con problemas de g\u00e9nero, le ponen un plato de comida al que necesite, les llevan los remedios. Esas mujeres y hombres son los que est\u00e1n en el territorio d\u00eda a d\u00eda, son el Estado en cada barrio. Las organizaciones de base, las organizaciones de barrio son las que hay que respetar y lamentablemente no se las respeta. Pero en el barrio estamos unidos, como siempre, a pesar de las diferencias y ac\u00e1 se puede ver. Cuando hay que hacer algo para el barrio, para la gente, corremos nuestros matices, diferencias y vamos todos para el mismo lado, porque sabemos lo que se viene\u201d.<\/span><\/i><\/p>\n<p><span style=\"font-weight: 400\">A lo largo de la jornada se realiz\u00f3 una olla solidaria, tareas de mejoramiento y limpieza, actividades para los chicos y una radio abierta.<\/span><\/p>\n","protected":false},"excerpt":{"rendered":"<p>[FM Riachuelo, 25\/07\/2022] El s\u00e1bado 23 de julio a partir de las 12 hs en la Avenida Pedro de Mendoza 1447, barrio de La Boca, se realiz\u00f3 a una \u201cJornada Solidaria por el Derecho a la Vivienda digna\u201d de la que participaron distintas organizaciones del barrio\u00a0 junto a vecinos y vecinas. La actividad fue convocada [&hellip;]<\/p>\n","protected":false},"author":5,"featured_media":15953,"comment_status":"closed","ping_status":"closed","sticky":false,"template":"","format":"standard","meta":{"_monsterinsights_skip_tracking":false,"_monsterinsights_sitenote_active":false,"_monsterinsights_sitenote_note":"","_monsterinsights_sitenote_category":0,"jnews-multi-image_gallery":[],"jnews_single_post":{"format":"standard"},"jnews_primary_category":[],"_joinchat":[],"footnotes":""},"categories":[58],"tags":[119,147],"class_list":["post-15952","post","type-post","status-publish","format-standard","has-post-thumbnail","hentry","category-noticiariachuelo","tag-derechos-humanos","tag-habitat"],"_links":{"self":[{"href":"http:\/\/fmriachuelo.it10.com.ar\/index.php\/wp-json\/wp\/v2\/posts\/15952","targetHints":{"allow":["GET"]}}],"collection":[{"href":"http:\/\/fmriachuelo.it10.com.ar\/index.php\/wp-json\/wp\/v2\/posts"}],"about":[{"href":"http:\/\/fmriachuelo.it10.com.ar\/index.php\/wp-json\/wp\/v2\/types\/post"}],"author":[{"embeddable":true,"href":"http:\/\/fmriachuelo.it10.com.ar\/index.php\/wp-json\/wp\/v2\/users\/5"}],"replies":[{"embeddable":true,"href":"http:\/\/fmriachuelo.it10.com.ar\/index.php\/wp-json\/wp\/v2\/comments?post=15952"}],"version-history":[{"count":1,"href":"http:\/\/fmriachuelo.it10.com.ar\/index.php\/wp-json\/wp\/v2\/posts\/15952\/revisions"}],"predecessor-version":[{"id":22178,"href":"http:\/\/fmriachuelo.it10.com.ar\/index.php\/wp-json\/wp\/v2\/posts\/15952\/revisions\/22178"}],"wp:featuredmedia":[{"embeddable":true,"href":"http:\/\/fmriachuelo.it10.com.ar\/index.php\/wp-json\/wp\/v2\/media\/15953"}],"wp:attachment":[{"href":"http:\/\/fmriachuelo.it10.com.ar\/index.php\/wp-json\/wp\/v2\/media?parent=15952"}],"wp:term":[{"taxonomy":"category","embeddable":true,"href":"http:\/\/fmriachuelo.it10.com.ar\/index.php\/wp-json\/wp\/v2\/categories?post=15952"},{"taxonomy":"post_tag","embeddable":true,"href":"http:\/\/fmriachuelo.it10.com.ar\/index.php\/wp-json\/wp\/v2\/tags?post=15952"}],"curies":[{"name":"wp","href":"https:\/\/api.w.org\/{rel}","templated":true}]}}