{"id":1595,"date":"2015-11-17T18:22:00","date_gmt":"2015-11-17T18:22:00","guid":{"rendered":"http:\/\/fmriachuelo.observatorioess.org.ar\/index.php\/2015\/11\/17\/caba-escuela-fuentealba-recuperada-vacia-y-abandonada\/"},"modified":"2015-11-17T18:22:00","modified_gmt":"2015-11-17T18:22:00","slug":"caba-escuela-fuentealba-recuperada-vacia-y-abandonada","status":"publish","type":"post","link":"http:\/\/fmriachuelo.it10.com.ar\/index.php\/2015\/11\/17\/caba-escuela-fuentealba-recuperada-vacia-y-abandonada\/","title":{"rendered":"CABA: ESCUELA FUENTEALBA RECUPERADA VAC\u00cdA Y ABANDONADA"},"content":{"rendered":"<p><span><b>LAS POL\u00cdTICAS DEL GOBIERNO DE LA CIUDAD: EDUCACI\u00d3N PARA POCOS<\/b><\/span><\/p>\n<div style=\"clear: both;text-align: center\"><a href=\"http:\/\/4.bp.blogspot.com\/-UaJmW0whhb4\/Vktu7xrv0NI\/AAAAAAAAHTY\/kTIW7OYo_HM\/s1600\/escuela%2Bfuentealba.jpg\" style=\"clear: left;float: left;margin-bottom: 1em;margin-right: 1em\"><img loading=\"lazy\" decoding=\"async\" border=\"0\" height=\"320\" src=\"http:\/\/4.bp.blogspot.com\/-UaJmW0whhb4\/Vktu7xrv0NI\/AAAAAAAAHTY\/kTIW7OYo_HM\/s320\/escuela%2Bfuentealba.jpg\" width=\"180\" \/><\/a><\/div>\n<p><span><\/span><\/p>\n<div style=\"text-align: justify\"><span>[FMR 17\/11\/15] La Escuela Fuentealba que fuera recuperada por sus trabajadores, se halla en estado de abandono, frente al incumplimiento del Gobierno de la Ciudad.<\/span><\/div>\n<p><span> <\/p>\n<div style=\"text-align: justify\">Difundimos comunicado:<\/div>\n<div style=\"text-align: justify\">A 20 MESES DE LA RECUPERACI\u00d3N DE LA ESCUELA FUENTEALBA\u2026 UNA OBRA PARADA M\u00c1S, UNA NUEVA PROMESA INCUMPLIDA Cuando un ni\u00f1a\/o no tiene vacante para ir a la escuela no s\u00f3lo se le arrebata un derecho y se le mutila un sue\u00f1o, sino que el gobierno pone de manifiesto el odio y la violencia hacia \u00e9l\/ella. Cuando sus familias, sus docentes, sus vecinas\/os pelean para que esos ni\u00f1os\/as (que no son uno ni son dos sino miles y miles en la ciudad) puedan tener una escuela, el gobierno les miente y no cumple con su compromiso. A comienzos del 2014 la comunidad educativa de Parque Patricios y Barracas aterrada por la falta de vacantes para nivel inicial y primario decide ocupar una escuela que hab\u00eda sido vaciada y abandonada por el gobierno porte\u00f1o para que lo obvio se cumpla: que se reabran las puertas para que decenas de ni\u00f1as y ni\u00f1os tengan su derecho a la educaci\u00f3n garantizado.<br \/><a name='more'><\/a>El 3 de Abril de ese a\u00f1o, luego de semanas de toma, de movilizaciones y reuniones, se logr\u00f3 que la legislatura porte\u00f1a apruebe la ley de expropiaci\u00f3n y as\u00ed el compromiso de que dicho edificio se refaccione. Hoy a 20 meses de aquel logro, la obra est\u00e1 parada y el edificio nuevamente abandonado. Los\/as ni\u00f1os\/as, las familias y docentes no entendemos c\u00f3mo un gobierno puede mentir tanto, c\u00f3mo puede negarnos derechos con tanta impunidad. \u00bfHasta cu\u00e1ndo vamos a permitir la negaci\u00f3n y la violencia? \u00bfCu\u00e1nto m\u00e1s vamos a dejar que nos avancen? Sin escuelas no hay educaci\u00f3n, sin educaci\u00f3n no habr\u00e1 nunca igualdad, y sin igualdad nunca habr\u00e1 seguridad ni justicia. Exigimos que la escuela p\u00fablica de Manuel Garc\u00eda 370 deje de ser una promesa y sea una realidad. Exigimos que esa escuela bautizada como \u201cEscuela Recuperada Carlos Fuentealba\u201d por vecinos\/as y organizaciones abra sus puertas en 2016. Escuchamos a los candidatos a presidente llenarse la boca de Escuela P\u00fablica mientras padecemos en nuestros barrios la falta de escuelas y las p\u00e9simas condiciones edilicias de las escuelas existentes. Basta de mentiras\u2026 Exigimos que se terminen las refacciones necesarias para que la escuela de Manuel Garc\u00eda 370 (Parque Patricios) abra sus puertas el pr\u00f3ximo ciclo lectivo. Responsabilizamos al Gobierno de la Ciudad por los miles de ni\u00f1as\/os que hoy no tienen acceso a la educaci\u00f3n. Exigimos un plan de construcci\u00f3n de las 25 escuelas que faltan en la zona sur de la ciudad. Y convocamos a los legisladores, a los sindicatos, a las organizaciones del barrio y a los\/as vecinos\/as este Mi\u00e9rcoles 18\/11 a las 7:30 hs a ser parte de la conferencia de prensa que se llevar\u00e1 a cabo en la puerta de la escuela. Ni pibes sin escuela, ni escuela sin pibes.&nbsp;<\/div>\n<div style=\"text-align: justify\">CONFERENCIA DE PRENSA MI\u00c9RCOLES 18\/11 7:30 AM Escuela Recuperada Carlos Fuentealba Manuel Garc\u00eda 370 Contactos de prensa: Estefan\u00eda: 1564835318 Lucila: 1559972009<\/div>\n<p><\/span><\/p>\n","protected":false},"excerpt":{"rendered":"<p>LAS POL\u00cdTICAS DEL GOBIERNO DE LA CIUDAD: EDUCACI\u00d3N PARA POCOS [FMR 17\/11\/15] La Escuela Fuentealba que fuera recuperada por sus trabajadores, se halla en estado de abandono, frente al incumplimiento del Gobierno de la Ciudad. Difundimos comunicado: A 20 MESES DE LA RECUPERACI\u00d3N DE LA ESCUELA FUENTEALBA\u2026 UNA OBRA PARADA M\u00c1S, UNA NUEVA PROMESA INCUMPLIDA [&hellip;]<\/p>\n","protected":false},"author":4,"featured_media":0,"comment_status":"open","ping_status":"open","sticky":false,"template":"","format":"standard","meta":{"_monsterinsights_skip_tracking":false,"_monsterinsights_sitenote_active":false,"_monsterinsights_sitenote_note":"","_monsterinsights_sitenote_category":0,"jnews-multi-image_gallery":[],"jnews_single_post":[],"jnews_primary_category":[],"_joinchat":[],"footnotes":""},"categories":[1],"tags":[],"class_list":["post-1595","post","type-post","status-publish","format-standard","hentry","category-habitat"],"_links":{"self":[{"href":"http:\/\/fmriachuelo.it10.com.ar\/index.php\/wp-json\/wp\/v2\/posts\/1595","targetHints":{"allow":["GET"]}}],"collection":[{"href":"http:\/\/fmriachuelo.it10.com.ar\/index.php\/wp-json\/wp\/v2\/posts"}],"about":[{"href":"http:\/\/fmriachuelo.it10.com.ar\/index.php\/wp-json\/wp\/v2\/types\/post"}],"author":[{"embeddable":true,"href":"http:\/\/fmriachuelo.it10.com.ar\/index.php\/wp-json\/wp\/v2\/users\/4"}],"replies":[{"embeddable":true,"href":"http:\/\/fmriachuelo.it10.com.ar\/index.php\/wp-json\/wp\/v2\/comments?post=1595"}],"version-history":[{"count":0,"href":"http:\/\/fmriachuelo.it10.com.ar\/index.php\/wp-json\/wp\/v2\/posts\/1595\/revisions"}],"wp:attachment":[{"href":"http:\/\/fmriachuelo.it10.com.ar\/index.php\/wp-json\/wp\/v2\/media?parent=1595"}],"wp:term":[{"taxonomy":"category","embeddable":true,"href":"http:\/\/fmriachuelo.it10.com.ar\/index.php\/wp-json\/wp\/v2\/categories?post=1595"},{"taxonomy":"post_tag","embeddable":true,"href":"http:\/\/fmriachuelo.it10.com.ar\/index.php\/wp-json\/wp\/v2\/tags?post=1595"}],"curies":[{"name":"wp","href":"https:\/\/api.w.org\/{rel}","templated":true}]}}