{"id":1594,"date":"2015-11-17T18:28:00","date_gmt":"2015-11-17T18:28:00","guid":{"rendered":"http:\/\/fmriachuelo.observatorioess.org.ar\/index.php\/2015\/11\/17\/caba-familias-por-la-escuela-publica-denuncian\/"},"modified":"2015-11-17T18:28:00","modified_gmt":"2015-11-17T18:28:00","slug":"caba-familias-por-la-escuela-publica-denuncian","status":"publish","type":"post","link":"http:\/\/fmriachuelo.it10.com.ar\/index.php\/2015\/11\/17\/caba-familias-por-la-escuela-publica-denuncian\/","title":{"rendered":"CABA: FAMILIAS POR LA ESCUELA P\u00daBLICA DENUNCIAN"},"content":{"rendered":"<p><span><b>LAS POL\u00cdTICAS DEL GOBIERNO DE LA CIUDAD I<\/b><\/span><br \/><span><b><\/b><\/span> <\/p>\n<div style=\"clear: both;text-align: center\"><a href=\"http:\/\/2.bp.blogspot.com\/-Oi4bFGUrqBM\/VktxR_tGZVI\/AAAAAAAAHTk\/GRi1wZzJuGw\/s1600\/escuela1.jpg\" style=\"clear: left;float: left;margin-bottom: 1em;margin-right: 1em\"><img loading=\"lazy\" decoding=\"async\" border=\"0\" height=\"150\" src=\"http:\/\/2.bp.blogspot.com\/-Oi4bFGUrqBM\/VktxR_tGZVI\/AAAAAAAAHTk\/GRi1wZzJuGw\/s200\/escuela1.jpg\" width=\"200\" \/><\/a><\/div>\n<p><span><\/span><\/p>\n<div style=\"text-align: justify\"><span>COMUNICADO DE PRENSA<\/span><\/div>\n<p><span><\/span><\/p>\n<div style=\"text-align: justify\"><span>El Gobierno Porte\u00f1o, en la ilegalidad<\/span><\/div>\n<p><span><\/p>\n<div style=\"text-align: justify\">Mauricio Macri y Horacio Rodr\u00edguez Larreta incumplen la Constituci\u00f3n al no enviar el Proyecto de Presupuesto 2016 a la Legislatura. Temor por el contenido de sus propuestas de gobierno para el \u00e1rea educativa. Exigen conocer de inmediato lo que ser\u00e1 la gu\u00eda de las pol\u00edticas a implementar el a\u00f1o pr\u00f3ximo.<br \/><a name='more'><\/a><\/div>\n<div style=\"text-align: justify\">Desde el colectivo Familias x la Escuela P\u00fablica denunciamos ante la Opini\u00f3n P\u00fablica al Gobierno Porte\u00f1o por no haber cumplido con el mandato constitucional de enviar a la Legislatura el Proyecto de Presupuesto 2016, tr\u00e1mite que debi\u00f3 haber cumplido el pasado 30 de septiembre, situaci\u00f3n que no tiene precedentes en la historia de la Ciudad. Las autoridades act\u00faan de manera anticonstitucional, a pesar de haberse comprometido mediante del Decreto 140 (de mayo de 2015) a respetar los tiempos previstos por la normativa vigente.&nbsp;<\/div>\n<div style=\"text-align: justify\"><\/div>\n<div style=\"text-align: justify\">Entendemos que lo presentar\u00e1n despu\u00e9s de las elecciones nacionales, lo que conlleva a que pr\u00e1cticamente no haya tiempo de analizarlo adecuadamente. Los legisladores tendr\u00e1n que tratarlo de manera \u2018expr\u00e9s\u2019, y podr\u00eda llegarse a la sesi\u00f3n plenaria para ser aprobado sin el debate necesario.  Nosotros tampoco tendremos tiempo suficiente para evaluarlo ni para presentar nuestras observaciones o propuestas.&nbsp;<\/div>\n<div style=\"text-align: justify\"><\/div>\n<div style=\"text-align: justify\">Nos preocupa el contenido del proyecto; es obvio que ya lo tienen redactado, pero especulan con el resultado electoral. El cambio de gesti\u00f3n no puede ser una raz\u00f3n suficiente: el actual Jefe de Gabinete es el pr\u00f3ximo Jefe de Gobierno, por lo que la transici\u00f3n no ser\u00e1 tan significativa como para que no hayan podido hacer los deberes a tiempo. En estos seis a\u00f1os de existencia aprendimos a leer el presupuesto y los informes de Hacienda, en los que se expresan los diferentes grados de ejecuci\u00f3n de cada una de las partidas presupuestarias; a la luz de ese aprendizaje es que exigimos ver de inmediato  el Proyecto para 2016.&nbsp;<\/div>\n<div style=\"text-align: justify\"><\/div>\n<div style=\"text-align: justify\">Si tomamos en cuenta lo sucedido en la gesti\u00f3n educativa de los \u00faltimos a\u00f1os, y a eso le sumamos la falta de transparencia demostrada al no presentar el proyecto de presupuesto en tiempo y forma, podemos sostener el temor de que la pr\u00f3xima gesti\u00f3n profundice el vaciamiento de la educaci\u00f3n p\u00fablica. Ya constatamos c\u00f3mo se redujo el presupuesto para construcci\u00f3n de escuelas, para mantenimiento edilicio, para programas educativos, para subsidios a las escuelas gestionados por cooperadoras\u2026  la situaci\u00f3n ya es cr\u00edtica y podr\u00eda ser peor, pero no lo sabremos hasta no ver el presupuesto proyectado.&nbsp;<\/div>\n<div style=\"text-align: justify\"><\/div>\n<div style=\"text-align: justify\">El Ejecutivo incumple la Constituci\u00f3n y la Justicia Porte\u00f1a lo avala; la Legislatura espera el env\u00edo del proyecto. Desde la Comunidad Educativa exigimos conocer de inmediato el contenido del programa de gobierno para el 2016, expresado en lo que ser\u00e1 la Ley de Presupuesto.<\/div>\n<div style=\"text-align: justify\"><\/div>\n<div style=\"text-align: justify\">La preocupaci\u00f3n por el presupuesto se suma al proyecto de ceder parte del terreno que ocupan la Escuela P\u00fablica Primera Junta y el Jard\u00edn de Infantes P\u00fablico Margarita Ravioli al Arzobispado de Buenos Aires; el predio en cuesti\u00f3n es utilizado como polideportivo y espacio de huerta por m\u00e1s de 1200 alumnas y alumnos.<\/div>\n<div style=\"text-align: justify\"><\/div>\n<div style=\"text-align: justify\"><span style=\"color: #0b5394\"><b>Familias x la Escuela P\u00fablica<\/b><\/span><\/div>\n<p><\/span><\/p>\n","protected":false},"excerpt":{"rendered":"<p>LAS POL\u00cdTICAS DEL GOBIERNO DE LA CIUDAD I COMUNICADO DE PRENSA El Gobierno Porte\u00f1o, en la ilegalidad Mauricio Macri y Horacio Rodr\u00edguez Larreta incumplen la Constituci\u00f3n al no enviar el Proyecto de Presupuesto 2016 a la Legislatura. Temor por el contenido de sus propuestas de gobierno para el \u00e1rea educativa. Exigen conocer de inmediato lo [&hellip;]<\/p>\n","protected":false},"author":4,"featured_media":0,"comment_status":"open","ping_status":"open","sticky":false,"template":"","format":"standard","meta":{"_monsterinsights_skip_tracking":false,"_monsterinsights_sitenote_active":false,"_monsterinsights_sitenote_note":"","_monsterinsights_sitenote_category":0,"jnews-multi-image_gallery":[],"jnews_single_post":[],"jnews_primary_category":[],"_joinchat":[],"footnotes":""},"categories":[1],"tags":[],"class_list":["post-1594","post","type-post","status-publish","format-standard","hentry","category-habitat"],"_links":{"self":[{"href":"http:\/\/fmriachuelo.it10.com.ar\/index.php\/wp-json\/wp\/v2\/posts\/1594","targetHints":{"allow":["GET"]}}],"collection":[{"href":"http:\/\/fmriachuelo.it10.com.ar\/index.php\/wp-json\/wp\/v2\/posts"}],"about":[{"href":"http:\/\/fmriachuelo.it10.com.ar\/index.php\/wp-json\/wp\/v2\/types\/post"}],"author":[{"embeddable":true,"href":"http:\/\/fmriachuelo.it10.com.ar\/index.php\/wp-json\/wp\/v2\/users\/4"}],"replies":[{"embeddable":true,"href":"http:\/\/fmriachuelo.it10.com.ar\/index.php\/wp-json\/wp\/v2\/comments?post=1594"}],"version-history":[{"count":0,"href":"http:\/\/fmriachuelo.it10.com.ar\/index.php\/wp-json\/wp\/v2\/posts\/1594\/revisions"}],"wp:attachment":[{"href":"http:\/\/fmriachuelo.it10.com.ar\/index.php\/wp-json\/wp\/v2\/media?parent=1594"}],"wp:term":[{"taxonomy":"category","embeddable":true,"href":"http:\/\/fmriachuelo.it10.com.ar\/index.php\/wp-json\/wp\/v2\/categories?post=1594"},{"taxonomy":"post_tag","embeddable":true,"href":"http:\/\/fmriachuelo.it10.com.ar\/index.php\/wp-json\/wp\/v2\/tags?post=1594"}],"curies":[{"name":"wp","href":"https:\/\/api.w.org\/{rel}","templated":true}]}}