{"id":1593,"date":"2015-11-18T08:30:00","date_gmt":"2015-11-18T08:30:00","guid":{"rendered":"http:\/\/fmriachuelo.observatorioess.org.ar\/index.php\/2015\/11\/18\/mexico-organizaciones-sociales-marcharon\/"},"modified":"2015-11-18T08:30:00","modified_gmt":"2015-11-18T08:30:00","slug":"mexico-organizaciones-sociales-marcharon","status":"publish","type":"post","link":"http:\/\/fmriachuelo.it10.com.ar\/index.php\/2015\/11\/18\/mexico-organizaciones-sociales-marcharon\/","title":{"rendered":"MEXICO: ORGANIZACIONES SOCIALES MARCHARON"},"content":{"rendered":"<p><span><b>ACCESO A LOS DERECHOS<\/b><\/span><br \/><span>EN DEMANDA DE POL\u00cdTICA DE EMPLEO, ACCESO A LA EDUCACI\u00d3N Y VIVIENDA<\/span><br \/><span><\/span><\/p>\n<div style=\"text-align: justify\"><a href=\"https:\/\/2.bp.blogspot.com\/-WNrsTwldXI8\/Vkvar_xcHsI\/AAAAAAAAHUM\/ZkHejSMRXiY\/s1600\/mexico.jpg\" style=\"clear: left;float: left;margin-bottom: 1em;margin-right: 1em\"><img loading=\"lazy\" decoding=\"async\" border=\"0\" height=\"117\" src=\"http:\/\/2.bp.blogspot.com\/-WNrsTwldXI8\/Vkvar_xcHsI\/AAAAAAAAHUM\/ZkHejSMRXiY\/s200\/mexico.jpg\" width=\"200\" \/><\/a><span>Unos cuatro mil integrantes de la Alianza de Organizaciones Sociales APL tomaron el primer cuadro de la ciudad para exigir a las autoridades capitalinas una mesa de di\u00e1logo, para tratar temas como la falta de empleo, acceso a la educaci\u00f3n y respeto a su fuente de trabajo.<\/span><br \/><a name='more'><\/a><\/div>\n<p><span><\/span><\/p>\n<div style=\"text-align: justify\"><\/div>\n<p><span><\/span><\/p>\n<div style=\"text-align: justify\"><span>Juan Manuel Hern\u00e1ndez L\u00f3pez, presidente la agrupaci\u00f3n, que cuenta con 7 mil 500 agremiados en 15 delegaciones, con excepci\u00f3n de Cuajimalpa, se pronunci\u00f3 en contra de una \u201climpieza social\u201d, cuando no se han otorgado oportunidades a la gente para no engrosar las filas de la delincuencia.<\/span><\/div>\n<p><span><\/p>\n<div style=\"text-align: justify\"><\/div>\n<div style=\"text-align: justify\">\u201cNo, nos vamos a subir al ring, queremos dialogar y sentar las bases de un acuerdo que nos permita gozar de acceso al trabajo, la educaci\u00f3n y una vivienda; y acabar con la pol\u00edtica seguida de que, con un plumazo, nos desaparecen\u201d, afirm\u00f3.<\/div>\n<p><\/span><\/p>\n","protected":false},"excerpt":{"rendered":"<p>ACCESO A LOS DERECHOSEN DEMANDA DE POL\u00cdTICA DE EMPLEO, ACCESO A LA EDUCACI\u00d3N Y VIVIENDA Unos cuatro mil integrantes de la Alianza de Organizaciones Sociales APL tomaron el primer cuadro de la ciudad para exigir a las autoridades capitalinas una mesa de di\u00e1logo, para tratar temas como la falta de empleo, acceso a la educaci\u00f3n [&hellip;]<\/p>\n","protected":false},"author":4,"featured_media":0,"comment_status":"open","ping_status":"open","sticky":false,"template":"","format":"standard","meta":{"_monsterinsights_skip_tracking":false,"_monsterinsights_sitenote_active":false,"_monsterinsights_sitenote_note":"","_monsterinsights_sitenote_category":0,"jnews-multi-image_gallery":[],"jnews_single_post":[],"jnews_primary_category":[],"_joinchat":[],"footnotes":""},"categories":[1],"tags":[],"class_list":["post-1593","post","type-post","status-publish","format-standard","hentry","category-habitat"],"_links":{"self":[{"href":"http:\/\/fmriachuelo.it10.com.ar\/index.php\/wp-json\/wp\/v2\/posts\/1593","targetHints":{"allow":["GET"]}}],"collection":[{"href":"http:\/\/fmriachuelo.it10.com.ar\/index.php\/wp-json\/wp\/v2\/posts"}],"about":[{"href":"http:\/\/fmriachuelo.it10.com.ar\/index.php\/wp-json\/wp\/v2\/types\/post"}],"author":[{"embeddable":true,"href":"http:\/\/fmriachuelo.it10.com.ar\/index.php\/wp-json\/wp\/v2\/users\/4"}],"replies":[{"embeddable":true,"href":"http:\/\/fmriachuelo.it10.com.ar\/index.php\/wp-json\/wp\/v2\/comments?post=1593"}],"version-history":[{"count":0,"href":"http:\/\/fmriachuelo.it10.com.ar\/index.php\/wp-json\/wp\/v2\/posts\/1593\/revisions"}],"wp:attachment":[{"href":"http:\/\/fmriachuelo.it10.com.ar\/index.php\/wp-json\/wp\/v2\/media?parent=1593"}],"wp:term":[{"taxonomy":"category","embeddable":true,"href":"http:\/\/fmriachuelo.it10.com.ar\/index.php\/wp-json\/wp\/v2\/categories?post=1593"},{"taxonomy":"post_tag","embeddable":true,"href":"http:\/\/fmriachuelo.it10.com.ar\/index.php\/wp-json\/wp\/v2\/tags?post=1593"}],"curies":[{"name":"wp","href":"https:\/\/api.w.org\/{rel}","templated":true}]}}