{"id":1592,"date":"2015-11-18T08:30:00","date_gmt":"2015-11-18T08:30:00","guid":{"rendered":"http:\/\/fmriachuelo.observatorioess.org.ar\/index.php\/2015\/11\/18\/uruguay-suspenden-desalojo-de-160-familias-en-maldonado\/"},"modified":"2015-11-18T08:30:00","modified_gmt":"2015-11-18T08:30:00","slug":"uruguay-suspenden-desalojo-de-160-familias-en-maldonado","status":"publish","type":"post","link":"http:\/\/fmriachuelo.it10.com.ar\/index.php\/2015\/11\/18\/uruguay-suspenden-desalojo-de-160-familias-en-maldonado\/","title":{"rendered":"URUGUAY: SUSPENDEN DESALOJO DE 160 FAMILIAS EN MALDONADO"},"content":{"rendered":"<p><span style=\"font-family: Verdana,sans-serif\"><span style=\"font-size: large\"><span style=\"color: red\"><b>UN TECHO PARA MI PA\u00cdS<\/b><\/span><\/span><\/span><\/p>\n<div style=\"text-align: justify\"><span style=\"clear: left;float: left;font-family: Verdana,sans-serif;margin-bottom: 1em;margin-right: 1em\"><a href=\"https:\/\/1.bp.blogspot.com\/-pn3VUOve458\/VkvYxrAU_vI\/AAAAAAAAHUA\/9JRijEjdg_M\/s1600\/euca-chica.jpg\" style=\"clear: left;float: left;margin-bottom: 1em;margin-right: 1em\"><img loading=\"lazy\" decoding=\"async\" border=\"0\" height=\"83\" src=\"http:\/\/1.bp.blogspot.com\/-pn3VUOve458\/VkvYxrAU_vI\/AAAAAAAAHUA\/9JRijEjdg_M\/s200\/euca-chica.jpg\" width=\"200\" \/><\/a>Los vecinos del barrio Los Eucaliptos, un asentamiento precario que se cre\u00f3 hace m\u00e1s de un a\u00f1o tras la ocupaci\u00f3n de un terreno al norte de la ciudad de Maldonado, -vecina del adinerado y ultra-tur\u00edstico Punta del Este, al este del pa\u00eds, sobre las costas del Atl\u00e1ntico-, lograron un poco de tiempo este lunes, cuando la justicia uruguaya suspendi\u00f3 el desalojo previsto para el pr\u00f3ximo jueves 19.<\/span><\/div>\n<p><a name='more'><\/a>De concretarse, el desalojo ser\u00eda uno de los m\u00e1s grandes que en la historia reciente del pa\u00eds sure\u00f1o, debido a la cantidad de personas desplazadas. Son todas familias pobres, que no tienen mayores recursos para trasladarse e instalarse en otro lugar. <br \/>Seg\u00fan publica el portal Maldonado noticias, \u201cel proceso de ocupaci\u00f3n se inici\u00f3 en el a\u00f1o 2007, cuando en tierras municipales fueron alojadas (se preve\u00eda que fuera en forma transitoria) 26 familias que se encontraban en la calle, en fincas de madera de emergencia construidas por la ong \u201cUn Techo para mi pa\u00eds\u201d. Esta ong se dedica a recabar dinero y construir casas de mala calidad, sin ba\u00f1o ni instalaciones m\u00ednimas, apenas una estructura de madera, basado en el trabajo voluntario de, mayoritariamente, personas adineradas.<\/p>\n","protected":false},"excerpt":{"rendered":"<p>UN TECHO PARA MI PA\u00cdS Los vecinos del barrio Los Eucaliptos, un asentamiento precario que se cre\u00f3 hace m\u00e1s de un a\u00f1o tras la ocupaci\u00f3n de un terreno al norte de la ciudad de Maldonado, -vecina del adinerado y ultra-tur\u00edstico Punta del Este, al este del pa\u00eds, sobre las costas del Atl\u00e1ntico-, lograron un poco [&hellip;]<\/p>\n","protected":false},"author":4,"featured_media":0,"comment_status":"open","ping_status":"open","sticky":false,"template":"","format":"standard","meta":{"_monsterinsights_skip_tracking":false,"_monsterinsights_sitenote_active":false,"_monsterinsights_sitenote_note":"","_monsterinsights_sitenote_category":0,"jnews-multi-image_gallery":[],"jnews_single_post":[],"jnews_primary_category":[],"_joinchat":[],"footnotes":""},"categories":[1],"tags":[],"class_list":["post-1592","post","type-post","status-publish","format-standard","hentry","category-habitat"],"_links":{"self":[{"href":"http:\/\/fmriachuelo.it10.com.ar\/index.php\/wp-json\/wp\/v2\/posts\/1592","targetHints":{"allow":["GET"]}}],"collection":[{"href":"http:\/\/fmriachuelo.it10.com.ar\/index.php\/wp-json\/wp\/v2\/posts"}],"about":[{"href":"http:\/\/fmriachuelo.it10.com.ar\/index.php\/wp-json\/wp\/v2\/types\/post"}],"author":[{"embeddable":true,"href":"http:\/\/fmriachuelo.it10.com.ar\/index.php\/wp-json\/wp\/v2\/users\/4"}],"replies":[{"embeddable":true,"href":"http:\/\/fmriachuelo.it10.com.ar\/index.php\/wp-json\/wp\/v2\/comments?post=1592"}],"version-history":[{"count":0,"href":"http:\/\/fmriachuelo.it10.com.ar\/index.php\/wp-json\/wp\/v2\/posts\/1592\/revisions"}],"wp:attachment":[{"href":"http:\/\/fmriachuelo.it10.com.ar\/index.php\/wp-json\/wp\/v2\/media?parent=1592"}],"wp:term":[{"taxonomy":"category","embeddable":true,"href":"http:\/\/fmriachuelo.it10.com.ar\/index.php\/wp-json\/wp\/v2\/categories?post=1592"},{"taxonomy":"post_tag","embeddable":true,"href":"http:\/\/fmriachuelo.it10.com.ar\/index.php\/wp-json\/wp\/v2\/tags?post=1592"}],"curies":[{"name":"wp","href":"https:\/\/api.w.org\/{rel}","templated":true}]}}