{"id":15910,"date":"2022-07-23T17:47:13","date_gmt":"2022-07-23T17:47:13","guid":{"rendered":"http:\/\/fmriachuelo.com.ar\/?p=15910"},"modified":"2025-03-21T16:18:55","modified_gmt":"2025-03-21T19:18:55","slug":"chubut-conmemoraciones-de-todo-el-campo-popular-a-50-anos-de-la-masacre-de-trelew","status":"publish","type":"post","link":"http:\/\/fmriachuelo.it10.com.ar\/index.php\/2022\/07\/23\/chubut-conmemoraciones-de-todo-el-campo-popular-a-50-anos-de-la-masacre-de-trelew\/","title":{"rendered":"CHUBUT: CONMEMORACIONES DE TODO EL CAMPO POPULAR A 50 A\u00d1OS DE LA MASACRE DE TRELEW"},"content":{"rendered":"<p><b>[FM Riachuelo, 23\/07\/2022] El pr\u00f3ximo 22 de agosto se cumplen 50 a\u00f1os de la Masacre de Trelew, nombre con el que se conoce al fusilamiento de 19 militantes revolucionarios durante la dictadura de Lanusse. En este nuevo aniversario, familiares de esos compa\u00f1eros y compa\u00f1eras, junto a Movimientos Sociales, Sindicatos y Organizaciones de Derechos Humanos, se encuentran organizando actividades culturales y pol\u00edticas para todo el mes de agosto con el objetivo de traer al presente su legado de lucha. Nos comunicamos con Claudia Barrionuevo, secretaria adjunta de la CTA Aut\u00f3noma de Chubut e integrante de la conducci\u00f3n de ATE Chubut, quien integra la comisi\u00f3n organizadora de esta Conmemoraci\u00f3n de los 50 a\u00f1os de la Masacre de Trelew, para conocer las actividades que se van a estar realizando durante todo el mes y la mirada de los militantes que hoy las organizan.<\/b><\/p>\n<p><i><span style=\"font-weight: 400\">\u201cUn desaf\u00edo enorme poder trabajar en la organizaci\u00f3n de todo esto. En las actividades hay de todo: presentaciones de libros, obras de teatro, muchas culturales, muchas conmemorativas tambi\u00e9n, como placas\u201d<\/span><\/i><span style=\"font-weight: 400\">, comenz\u00f3 contando acerca de las actividades culturales y pol\u00edticas que se llevar\u00e1n a cabo en distintos puntos de la provincia.\u00a0<\/span><\/p>\n<p><span style=\"font-weight: 400\">Sobre las sensaciones y la importancia de poder compartir el legado de los compa\u00f1eros en las pr\u00f3ximas actividades, Claudia reflexion\u00f3:<\/span><i><span style=\"font-weight: 400\"> \u201cLa verdad son todas muy intensas porque adem\u00e1s se vive de manera muy fuerte lo que dejaron en nosotros y nosotras cada una y cada uno de los militantes, lo que aprendimos, lo que queremos aprender y pretendemos continuar.\u201d<\/span><\/i><\/p>\n<p><span style=\"font-weight: 400\">Adem\u00e1s, hizo hincapi\u00e9 en la unidad que se gener\u00f3 en la organizaci\u00f3n del aniversario: <\/span><i><span style=\"font-weight: 400\">\u201cEsto se plasma as\u00ed, es esa unidad que ellos mostraron en ese momento. Pudimos construir un abanico de sectores trabajando juntos sin levantar las banderas individualmente y queriendo capitalizar. Eso no ocurre ac\u00e1, estamos avocados a que salga lo mejor posible y trabajarlo juntas y juntos.\u201d<\/span><\/i><\/p>\n<p><span style=\"font-weight: 400\">Sobre el contexto en que se da esta conmemoraci\u00f3n, expres\u00f3: <\/span><i><span style=\"font-weight: 400\">\u201cNos encuentra a siete meses de una cuasi revoluci\u00f3n que hubo en nuestra provincia, donde venimos de a\u00f1os de luchas muy fuertes, muy duras y muchas victorias tambi\u00e9n, cosa que a veces no pasa seguido en este contexto. As\u00ed que la verdad que eso nos fortalece, nos alienta y nos ayuda a seguir construyendo y recuperando esas banderas\u201d.<\/span><\/i><\/p>\n<p><i><span style=\"font-weight: 400\">\u201cEl desaf\u00edo es seguir construyendo desde nuestros espacios, en los que nos toca, comunidad con organizaci\u00f3n, con las ideas claras y las convicciones firmes. Esperamos poder hacer huella y dejar algo para que ese camino quede marcado\u201d<\/span><\/i><span style=\"font-weight: 400\">,<\/span><i><span style=\"font-weight: 400\"> concluy\u00f3 Barrionuevo.<\/span><\/i><\/p>\n<p><a href=\"https:\/\/ar.radiocut.fm\/audiocut\/chubut-conmemoraciones-todo-campo-popular-a-50-anos-masacre-trelew\/?adredirect=0#evtCat=AppAd&amp;evtAct=Cut&amp;evtLabel=NoThanks\" target=\"_blank\" rel=\"noopener\">Escuch\u00e1 la entrevista completa ac\u00e1<\/a><\/p>\n","protected":false},"excerpt":{"rendered":"<p>[FM Riachuelo, 23\/07\/2022] El pr\u00f3ximo 22 de agosto se cumplen 50 a\u00f1os de la Masacre de Trelew, nombre con el que se conoce al fusilamiento de 19 militantes revolucionarios durante la dictadura de Lanusse. En este nuevo aniversario, familiares de esos compa\u00f1eros y compa\u00f1eras, junto a Movimientos Sociales, Sindicatos y Organizaciones de Derechos Humanos, se [&hellip;]<\/p>\n","protected":false},"author":5,"featured_media":15911,"comment_status":"closed","ping_status":"closed","sticky":false,"template":"","format":"standard","meta":{"_monsterinsights_skip_tracking":false,"_monsterinsights_sitenote_active":false,"_monsterinsights_sitenote_note":"","_monsterinsights_sitenote_category":0,"jnews-multi-image_gallery":[],"jnews_single_post":{"format":"standard"},"jnews_primary_category":[],"_joinchat":[],"footnotes":""},"categories":[58],"tags":[119,103],"class_list":["post-15910","post","type-post","status-publish","format-standard","has-post-thumbnail","hentry","category-noticiariachuelo","tag-derechos-humanos","tag-movimientos-populares"],"_links":{"self":[{"href":"http:\/\/fmriachuelo.it10.com.ar\/index.php\/wp-json\/wp\/v2\/posts\/15910","targetHints":{"allow":["GET"]}}],"collection":[{"href":"http:\/\/fmriachuelo.it10.com.ar\/index.php\/wp-json\/wp\/v2\/posts"}],"about":[{"href":"http:\/\/fmriachuelo.it10.com.ar\/index.php\/wp-json\/wp\/v2\/types\/post"}],"author":[{"embeddable":true,"href":"http:\/\/fmriachuelo.it10.com.ar\/index.php\/wp-json\/wp\/v2\/users\/5"}],"replies":[{"embeddable":true,"href":"http:\/\/fmriachuelo.it10.com.ar\/index.php\/wp-json\/wp\/v2\/comments?post=15910"}],"version-history":[{"count":1,"href":"http:\/\/fmriachuelo.it10.com.ar\/index.php\/wp-json\/wp\/v2\/posts\/15910\/revisions"}],"predecessor-version":[{"id":22179,"href":"http:\/\/fmriachuelo.it10.com.ar\/index.php\/wp-json\/wp\/v2\/posts\/15910\/revisions\/22179"}],"wp:featuredmedia":[{"embeddable":true,"href":"http:\/\/fmriachuelo.it10.com.ar\/index.php\/wp-json\/wp\/v2\/media\/15911"}],"wp:attachment":[{"href":"http:\/\/fmriachuelo.it10.com.ar\/index.php\/wp-json\/wp\/v2\/media?parent=15910"}],"wp:term":[{"taxonomy":"category","embeddable":true,"href":"http:\/\/fmriachuelo.it10.com.ar\/index.php\/wp-json\/wp\/v2\/categories?post=15910"},{"taxonomy":"post_tag","embeddable":true,"href":"http:\/\/fmriachuelo.it10.com.ar\/index.php\/wp-json\/wp\/v2\/tags?post=15910"}],"curies":[{"name":"wp","href":"https:\/\/api.w.org\/{rel}","templated":true}]}}