{"id":159,"date":"2015-08-07T13:15:00","date_gmt":"2015-08-07T13:15:00","guid":{"rendered":"http:\/\/fmriachuelo.observatorioess.org.ar\/index.php\/2015\/08\/07\/mas-de-2000-migrantes-han-muerto-este-ano-en-el-mediterraneo\/"},"modified":"2025-05-06T13:21:35","modified_gmt":"2025-05-06T16:21:35","slug":"mas-de-2000-migrantes-han-muerto-este-ano-en-el-mediterraneo","status":"publish","type":"post","link":"http:\/\/fmriachuelo.it10.com.ar\/index.php\/2015\/08\/07\/mas-de-2000-migrantes-han-muerto-este-ano-en-el-mediterraneo\/","title":{"rendered":"MAS DE 2000 MIGRANTES HAN MUERTO ESTE A\u00d1O EN EL MEDITERR\u00c1NEO"},"content":{"rendered":"<p><span style=\"color: red;font-family: Verdana, sans-serif;font-size: large\"><strong>TRAGEDIA HUMANITARIA<\/strong><\/span><\/p>\n<div style=\"clear: both;text-align: center\"><a href=\"http:\/\/2.bp.blogspot.com\/-1XUuML2m00s\/VcNcNMiJr8I\/AAAAAAAAF0o\/m-SIvM8FzWI\/s1600\/naufragos.jpg\" style=\"clear: left;float: left;margin-bottom: 1em;margin-right: 1em\"><img loading=\"lazy\" decoding=\"async\" border=\"0\" height=\"112\" src=\"http:\/\/2.bp.blogspot.com\/-1XUuML2m00s\/VcNcNMiJr8I\/AAAAAAAAF0o\/m-SIvM8FzWI\/s200\/naufragos.jpg\" width=\"200\" \/><\/a><\/div>\n<div><span style=\"font-family: Verdana, sans-serif;text-align: justify\">M\u00e1s de 2000 inmigrantes murieron en lo que va del a\u00f1o 2015 al tratar de cruzar las aguas del Mediterr\u00e1neo rumbo a Europa, seg\u00fan ha informado este martes la Organizaci\u00f3n Internacional para las Migraciones (OIM).<\/span><br \/><a name='more'><\/a><\/div>\n<div style=\"text-align: justify\"><span style=\"font-family: Verdana, sans-serif\">Por desgracia, este fin de semana hemos alcanzado una cifra superior a los 2000 inmigrantes y refugiados fallecidos\u00bb en 2015, ha declarado el portavoz de la Organizaci\u00f3n Internacional para las Migraciones (OIM), Itayi Virri.<br \/>La organizaci\u00f3n tambi\u00e9n ha indicado que desde enero llegaron unos 188.000 inmigrantes a Europa, sobre todo a Grecia e Italia, a trav\u00e9s del Mediterr\u00e1neo, y ha vaticinado que pronto se alcanzar\u00e1 la cifra simb\u00f3lica de 200.000 personas.<\/span><br \/><span style=\"font-family: Verdana, sans-serif\">Unos 97.000 migrantes y refugiados alcanzaron las costas griegas y cerca de 90.500 llegaron a Italia<\/span>.<br \/><span style=\"font-family: Verdana, sans-serif\">Varias organizaciones internacionales, entre ellas la Organizaci\u00f3n de las Naciones Unidas (ONU), critic\u00f3 el mes de abril a la Uni\u00f3n Europa (UE) por adoptar <\/span><span style=\"font-family: Verdana, sans-serif\">medidas minimalistas que no resolver\u00e1n la crisis de la inmigraci\u00f3n<\/span><span style=\"font-family: Verdana, sans-serif\">.<\/span><br \/><span style=\"color: #0b5394;font-family: Verdana, sans-serif;font-size: x-small\"><b>HYSPAN TV\/PRODUCCI\u00d3N RIACHUELO<\/b><\/span><\/p>\n<div style=\"text-align: justify\"><span style=\"font-family: Verdana\"><\/span><\/div>\n<\/div>\n","protected":false},"excerpt":{"rendered":"<p>TRAGEDIA HUMANITARIA M\u00e1s de 2000 inmigrantes murieron en lo que va del a\u00f1o 2015 al tratar de cruzar las aguas del Mediterr\u00e1neo rumbo a Europa, seg\u00fan ha informado este martes la Organizaci\u00f3n Internacional para las Migraciones (OIM). Por desgracia, este fin de semana hemos alcanzado una cifra superior a los 2000 inmigrantes y refugiados fallecidos\u00bb [&hellip;]<\/p>\n","protected":false},"author":4,"featured_media":0,"comment_status":"open","ping_status":"open","sticky":false,"template":"","format":"standard","meta":{"_monsterinsights_skip_tracking":false,"_monsterinsights_sitenote_active":false,"_monsterinsights_sitenote_note":"","_monsterinsights_sitenote_category":0,"jnews-multi-image_gallery":[],"jnews_single_post":{"format":"standard"},"jnews_primary_category":[],"_joinchat":[],"footnotes":""},"categories":[58],"tags":[119,167],"class_list":["post-159","post","type-post","status-publish","format-standard","hentry","category-noticiariachuelo","tag-derechos-humanos","tag-politica-internacional"],"_links":{"self":[{"href":"http:\/\/fmriachuelo.it10.com.ar\/index.php\/wp-json\/wp\/v2\/posts\/159","targetHints":{"allow":["GET"]}}],"collection":[{"href":"http:\/\/fmriachuelo.it10.com.ar\/index.php\/wp-json\/wp\/v2\/posts"}],"about":[{"href":"http:\/\/fmriachuelo.it10.com.ar\/index.php\/wp-json\/wp\/v2\/types\/post"}],"author":[{"embeddable":true,"href":"http:\/\/fmriachuelo.it10.com.ar\/index.php\/wp-json\/wp\/v2\/users\/4"}],"replies":[{"embeddable":true,"href":"http:\/\/fmriachuelo.it10.com.ar\/index.php\/wp-json\/wp\/v2\/comments?post=159"}],"version-history":[{"count":1,"href":"http:\/\/fmriachuelo.it10.com.ar\/index.php\/wp-json\/wp\/v2\/posts\/159\/revisions"}],"predecessor-version":[{"id":23884,"href":"http:\/\/fmriachuelo.it10.com.ar\/index.php\/wp-json\/wp\/v2\/posts\/159\/revisions\/23884"}],"wp:attachment":[{"href":"http:\/\/fmriachuelo.it10.com.ar\/index.php\/wp-json\/wp\/v2\/media?parent=159"}],"wp:term":[{"taxonomy":"category","embeddable":true,"href":"http:\/\/fmriachuelo.it10.com.ar\/index.php\/wp-json\/wp\/v2\/categories?post=159"},{"taxonomy":"post_tag","embeddable":true,"href":"http:\/\/fmriachuelo.it10.com.ar\/index.php\/wp-json\/wp\/v2\/tags?post=159"}],"curies":[{"name":"wp","href":"https:\/\/api.w.org\/{rel}","templated":true}]}}