{"id":1589,"date":"2015-11-18T14:00:00","date_gmt":"2015-11-18T14:00:00","guid":{"rendered":"http:\/\/fmriachuelo.observatorioess.org.ar\/index.php\/2015\/11\/18\/balotaje-en-argentina-continuan-los-pronunciamientos\/"},"modified":"2015-11-18T14:00:00","modified_gmt":"2015-11-18T14:00:00","slug":"balotaje-en-argentina-continuan-los-pronunciamientos","status":"publish","type":"post","link":"http:\/\/fmriachuelo.it10.com.ar\/index.php\/2015\/11\/18\/balotaje-en-argentina-continuan-los-pronunciamientos\/","title":{"rendered":"BALOTAJE EN ARGENTINA: CONTIN\u00daAN LOS PRONUNCIAMIENTOS"},"content":{"rendered":"<p><span><b style=\"background-color: red\">#La Batalla del 22 la gana el pueblo<\/b><\/span><br \/><span style=\"color: red\"><b><span style=\"font-size: large\"><span style=\"font-family: Verdana,sans-serif\">CONTRA LA DERECHA CONTINENTAL<\/span><\/span><\/b><\/span><b style=\"color: red;font-family: Verdana, sans-serif;font-size: x-large\"><\/b> <\/p>\n<div style=\"clear: both;text-align: center\"><a href=\"http:\/\/2.bp.blogspot.com\/-fO5eCjXw4b8\/VkxzRm__wjI\/AAAAAAAAHU4\/YWfC65Q2iwc\/s1600\/na06fo01.jpg\" style=\"clear: left;float: left;margin-bottom: 1em;margin-right: 1em\"><img loading=\"lazy\" decoding=\"async\" border=\"0\" height=\"153\" src=\"http:\/\/2.bp.blogspot.com\/-fO5eCjXw4b8\/VkxzRm__wjI\/AAAAAAAAHU4\/YWfC65Q2iwc\/s200\/na06fo01.jpg\" width=\"200\" \/><\/a><\/div>\n<div style=\"text-align: justify\"><span>Referentes acad\u00e9micos y pol\u00edticos de la regi\u00f3n y el mundo respaldaron la candidatura de Daniel Scioli y alertaron sobre las \u201crepercusiones continentales\u201d que tendr\u00eda \u201cuna restauraci\u00f3n conservadora\u201d en Argentina.<\/span><\/div>\n<p><a name='more'><\/a><\/p>\n<div style=\"text-align: justify\"><span><\/span><span><\/span><\/div>\n<div style=\"text-align: justify\"><span>A trav\u00e9s de una declaraci\u00f3n, intelectuales de pa\u00edses de la regi\u00f3n y del mundo dieron su apoyo a la candidatura presidencial de Daniel Scioli en el ballottage del domingo, tras advertir que un triunfo de Mauricio Macri provocar\u00eda \u201cuna restauraci\u00f3n conservadora\u201d con proyecciones en toda Latinoam\u00e9rica. El resultado de la elecci\u00f3n tendr\u00e1 \u201crepercusiones continentales\u201d, ya que \u201csi la derecha llegara a acceder a la Casa Rosada, provocar\u00eda un cambio en la actual correlaci\u00f3n de fuerzas regional\u201d.<\/span><\/div>\n<div style=\"text-align: justify\"><span><\/span><\/div>\n<div style=\"text-align: justify\"><\/div>\n<p><span><\/span><\/p>\n<div style=\"text-align: justify\"><span>\u201cUn posible triunfo del macrismo en la Argentina representar\u00eda el reimpulso para las fuerzas de la derecha continental que pretenden vencer en Venezuela el 6 de diciembre, impedir la postulaci\u00f3n de Evo Morales a trav\u00e9s del refer\u00e9ndum que tendr\u00e1 lugar en febrero pr\u00f3ximo en Bolivia y precipitar el derrocamiento \u2018legal\u2019 de Dilma en Brasil\u201d, se\u00f1ala el documento firmado entre otros por el ministro ecuatoriano de Cultura, Guillaume Long; el ministro boliviano de la Presidencia, Juan Ram\u00f3n Quintana; el ex presidente hondure\u00f1o Mel Zelaya, el soci\u00f3logo mexicano Pablo Gonz\u00e1lez Casanova, el ex canciller nicarag\u00fcense Miguel d\u2019Escoto y el te\u00f3logo brasile\u00f1o Frei Betto.<\/span><\/div>\n<p><span><\/span><\/p>\n<div style=\"text-align: justify\"><span>\u201cEl neoliberalismo pretende convertir Argentina en la punta del lanza de la restauraci\u00f3n conservadora\u201d, sostuvieron. \u201cDesde la Red de Defensa de la Humanidad entendemos que se trata de una disputa de fondo, en la cual se debe intervenir con claridad. El empresario Mauricio Macri, aliado continental de Alvaro Uribe (Colombia), Henrique Capriles (Venezuela), A\u00e9cio Neves (Brasil), Guillermo Lasso (Ecuador) y Samuel Doria Medina (Bolivia), representa los intereses del capital concentrado que pretende revertir el ciclo continental abierto en 1998 tras el triunfo de Hugo Ch\u00e1vez\u201d, alertaron.<\/span><\/div>\n<p><span><\/p>\n<div style=\"text-align: justify\">El escrito fue firmado por un centenar de intelectuales, entre los que figuran el soci\u00f3logo brasile\u00f1o Theotonio Dos Santos y la historiadora Anita Prestes; el ex fiscal general de los Estados Unidos Ramsey Clark; los fil\u00f3sofos Istv\u00e1n M\u00e9sz\u00e1ros (Hungr\u00eda), Dom\u00e9nico Losurdo (Italia) y Yamand\u00fa Acosta (Uruguay) y la defensora de derechos humanos colombiana Piedad C\u00f3rdoba.<\/div>\n<div style=\"text-align: justify\">Por el cap\u00edtulo argentino de la red suscribieron el soci\u00f3logo Atilio Boron, el director de la Biblioteca Nacional, Horacio Gonz\u00e1lez; el juez de la Corte Interamericana de Derechos Humanos Eugenio Ra\u00fal Zaffaroni, la periodista Stella Calloni y el diputado Juan Carlos Junio.<\/div>\n<div style=\"text-align: justify\">Al mismo tiempo, y bajo el t\u00edtulo \u201cPara defender las conquistas y por un futuro mejor\u201d, un grupo de 218 argentinos residentes en Francia, cient\u00edficos y artistas en su mayor parte, convocaron a votar a Scioli \u201cpara cerrarle el paso a la restauraci\u00f3n conservadora\u201d.<\/div>\n<div style=\"text-align: justify\">Los firmantes destacaron la \u201cejemplar\u201d pol\u00edtica de derechos humanos del Gobierno, as\u00ed como sus \u201cperfectibles pol\u00edticas de inclusi\u00f3n social\u201d y repudiaron \u201cla claudicaci\u00f3n del candidato conservador\u201d Mauricio Macri frente a los fondos buitre.<\/div>\n<div style=\"text-align: justify\">Los m\u00fasicos Miguel Angel Estrella y Eduardo Makaroff, la escritora Alicia Dujovne Ortiz, el editor Carlos Schmerkin y los cient\u00edficos Pedro Alzari (Instituto Pasteur), Guillermo Bomchil, Max Dickmann, Alberto Epstein y Jos\u00e9 Eduardo Wesfreid, del CNRS (el Conicet franc\u00e9s) est\u00e1n entre los que expresaron su rechazo a Macri.<\/div>\n<div style=\"text-align: justify\">\u201cTambi\u00e9n repudiamos su propuesta de retorno a las pol\u00edticas ultraliberales de ajuste y endeudamiento que se vivieron en Argentina y hoy obran en Europa, que provocaron miseria y el \u00e9xodo econ\u00f3mico que nos trajera aqu\u00ed a muchos de nosotros.\u201d<\/div>\n<p><\/span><\/p>\n","protected":false},"excerpt":{"rendered":"<p>#La Batalla del 22 la gana el puebloCONTRA LA DERECHA CONTINENTAL Referentes acad\u00e9micos y pol\u00edticos de la regi\u00f3n y el mundo respaldaron la candidatura de Daniel Scioli y alertaron sobre las \u201crepercusiones continentales\u201d que tendr\u00eda \u201cuna restauraci\u00f3n conservadora\u201d en Argentina. A trav\u00e9s de una declaraci\u00f3n, intelectuales de pa\u00edses de la regi\u00f3n y del mundo dieron [&hellip;]<\/p>\n","protected":false},"author":4,"featured_media":0,"comment_status":"open","ping_status":"open","sticky":false,"template":"","format":"standard","meta":{"_monsterinsights_skip_tracking":false,"_monsterinsights_sitenote_active":false,"_monsterinsights_sitenote_note":"","_monsterinsights_sitenote_category":0,"jnews-multi-image_gallery":[],"jnews_single_post":[],"jnews_primary_category":[],"_joinchat":[],"footnotes":""},"categories":[1],"tags":[],"class_list":["post-1589","post","type-post","status-publish","format-standard","hentry","category-habitat"],"_links":{"self":[{"href":"http:\/\/fmriachuelo.it10.com.ar\/index.php\/wp-json\/wp\/v2\/posts\/1589","targetHints":{"allow":["GET"]}}],"collection":[{"href":"http:\/\/fmriachuelo.it10.com.ar\/index.php\/wp-json\/wp\/v2\/posts"}],"about":[{"href":"http:\/\/fmriachuelo.it10.com.ar\/index.php\/wp-json\/wp\/v2\/types\/post"}],"author":[{"embeddable":true,"href":"http:\/\/fmriachuelo.it10.com.ar\/index.php\/wp-json\/wp\/v2\/users\/4"}],"replies":[{"embeddable":true,"href":"http:\/\/fmriachuelo.it10.com.ar\/index.php\/wp-json\/wp\/v2\/comments?post=1589"}],"version-history":[{"count":0,"href":"http:\/\/fmriachuelo.it10.com.ar\/index.php\/wp-json\/wp\/v2\/posts\/1589\/revisions"}],"wp:attachment":[{"href":"http:\/\/fmriachuelo.it10.com.ar\/index.php\/wp-json\/wp\/v2\/media?parent=1589"}],"wp:term":[{"taxonomy":"category","embeddable":true,"href":"http:\/\/fmriachuelo.it10.com.ar\/index.php\/wp-json\/wp\/v2\/categories?post=1589"},{"taxonomy":"post_tag","embeddable":true,"href":"http:\/\/fmriachuelo.it10.com.ar\/index.php\/wp-json\/wp\/v2\/tags?post=1589"}],"curies":[{"name":"wp","href":"https:\/\/api.w.org\/{rel}","templated":true}]}}