{"id":1588,"date":"2015-11-19T15:13:00","date_gmt":"2015-11-19T15:13:00","guid":{"rendered":"http:\/\/fmriachuelo.observatorioess.org.ar\/index.php\/2015\/11\/19\/21o-convencion-mundial-sobre-cambio-climatico-en-paris-posicionamiento-de-org-sociales\/"},"modified":"2015-11-19T15:13:00","modified_gmt":"2015-11-19T15:13:00","slug":"21o-convencion-mundial-sobre-cambio-climatico-en-paris-posicionamiento-de-org-sociales","status":"publish","type":"post","link":"http:\/\/fmriachuelo.it10.com.ar\/index.php\/2015\/11\/19\/21o-convencion-mundial-sobre-cambio-climatico-en-paris-posicionamiento-de-org-sociales\/","title":{"rendered":"21\u00ba CONVENCI\u00d3N MUNDIAL SOBRE CAMBIO CLIM\u00c1TICO EN PARIS: POSICIONAMIENTO DE ORG. SOCIALES"},"content":{"rendered":"<p><span style=\"color: red\"><span style=\"font-family: Verdana,sans-serif\"><b><span style=\"font-size: large\">UNA VOZ POTENTE<\/span><\/b><\/span><\/span><span style=\"font-size: small\"><span><span>POSICIONAMIENTO DE ORGANIZACIONES Y MOVIMIENTOS SOCIALES DE AM\u00c9RICA LATINA Y EL CARIBE<\/span><\/span><\/span><\/p>\n<div style=\"clear: both;text-align: center\"><span style=\"font-size: small\"><span><span><a href=\"http:\/\/1.bp.blogspot.com\/-YF40OZpj_II\/Vk3mBZhIq7I\/AAAAAAAAHVM\/Gy8Npc9_-88\/s1600\/cop-paris-perspective-cropped1-600x350.png\" style=\"clear: left;float: left;margin-bottom: 1em;margin-right: 1em\"><img loading=\"lazy\" decoding=\"async\" border=\"0\" height=\"116\" src=\"http:\/\/1.bp.blogspot.com\/-YF40OZpj_II\/Vk3mBZhIq7I\/AAAAAAAAHVM\/Gy8Npc9_-88\/s200\/cop-paris-perspective-cropped1-600x350.png\" width=\"200\" \/><\/a><\/span><\/span><\/span><\/div>\n<div style=\"text-align: justify\"><span style=\"font-size: small\"><span><span>[FMR 19\/11\/15] En diciembre de 2015, la comunidad internacional se reunir\u00e1 en Par\u00eds para alcanzar un nuevo acuerdo sobre el cambio clim\u00e1tico a nivel mundial. Se espera un acuerdo que tenga el potencial de impulsar a los pa\u00edses y comunidades a actuar simult\u00e1neamente trabajando hacia la reducci\u00f3n de las emisiones de carbono, mientras se adaptan a los impactos a largo plazo del cambio clim\u00e1tico.<\/span><\/span><\/span><\/div>\n<p><a name='more'><\/a><\/p>\n<div style=\"text-align: justify\"><span style=\"font-size: small\"><span><span>Los abajo firmantes, organizaciones y movimientos sociales de Am\u00e9rica Latina y el Caribe:<\/span><\/span><\/span><\/div>\n<div style=\"text-align: justify\"><span style=\"font-size: small\"><span><span><\/span><\/span><\/span><\/div>\n<div style=\"text-align: justify\"><span style=\"font-size: small\"><span><span>CONSIDERAMOS<\/span><\/span><\/span><\/div>\n<div style=\"text-align: justify\"><span style=\"font-size: small\"><span><span><\/span><\/span><\/span><\/p>\n<div style=\"text-align: justify\"><span style=\"font-size: small\"><span><span>Que la crisis actual no se trata \u00fanicamente del calentamiento global. Es tambi\u00e9n una crisis socio-econ\u00f3mica, pol\u00edtica, alimentaria, energ\u00e9tica y ecol\u00f3gica. En suma, una crisis sist\u00e9mica cuyas afectaciones son visibles a nivel global. Esta crisis tiene origen en el sistema capitalista que a su vez se sustenta en un modelo de producci\u00f3n y consumo extractivista, depredador de los bienes comunes y de la fuerza de trabajo, creado en funci\u00f3n de favorecer los intereses de las grandes corporaciones transnacionales.<\/span><\/span><\/span><\/div>\n<p><span style=\"font-size: small\"><span><span><\/span><\/span><\/span><\/div>\n<p><span style=\"font-size: small\"><span><span><\/span><\/span><\/span><\/p>\n<div style=\"text-align: justify\"><\/div>\n<p><span style=\"font-size: small\"><span><span><\/span><\/span><\/span><\/p>\n<div style=\"text-align: justify\"><span style=\"font-size: small\"><span><span>Entre los efectos de la crisis vemos el incremento de la discriminaci\u00f3n y la violencia en especial contra las mujeres, las migraciones forzosas, la p\u00e9rdida de soberan\u00eda sobre el patrimonio natural y la imposibilidad de seguir existiendo como comunidades originarias y de vivir en armon\u00eda con la Madre Tierra.<\/span><\/span><\/span><\/div>\n<p><span style=\"font-size: small\"><span><span><\/p>\n<div style=\"text-align: justify\">Si bien los impactos de la crisis clim\u00e1tica son evidentes a nivel global, es en el Sur global donde esas consecuencias se est\u00e1n manifestando de forma aguda por medio de los eventos clim\u00e1ticos extremos, deslaves, deshielos, inundaciones, sequ\u00edas, entre otras manifestaciones.<\/div>\n<div style=\"text-align: justify\">Para hacer frente a esta crisis creemos que es necesario un cambio de sistema, que modifique radicalmente nuestros patrones de producci\u00f3n y consumo, y que tenga como objetivo la protecci\u00f3n del medio ambiente como forma de hacer posible la sustentabilidad de la vida.<\/div>\n<div style=\"text-align: justify\"><\/div>\n<div style=\"text-align: justify\">DENUNCIAMOS Y RECHAZAMOS<\/div>\n<div style=\"text-align: justify\">1. Que el proceso multilateral de las negociaciones del clima, en el \u00e1mbito de la Convenci\u00f3n Marco de Naciones Unidas sobre Cambio Clim\u00e1tico (CMNUCC), ha conducido cada vez m\u00e1s a la privatizaci\u00f3n, mercantilizaci\u00f3n y financiarizaci\u00f3n de la naturaleza y los bienes comunes, desatendiendo las verdaderas causas estructurales del cambio clim\u00e1tico. Asimismo, en las tratativas los estados desarrollados han logrado salirse de sus obligaciones y responsabilidades hist\u00f3ricas por la crisis del clima. Actualmente se cuenta con una negocaci\u00f3n basada en promesas de reducci\u00f3n de emisiones y que implicar\u00eda a todos los estados miembros de la Convenci\u00f3n.<\/div>\n<div style=\"text-align: justify\">2. La captura corporativa de la Convenci\u00f3n del Clima, que debe ser combatida urgentemente como forma tambi\u00e9n de proteger el multilateralismo. Somos defensores de ese multilateralismo, crucial para que todos los pa\u00edses puedan participar en las negociaciones y que as\u00ed los estados en desarrollo puedan reivindicar sus posiciones. No obstante, es necesario seguir alertando de la captura corporativa de la CMNUCC y luchar para erradicarla.<\/div>\n<div style=\"text-align: justify\">3. La aceleraci\u00f3n de los procesos de privatizaci\u00f3n, mercantilizaci\u00f3n y financiarizaci\u00f3n de la naturaleza como parte de las estrategias utilizadas por las corporaciones, basados en los principios de la econom\u00eda verde, que no son otra cosa que falsas soluciones a la crisis clim\u00e1tica. Esas falsas soluciones a su vez intensifican el acaparamiento de tierras y territorios y profundizan la violaci\u00f3n de derechos de las comunidades locales. As\u00ed lo hemos reafirmado en la Conferencia Latinoamericana sobre Financiarizaci\u00f3n de la Naturaleza que realizamos en agosto de este a\u00f1o en Bel\u00e9m do Par\u00e1, Brasil, muchas de las organizaciones y movimientos sociales abajo firmantes.<\/div>\n<div style=\"text-align: justify\">4. Las falsas soluciones, que est\u00e1n siendo promovidas y profundizadas para el posible Acuerdo de Par\u00eds. Algunas de ellas son: los mercados de carbono, proyectos de Reducci\u00f3n de Emisiones por Deforestaci\u00f3n y Degradaci\u00f3n de los bosques (REDD), transg\u00e9nicos, agrocombustibles, megaproyectos hidroel\u00e9ctricos, centrales nucleares, fractura hidr\u00e1ulica (\u201cfracking\u201d), agricultura clim\u00e1ticamente inteligente, manipulaci\u00f3n en gran escala de los sistemas de La Tierra (Geoingenier\u00eda), Econom\u00eda de los Ecosistemas y de la Biodiversidad (TEEB).<\/div>\n<div style=\"text-align: justify\">5. A las grandes empresas, instituciones financieras internacionales, agencias de desarrollo, entre otros actores que, en complicidad con muchos gobiernos, promueven los marcos institucionales para avanzar a\u00fan m\u00e1s en la mercantilizaci\u00f3n y despojo de nuestros territo<br \/>\nrios. De esa forma se otorgan nuevos derechos a las grandes corporaciones transnacionales por encima inclusive de la soberan\u00eda de nuestros pueblos. Esta arquitectura de la impunidad se expresa en los Tratados de Libre Comercio (TLC), Tratados Bilaterales de Inversiones (TBI), el Acuerdo Transpac\u00edfico (TPP), el Acuerdo sobre el Comercio de Servicios (TISA), la Asociaci\u00f3n Transatl\u00e1ntica de Comercio e Inversi\u00f3n (TTIP) y todos aquellos que atentan contra la soberan\u00eda y autodeterminaci\u00f3n de los pueblos. Respaldamos el proceso de negociaci\u00f3n en el marco del \u201cGrupo de Trabajo intergubernamental de composici\u00f3n abierta sobre las empresas transnacionales y otras empresas con respecto a los derechos humanos\u201d, creado por el Consejo de Derechos Humanos de ONU para instaurar un tratado legal que obligue a las corporaciones transnacionales a respetar los derechos humanos. Seguiremos vigilantes y activos en las negociaciones de ese Grupo de Trabajo.<\/div>\n<div style=\"text-align: justify\">6. El modelo de dominaci\u00f3n y opresi\u00f3n que sustenta la deuda, que a trav\u00e9s del pago de los servicios de la deuda externa e interna, contin\u00faa desviando los ya de por si limitados recursos existentes para la inversi\u00f3n social. Los recursos desviados podr\u00edan utilizarse para hacer frente a las consecuencias que el cambio clim\u00e1tico tiene en la vida de nuestros pueblos. Hablamos de una deuda econ\u00f3mica, pero tambi\u00e9n clim\u00e1tica, social, ecol\u00f3gica.<\/div>\n<div style=\"text-align: justify\"><\/div>\n<div style=\"text-align: justify\">DEMANDAMOS<\/div>\n<div style=\"text-align: justify\">En el camino para la construcci\u00f3n de soluciones reales a la crisis, es urgente:<\/div>\n<div style=\"text-align: justify\">1. Que los pa\u00edses desarrollados se comprometan a reducciones de emisiones dr\u00e1sticas en base a su responsabilidad hist\u00f3rica y capacidades respectivas, a transferencia de fondos para adaptaci\u00f3n y mitigaci\u00f3n del cambio clim\u00e1tico en el Sur global y a transferencia de tecnolog\u00edas.<\/div>\n<div style=\"text-align: justify\">2. Poner fin a los procesos de persecuci\u00f3n, desaparici\u00f3n, torturas y asesinatos de luchadores sociales y defensores de los derechos de los pueblos y de la Madre Tierra, ordenados por corporaciones en Am\u00e9rica Latina y diversas partes del mundo. Adem\u00e1s, parar con la represi\u00f3n y criminalizaci\u00f3n de la protesta social de parte de numerosos gobiernos.<\/div>\n<div style=\"text-align: justify\">3. La incorporaci\u00f3n y reconocimiento de alternativas para el Buen Vivir, la sustentabilidad de la vida, la defensa de los bienes comunes y la Madre Tierra. En este sentido, reivindicamos las formas de vida de los pueblos ind\u00edgenas y campesinos, y su cosmovisi\u00f3n en absoluta armon\u00eda con la naturaleza, basados en principios de justicia ambiental, social y clim\u00e1tica.<\/div>\n<div style=\"text-align: justify\">4. Que se promueva la libre determinaci\u00f3n territorial y el autogobierno, la soberan\u00eda alimentaria, un cambio global de la matriz de energ\u00eda que lleve a la transici\u00f3n de los combustibles f\u00f3siles y de lugar a la soberan\u00eda energ\u00e9tica, la econom\u00eda solidaria y feminista, el manejo comunitario de los bosques y territorios y del agua. Esto hace parte del paquete de soluciones reales que consideramos urgentes para hacer frente a la crisis sist\u00e9mica.<\/div>\n<div style=\"text-align: justify\">5. El cambio de sistema debe implicar una transici\u00f3n justa, a ser construida con los trabajadores y trabajadoras y el conjunto de la sociedad. Esta transici\u00f3n pasa adem\u00e1s por asegurar el empleo decente, la libertad de organizaci\u00f3n, la garant\u00eda de derechos fundamentales como la negociaci\u00f3n colectiva, la huelga, el acceso a la salud, el di\u00e1logo social, mecanismos que aseguren la recalificaci\u00f3n profesional. Pasa tambi\u00e9n por el establecimiento de una amplia red de seguridad y protecci\u00f3n social, entendida como un derecho humano, adem\u00e1s de pol\u00edticas p\u00fablicas que garanticen formas de trabajo dignas.<\/div>\n<div style=\"text-align: justify\">6. En ese sentido, reivindicamos la Plataforma de Desarrollo de las Am\u00e9ricas (PLADA) desarrollada por la Confederaci\u00f3n de Sindicatos de Trabajadores y Trabajadoras de las Am\u00e9rica (CSA), que contiene entre otras cosas el marco y el camino de la transici\u00f3n justa que demandamos.<\/div>\n<div style=\"text-align: justify\">7. Estas ideas presuponen tambi\u00e9n la ampliaci\u00f3n del concepto de trabajo, el reconocimiento del trabajo de las mujeres y el equilibrio entre la producci\u00f3n y reproducci\u00f3n, para que esta \u00faltima no sea una atribuci\u00f3n exclusiva de las mujeres.<\/div>\n<div style=\"text-align: justify\"><\/div>\n<div style=\"text-align: justify\">DESDE AM\u00c9RICA LATINA NOS SUMAMOS A LAS MOVILIZACIONES<\/div>\n<div style=\"text-align: justify\">Estamos respaldando el proceso de trabajo e impulso a las manifestaciones de la Coalici\u00f3n Francesa, que aglutina a diversas agrupaciones sociales y organiza las actividades para que nosotros y nosotras, como pueblos del mundo, coloquemos nuestras denucias y demandas en Par\u00eds, y al mismo tiempo en numerosas partes del planeta.<\/div>\n<div style=\"text-align: justify\">Lo hacemos desde el acumulado que hemos trazado en las luchas y proceso comunes, en momentos como la Conferencia Mundial de los Pueblos sobre el Cambio Clim\u00e1tico y los Derechos de la Madre Tierra en Cochabamba (Abril 2010, y que tuvo su segunda edici\u00f3n del 9 al 12 de octubre pasados), la Cumbre de los Pueblos de R\u00edo+20 (Junio 2012), la Pre Cop Social de Isla Margarita (Noviembre 2014) y la Cumbre de los Pueblos de Lima (Diciembre 2014).<\/div>\n<div style=\"text-align: justify\">En este camino que estamos transitando llamamos a fortalecer los lazos de hermandad, solidaridad y acci\u00f3n, en procesos que apunten a la construcci\u00f3n de sociedades y colectividades justas, equitativas, donde los derechos de los pueblos y los de nuestra tierra se respeten.<\/div>\n<div style=\"text-align: justify\">Convocamos a profundizar las resistencias locales, regionales y globales contra la implementaci\u00f3n de las falsas y peligrosas soluciones al cambio clim\u00e1tico, al tiempo que aumentar la promoci\u00f3n de las verdaderas soluciones que ya existen y provienen de los pueblos.<\/div>\n<div style=\"text-align: justify\">Exhortamos a mantener las movilizaciones y la denuncia activa del curso de las negociaciones del clima, que favorece a las grandes corporaciones transnacionales y gobiernos de los pa\u00edses desarrollados.<\/div>\n<div style=\"text-align: justify\">Finalmente, llamamos a manifestarnos en todos los espacios y territorios para apoyar las m\u00e1s de dos semanas de movilizaciones de Par\u00eds 2015 (del 28 de noviembre al 12 de diciembre). Entendemos que esa instancia ser\u00e1 un momento importante de convergencia con organizaciones y movimientos sociales de diversas regiones, en un camino mucho m\u00e1s largo por la justicia clim\u00e1tica, que nos debe aportar para acumular fuerzas y seguir adelante en nuestras luchas comunes.<\/div>\n<div style=\"text-align: justify\"><\/div>\n<div style=\"text-align: justify\">FIRMANTES<\/div>\n<div style=\"text-align: justify\">Confederaci\u00f3n Sindical de Trabajadores y Trabajadoras de las Am\u00e9ricas (CSA)<\/div>\n<div style=\"text-align: justify\">Coordinadora Latinoamericana de Organizaciones del Campo (CLOC \u2013 V\u00eda Campesina)<\/div>\n<div style=\"text-align: justify\">Marcha Mundial de las Mujeres (MMM)<\/div>\n<div style=\"text-align: justify\">Jubileo Sur\/Am\u00e9ricas<\/div>\n<div style=\"text-align: justify\">Grupo Carta de Bel\u00e9m<\/div>\n<p><\/span><\/span><\/span><\/p>\n<div style=\"text-align: justify\">Amigos de la Tierra Am\u00e9rica Latina y el Caribe (ATALC)<\/div>\n<p><span style=\"font-size: small\"><span><span><\/span><\/span><\/span><\/p>\n<div style=\"text-align: justify\"><span style=\"font-size: small\"><span><span><span style=\"color: blue\">Nodal<\/span><\/span><\/span><\/span><\/div>\n<p><span style=\"font-size: small\"><span><span><\/span><\/span><\/span><\/p>\n<div style=\"text-align: justify\"><span style=\"font-size: small\"><span><span>La Convenci\u00f3n Marco de las Naciones Unidas sobre el Cambio Clim\u00e1tico, conocida como CMNUCC  fue adoptada durante la Cumbre de la Tierra de R\u00edo de Janeiro en 1992. Entr\u00f3 en vigor el 21 de marzo de 1994 y ha sido ratificada por 196 Estados, que constituyen las \u00abPartes\u00bb, las partes interesadas, de la Convenci\u00f3n.<\/span><\/span><\/span><\/div>\n<p><span style=\"font-size: small\"><span><span><\/span><\/span><\/span><\/p>\n<div style=\"text-align: justify\"><span><span><a href=\"http:\/\/unfccc.int\/bodies\/body\/6383.php\">La Conferencia de las Partes (COP),<\/a> compuesta por todos los Estados \u00abPartes\u00bb, constituye el \u00f3rgano supremo de la Convenci\u00f3n. Se re\u00fane anualmente en conferencias mundiales en las que se adoptan decisiones para respetar los objetivos de lucha contra el cambio clim\u00e1tico. Las decisiones solo se pueden tomar por unanimidad de las Partes o por consenso. La COP que se celebrar\u00e1 en Par\u00eds ser\u00e1 la 21\u00aa, de ah\u00ed el nombre de COP21.<\/span><\/span><\/div>\n<p><span style=\"font-size: small\"><span><span><\/span><\/span><\/span><\/p>\n","protected":false},"excerpt":{"rendered":"<p>UNA VOZ POTENTEPOSICIONAMIENTO DE ORGANIZACIONES Y MOVIMIENTOS SOCIALES DE AM\u00c9RICA LATINA Y EL CARIBE [FMR 19\/11\/15] En diciembre de 2015, la comunidad internacional se reunir\u00e1 en Par\u00eds para alcanzar un nuevo acuerdo sobre el cambio clim\u00e1tico a nivel mundial. Se espera un acuerdo que tenga el potencial de impulsar a los pa\u00edses y comunidades a [&hellip;]<\/p>\n","protected":false},"author":4,"featured_media":0,"comment_status":"open","ping_status":"open","sticky":false,"template":"","format":"standard","meta":{"_monsterinsights_skip_tracking":false,"_monsterinsights_sitenote_active":false,"_monsterinsights_sitenote_note":"","_monsterinsights_sitenote_category":0,"jnews-multi-image_gallery":[],"jnews_single_post":[],"jnews_primary_category":[],"_joinchat":[],"footnotes":""},"categories":[1],"tags":[],"class_list":["post-1588","post","type-post","status-publish","format-standard","hentry","category-habitat"],"_links":{"self":[{"href":"http:\/\/fmriachuelo.it10.com.ar\/index.php\/wp-json\/wp\/v2\/posts\/1588","targetHints":{"allow":["GET"]}}],"collection":[{"href":"http:\/\/fmriachuelo.it10.com.ar\/index.php\/wp-json\/wp\/v2\/posts"}],"about":[{"href":"http:\/\/fmriachuelo.it10.com.ar\/index.php\/wp-json\/wp\/v2\/types\/post"}],"author":[{"embeddable":true,"href":"http:\/\/fmriachuelo.it10.com.ar\/index.php\/wp-json\/wp\/v2\/users\/4"}],"replies":[{"embeddable":true,"href":"http:\/\/fmriachuelo.it10.com.ar\/index.php\/wp-json\/wp\/v2\/comments?post=1588"}],"version-history":[{"count":0,"href":"http:\/\/fmriachuelo.it10.com.ar\/index.php\/wp-json\/wp\/v2\/posts\/1588\/revisions"}],"wp:attachment":[{"href":"http:\/\/fmriachuelo.it10.com.ar\/index.php\/wp-json\/wp\/v2\/media?parent=1588"}],"wp:term":[{"taxonomy":"category","embeddable":true,"href":"http:\/\/fmriachuelo.it10.com.ar\/index.php\/wp-json\/wp\/v2\/categories?post=1588"},{"taxonomy":"post_tag","embeddable":true,"href":"http:\/\/fmriachuelo.it10.com.ar\/index.php\/wp-json\/wp\/v2\/tags?post=1588"}],"curies":[{"name":"wp","href":"https:\/\/api.w.org\/{rel}","templated":true}]}}