{"id":1584,"date":"2015-11-23T13:23:00","date_gmt":"2015-11-23T13:23:00","guid":{"rendered":"http:\/\/fmriachuelo.observatorioess.org.ar\/index.php\/2015\/11\/23\/expresiones-posteriores-al-acto-eleccionario-no-se-hicieron-esperar\/"},"modified":"2015-11-23T13:23:00","modified_gmt":"2015-11-23T13:23:00","slug":"expresiones-posteriores-al-acto-eleccionario-no-se-hicieron-esperar","status":"publish","type":"post","link":"http:\/\/fmriachuelo.it10.com.ar\/index.php\/2015\/11\/23\/expresiones-posteriores-al-acto-eleccionario-no-se-hicieron-esperar\/","title":{"rendered":"EXPRESIONES POSTERIORES AL ACTO ELECCIONARIO: NO SE HICIERON ESPERAR"},"content":{"rendered":"<p><span><span style=\"color: red;font-size: large\"><b>\u00a1NI OLVIDO NI PERD\u00d3N!<\/b><\/span><\/span><\/p>\n<div>\n<div style=\"clear: both;text-align: center\"><span><span style=\"color: red;font-size: large\"><b><a href=\"http:\/\/4.bp.blogspot.com\/-wUVGm0yNT0U\/VlMROgc9n5I\/AAAAAAAAHWk\/6QrmalLad6o\/s1600\/Buitre-leonado-8N8-.jpeg\" style=\"clear: left;float: left;margin-bottom: 1em;margin-right: 1em\"><img loading=\"lazy\" decoding=\"async\" border=\"0\" height=\"175\" src=\"http:\/\/4.bp.blogspot.com\/-wUVGm0yNT0U\/VlMROgc9n5I\/AAAAAAAAHWk\/6QrmalLad6o\/s200\/Buitre-leonado-8N8-.jpeg\" width=\"200\" \/><\/a><\/b><\/span><\/span><\/div>\n<p><span><span style=\"color: red;font-size: large\"><b><\/b><\/span><\/span><\/p>\n<div style=\"text-align: justify\"><b><span>[FMR 23\/11\/15] Sin ninguna demora, a pocas horas del triunfo de un gobierno conservador, los poderes oscuros que azotaron a nuestro pa\u00eds se hacen presentes con un editorial en el diario La Naci\u00f3n, c\u00f3mplices ideol\u00f3gicos de los tr\u00e1gicos a\u00f1os de la dictadura.&nbsp;<\/span><\/b><br \/><a name='more'><\/a><\/div>\n<div><span><b>No m\u00e1s venganza<\/b>&nbsp;<\/span><br \/><span>La elecci\u00f3n de un nuevo gobierno es momento propicio para terminar con las mentiras sobre los a\u00f1os 70 y las actuales violaciones de los derechos humanos.<\/span><\/div>\n<p><span><\/span><\/p>\n<div style=\"text-align: justify\"><span>La senadora por C\u00f3rdoba Norma Morandini escribi\u00f3 d\u00edas atr\u00e1s en estas p\u00e1ginas que la causa de los derechos humanos no se puede defender con mentiras. No se puede defender tampoco con nuevas violaciones de derechos humanos como est\u00e1 ocurriendo en el pa\u00eds.<\/span><\/div>\n<p><span><\/span><\/p>\n<div style=\"text-align: justify\"><span>Un d\u00eda despu\u00e9s de que la ciudadan\u00eda votara un nuevo gobierno, las ansias de venganza deben quedar sepultadas de una vez para siempre.<\/span><\/div>\n<p><span><\/span><\/p>\n<div style=\"text-align: justify\"><\/div>\n<p><span><\/p>\n<div style=\"text-align: justify\">Los tr\u00e1gicos hechos de la d\u00e9cada del setenta han sido tamizados por la izquierda ideol\u00f3gicamente comprometida con los grupos terroristas que asesinaron aqu\u00ed con armas, bombas e integraci\u00f3n celular de la que en nada se diferencian quienes provocaron el viernes 13, en Par\u00eds, la conmoci\u00f3n que sacudi\u00f3 al mundo. Aquella izquierda verbosa, de verdadera configuraci\u00f3n fascista antes y ahora, se apoder\u00f3 desde comienzos del gobierno de los Kirchner del aparato propagand\u00edstico oficial.<\/div>\n<div style=\"text-align: justify\"><\/div>\n<div style=\"text-align: justify\">Se ocult\u00f3 as\u00ed lo que ya no puede taparse por m\u00e1s tiempo a la compresi\u00f3n de una sociedad cuya composici\u00f3n por edad ha ido cambiando en los \u00faltimos cuarenta a\u00f1os. A la sociedad argentina de los a\u00f1os setenta no era necesario explicarle que el aberrante terrorismo de Estado sucedi\u00f3 al p\u00e1nico social provocado por las matanzas indiscriminadas perpetradas por grupos entrenados para una guerra sucia, a los que el kirchnerismo ha distinguido con la absurda calificaci\u00f3n de \u00abjuventud maravillosa\u00bb.<\/div>\n<div style=\"text-align: justify\"><\/div>\n<div style=\"text-align: justify\">La sociedad dej\u00f3 aislados a esos \u00abj\u00f3venes idealistas\u00bb, mientras el terrorismo de Estado los aplastaba con su poder de fuego, sin m\u00e1s salvedades que las de algunas voces aisladas, sin m\u00e1s ley que la de la eficacia de operaciones militares que ten\u00edan por objetivo aniquilar al enemigo y sin una moral diferente, en el fondo, que la de los rebeldes a quienes combat\u00edan.<\/div>\n<div style=\"text-align: justify\"><\/div>\n<div style=\"text-align: justify\">Ha llegado la hora de poner las cosas en su lugar. Debatir que quienes sembraron la anarqu\u00eda en el pa\u00eds y destruyeron vidas y bienes no pueden gozar por m\u00e1s tiempo de un reconocimiento hist\u00f3rico cuya gestaci\u00f3n se fund\u00f3 en la necesidad pr\u00e1ctica de los Kirchner de contar en 2003 con alguna bandera de contenido emocional. Lo hicieron as\u00ed al asumir el poder con apenas el 22 por ciento de los votos. Antes hab\u00edan mirado en esos asuntos para otro lado.<\/div>\n<div style=\"text-align: justify\"><\/div>\n<div style=\"text-align: justify\">Hay dos cuestiones urgentes por resolver. Una es el vergonzoso padecimiento de condenados, procesados e incluso de sospechosos de la comisi\u00f3n de delitos cometidos durante los a\u00f1os de la represi\u00f3n subversiva y que se hallan en c\u00e1rceles a pesar de su ancianidad. Son a estas alturas m\u00e1s de trescientos los detenidos por algunas de aquellas razones que han muerto en prisi\u00f3n, y esto constituye una verdadera verg\u00fcenza nacional.<\/div>\n<div style=\"text-align: justify\"><\/div>\n<div style=\"text-align: justify\">D\u00edas atr\u00e1s, tal situaci\u00f3n se ha agravado por una escandalosa decisi\u00f3n del Tribunal Oral de La Plata, que revoc\u00f3 la prisi\u00f3n domiciliaria de varios militares de avanzada edad, como los coroneles Carlos Saini y Oscar Bardelli, el capit\u00e1n de nav\u00edo Carlos Robbio y el almirante Antonio Va\u00f1ek. Pareci\u00f3 una burla su coincidencia con el privilegio domiciliario concedido por esos d\u00edas, por un tribunal del Chaco, a un mafioso de 65 a\u00f1os, condenado a 19 a\u00f1os de prisi\u00f3n por haber traficado m\u00e1s de mil kilos de coca\u00edna a Espa\u00f1a.<\/div>\n<div style=\"text-align: justify\"><\/div>\n<div style=\"text-align: justify\">En segundo lugar, de modo paralelo, han continuado actos de persecuci\u00f3n contra magistrados judiciales en actividad o retiro. Uno ha sido el caso del juez federal de Mar del Plata Pedro Hooft, absuelto el a\u00f1o \u00faltimo tras siete a\u00f1os de acusaciones sobre supuestos delitos de lesa humanidad. El perverso armado de la causa sali\u00f3 a la luz por grabaciones aportadas como prueba, pero Hooft est\u00e1 afrontando nuevos ataques. Tambi\u00e9n debimos ocuparnos recientemente del proceso irregular montado contra el juez N\u00e9stor Montezanti, de Bah\u00eda Blanca, en otro claro intento oficialista de desarticular la investigaci\u00f3n de causas que involucran a la familia presidencial.<\/div>\n<div style=\"text-align: justify\"><\/div>\n<div style=\"text-align: justify\">Sin m\u00e1s elementos que referencias mendaces aportadas por tres militares condenados como autores de las matanzas producidas en la denominada masacre de \u00abPalomitas\u00bb, se persigui\u00f3 por m\u00e1s de diez a\u00f1os al ex juez federal de Salta Ricardo Lona. \u00c9ste se encuentra en prisi\u00f3n preventiva por supuestas fallas en la investigaci\u00f3n de la muerte del ex gobernador de Salta Miguel Ragone, ocurrida en marzo de 1976. Se desconoce, en cambio, que el juez Lona hab\u00eda sido quien reuni\u00f3 las pruebas que llevaron a condenar a los part\u00edcipes del hecho, seg\u00fan lo reconoci\u00f3 la propia Corte Suprema de Justicia de la Naci\u00f3n.<\/div>\n<div style=\"text-align: justify\"><\/div>\n<div style=\"text-align: justify\">Por otra parte, la acusaci\u00f3n en su contra carece de validez pues la acci\u00f3n no se encuentra instada por los fiscales de la causa, sino por otros designados ad hoc por la cuestionada Procuraci\u00f3n General de la Naci\u00f3n, careciendo por ello de atribuciones para impulsar la acci\u00f3n. Con casi 80 a\u00f1os y una grave enfermedad, Lona corre peligro de que los fiscales lo env\u00eden a prisi\u00f3n solicitando la revisi\u00f3n del informe m\u00e9dico que desaconseja rotundamente su traslado a una c\u00e1rcel.<\/div>\n<div style=\"text-align: justify\"><\/div>\n<div style=\"text-align: justify\">La cultura de la venganza ha sido predicada en medios de difusi\u00f3n del Estado y en las escuelas habituadas a seguir las pautas hist\u00f3ricas nada confiables del kirchnerismo. O sea, la mentira de la que ha hablado la senadora Morandini.<\/div>\n<div style=\"text-align: justify\"><\/div>\n<div style=\"text-align: justify\">El palabrer\u00edo de sujetos que han sido responsables de<br \/>\n haber incendiado al pa\u00eds en los a\u00f1os setenta convencidos de que las armas de fuego y los explosivos, con sus secuelas de muerte y dolor, eran la v\u00eda de acceso a una sociedad mejor, no puede intimidar a los pol\u00edticos responsables, ni a los jueces compenetrados de su misi\u00f3n, de actuar en consonancia con la verdad hist\u00f3rica y los principios b\u00e1sicos del derecho penal.<\/div>\n<div style=\"text-align: justify\"><\/div>\n<div style=\"text-align: justify\">Siempre ser\u00e1 indispensable construir a partir de la verdad completa, apaciguar y no agotar la b\u00fasqueda de todos los medios necesarios para que se cumpla la imploraci\u00f3n del papa Francisco de que todas las herramientas de la ley se activen \u00abpara evitar cualquier tipo de venganza y curar las heridas\u00bb, aunque \u00absin dejar de mirar las cicatrices\u00bb, como bien aport\u00f3.<\/div>\n<p><\/span><\/div>\n","protected":false},"excerpt":{"rendered":"<p>\u00a1NI OLVIDO NI PERD\u00d3N! [FMR 23\/11\/15] Sin ninguna demora, a pocas horas del triunfo de un gobierno conservador, los poderes oscuros que azotaron a nuestro pa\u00eds se hacen presentes con un editorial en el diario La Naci\u00f3n, c\u00f3mplices ideol\u00f3gicos de los tr\u00e1gicos a\u00f1os de la dictadura.&nbsp; No m\u00e1s venganza&nbsp;La elecci\u00f3n de un nuevo gobierno es [&hellip;]<\/p>\n","protected":false},"author":4,"featured_media":0,"comment_status":"open","ping_status":"open","sticky":false,"template":"","format":"standard","meta":{"_monsterinsights_skip_tracking":false,"_monsterinsights_sitenote_active":false,"_monsterinsights_sitenote_note":"","_monsterinsights_sitenote_category":0,"jnews-multi-image_gallery":[],"jnews_single_post":[],"jnews_primary_category":[],"_joinchat":[],"footnotes":""},"categories":[1],"tags":[],"class_list":["post-1584","post","type-post","status-publish","format-standard","hentry","category-habitat"],"_links":{"self":[{"href":"http:\/\/fmriachuelo.it10.com.ar\/index.php\/wp-json\/wp\/v2\/posts\/1584","targetHints":{"allow":["GET"]}}],"collection":[{"href":"http:\/\/fmriachuelo.it10.com.ar\/index.php\/wp-json\/wp\/v2\/posts"}],"about":[{"href":"http:\/\/fmriachuelo.it10.com.ar\/index.php\/wp-json\/wp\/v2\/types\/post"}],"author":[{"embeddable":true,"href":"http:\/\/fmriachuelo.it10.com.ar\/index.php\/wp-json\/wp\/v2\/users\/4"}],"replies":[{"embeddable":true,"href":"http:\/\/fmriachuelo.it10.com.ar\/index.php\/wp-json\/wp\/v2\/comments?post=1584"}],"version-history":[{"count":0,"href":"http:\/\/fmriachuelo.it10.com.ar\/index.php\/wp-json\/wp\/v2\/posts\/1584\/revisions"}],"wp:attachment":[{"href":"http:\/\/fmriachuelo.it10.com.ar\/index.php\/wp-json\/wp\/v2\/media?parent=1584"}],"wp:term":[{"taxonomy":"category","embeddable":true,"href":"http:\/\/fmriachuelo.it10.com.ar\/index.php\/wp-json\/wp\/v2\/categories?post=1584"},{"taxonomy":"post_tag","embeddable":true,"href":"http:\/\/fmriachuelo.it10.com.ar\/index.php\/wp-json\/wp\/v2\/tags?post=1584"}],"curies":[{"name":"wp","href":"https:\/\/api.w.org\/{rel}","templated":true}]}}