{"id":1581,"date":"2015-11-24T12:30:00","date_gmt":"2015-11-24T12:30:00","guid":{"rendered":"http:\/\/fmriachuelo.observatorioess.org.ar\/index.php\/2015\/11\/24\/jovenes-realizando-el-balance-de-la-jornada-de-lucha-del-2211\/"},"modified":"2015-11-24T12:30:00","modified_gmt":"2015-11-24T12:30:00","slug":"jovenes-realizando-el-balance-de-la-jornada-de-lucha-del-2211","status":"publish","type":"post","link":"http:\/\/fmriachuelo.it10.com.ar\/index.php\/2015\/11\/24\/jovenes-realizando-el-balance-de-la-jornada-de-lucha-del-2211\/","title":{"rendered":"J\u00d3VENES REALIZANDO EL BALANCE DE LA JORNADA DE LUCHA DEL 22\/11"},"content":{"rendered":"<p><span>PUEBLO SANO ES AQUEL QUE LUCHA POR SU DIGNIDAD<\/span><br \/><span><span style=\"font-size: large\"><span style=\"color: red\"><b>\u00a1\u00a1\u00a1A LOS 90 NO VOLVEMOS!!!<\/b><\/span><\/span><\/span><\/p>\n<div style=\"clear: both;text-align: center\"><a href=\"http:\/\/3.bp.blogspot.com\/-Y_8B4q1Wwvw\/VlQXUhp8HsI\/AAAAAAAAHXc\/-ruUZcJtO9Y\/s1600\/agps.jpg\" style=\"clear: left;float: left;margin-bottom: 1em;margin-right: 1em\"><img loading=\"lazy\" decoding=\"async\" border=\"0\" height=\"198\" src=\"http:\/\/3.bp.blogspot.com\/-Y_8B4q1Wwvw\/VlQXUhp8HsI\/AAAAAAAAHXc\/-ruUZcJtO9Y\/s200\/agps.jpg\" width=\"200\" \/><\/a><\/div>\n<p><span style=\"font-size: small\"><span>Escuchalo aqu\u00ed:<br \/><a href=\"http:\/\/radiocut.fm\/audiocut\/jovenes-balanceando-la-jornada-de-lucha-del-2211\/#.VlQR8-xgCdE.blogger\">Jovenes balanceando la jornada de lucha del 22\/11<\/a><br \/>Ayer, en nuestro programa <span style=\"color: red\"><b>AL GRAN PUEBLO SALUD (lunes 17 hs)<\/b><\/span> j\u00f3venes de la Organizaci\u00f3n Social y Pol\u00edtica Los Pibes compartieron su lectura de la jornada electoral y la lucha vivida en la campa\u00f1a <b>#LaBatallaPatri\u00f3ticaDel22.<\/b><\/span><\/span><\/p>\n","protected":false},"excerpt":{"rendered":"<p>PUEBLO SANO ES AQUEL QUE LUCHA POR SU DIGNIDAD\u00a1\u00a1\u00a1A LOS 90 NO VOLVEMOS!!! Escuchalo aqu\u00ed:Jovenes balanceando la jornada de lucha del 22\/11Ayer, en nuestro programa AL GRAN PUEBLO SALUD (lunes 17 hs) j\u00f3venes de la Organizaci\u00f3n Social y Pol\u00edtica Los Pibes compartieron su lectura de la jornada electoral y la lucha vivida en la campa\u00f1a [&hellip;]<\/p>\n","protected":false},"author":4,"featured_media":0,"comment_status":"open","ping_status":"open","sticky":false,"template":"","format":"standard","meta":{"_monsterinsights_skip_tracking":false,"_monsterinsights_sitenote_active":false,"_monsterinsights_sitenote_note":"","_monsterinsights_sitenote_category":0,"jnews-multi-image_gallery":[],"jnews_single_post":[],"jnews_primary_category":[],"_joinchat":[],"footnotes":""},"categories":[1],"tags":[],"class_list":["post-1581","post","type-post","status-publish","format-standard","hentry","category-habitat"],"_links":{"self":[{"href":"http:\/\/fmriachuelo.it10.com.ar\/index.php\/wp-json\/wp\/v2\/posts\/1581","targetHints":{"allow":["GET"]}}],"collection":[{"href":"http:\/\/fmriachuelo.it10.com.ar\/index.php\/wp-json\/wp\/v2\/posts"}],"about":[{"href":"http:\/\/fmriachuelo.it10.com.ar\/index.php\/wp-json\/wp\/v2\/types\/post"}],"author":[{"embeddable":true,"href":"http:\/\/fmriachuelo.it10.com.ar\/index.php\/wp-json\/wp\/v2\/users\/4"}],"replies":[{"embeddable":true,"href":"http:\/\/fmriachuelo.it10.com.ar\/index.php\/wp-json\/wp\/v2\/comments?post=1581"}],"version-history":[{"count":0,"href":"http:\/\/fmriachuelo.it10.com.ar\/index.php\/wp-json\/wp\/v2\/posts\/1581\/revisions"}],"wp:attachment":[{"href":"http:\/\/fmriachuelo.it10.com.ar\/index.php\/wp-json\/wp\/v2\/media?parent=1581"}],"wp:term":[{"taxonomy":"category","embeddable":true,"href":"http:\/\/fmriachuelo.it10.com.ar\/index.php\/wp-json\/wp\/v2\/categories?post=1581"},{"taxonomy":"post_tag","embeddable":true,"href":"http:\/\/fmriachuelo.it10.com.ar\/index.php\/wp-json\/wp\/v2\/tags?post=1581"}],"curies":[{"name":"wp","href":"https:\/\/api.w.org\/{rel}","templated":true}]}}