{"id":15800,"date":"2022-07-15T21:09:59","date_gmt":"2022-07-15T21:09:59","guid":{"rendered":"http:\/\/fmriachuelo.com.ar\/?p=15800"},"modified":"2025-03-21T16:20:01","modified_gmt":"2025-03-21T19:20:01","slug":"feriazo-en-el-congreso-el-poder-popular-esta-en-el-trabajo-de-los-mas-humildes","status":"publish","type":"post","link":"http:\/\/fmriachuelo.it10.com.ar\/index.php\/2022\/07\/15\/feriazo-en-el-congreso-el-poder-popular-esta-en-el-trabajo-de-los-mas-humildes\/","title":{"rendered":"FERIAZO EN EL CONGRESO: EL PODER POPULAR EST\u00c1 EN EL TRABAJO DE LOS M\u00c1S HUMILDES"},"content":{"rendered":"<p><b>[FM Riachuelo, 15\/7\/2022] Este jueves 14 de julio la Uni\u00f3n de Trabajadores y Trabajadoras de la Econom\u00eda Popular (UTEP) realiz\u00f3 un feriazo frente al Congreso de la Naci\u00f3n para pedir la sanci\u00f3n de la Ley General de Tierra, Techo y Trabajo con propuestas concretas para mejorar la realidad de los trabajadores y las trabajadoras que trabajan genuinamente y sin derechos en un marco comunitario de cuidado de la casa com\u00fan. La jornada se desarroll\u00f3 a partir de las 10 de la ma\u00f1ana y culmin\u00f3 con un acto de cierre cerca de las 15 hs donde se escuch\u00f3 a los referentes de la UTEP.<\/b><\/p>\n<p><span style=\"font-weight: 400\">Desde la ma\u00f1ana hasta la tarde de ayer en la plaza Congreso, trabajadores y trabajadoras nucleados en la UTEP realizaron una gran feria con productos y experiencias de las diferentes ramas de la Econom\u00eda Popular. Fue una plaza multicolor y alegre, con cientos de emprendimientos y cooperativas que demostraron que existe otra forma de trabajo donde no existen explotadores y explotados, que se desarrolla en armon\u00eda con la casa com\u00fan y el buen vivir. La plaza fue de los poetas sociales, como dice Francisco, mostrando lo que son; una plaza llena de trabajo, alegr\u00eda, organizaci\u00f3n y dignidad.<\/span><\/p>\n<p><span style=\"font-weight: 400\">La integralidad del trabajo de la Econom\u00eda Popular qued\u00f3 plasmada en la diversidad de emprendimientos. La construcci\u00f3n, la gastronom\u00eda y alimentaci\u00f3n, la herrer\u00eda y carpinter\u00eda, las artesan\u00edas, los textiles y calzados, las huertas; un trabajo cotidiano que no es \u00fanicamente para ganarse el mango, sino que construye otra econom\u00eda, otra forma de producir, otra forma de relacionarse con la casa com\u00fan. Se sintetiza en un proyecto de pa\u00eds: <\/span><b>Tierra, Techo y Trabajo<\/b><span style=\"font-weight: 400\">.<\/span><\/p>\n<p><span style=\"font-weight: 400\">Esta <\/span><b>FM Riachuelo<\/b><span style=\"font-weight: 400\"> es una experiencia m\u00e1s de la Econom\u00eda Popular, por lo que realizamos una transmisi\u00f3n especial desde uno m\u00e1s de los tantos puestos que conformaban la feria. La transmisi\u00f3n fue en conjunto con el programa del Movimiento Misioneros de Francisco, \u201cHaciendo L\u00edo\u201d, que une la fe y la lucha todos los jueves de 16 a 17hs. As\u00ed, de 12 a 14hs el aire de la radio cont\u00f3 con testimonios de feriantes, emprendedores y referentes de la UTEP <a href=\"https:\/\/soundcloud.com\/prensa-fm-riachuelo\/14-07-2022-transmision-especial-desde-el-feriazo-de-la-utep-por-ti?fbclid=IwAR2Pq9iVsM8tYPvFDgQFQTZkRdpRk_8NPo3sl7fJAgjd7ZYqHOMmupqFPao\"><strong>(escuchala ac\u00e1)<\/strong><\/a>.<\/span><\/p>\n<p><b>Juan Carlos Alderete, <\/b><span style=\"font-weight: 400\">referente de la <\/span><b>Corriente Clasista Combativa<\/b><span style=\"font-weight: 400\"> y Diputado Nacional, record\u00f3 el tiempo que hace que se viene gestando esta Ley, hecha bien desde abajo contemplando las necesidades de los m\u00e1s vulnerados: <\/span><i><span style=\"font-weight: 400\">\u201cNosotros tuvimos un encuentro fundamental para esta unidad, el encuentro que se hizo con el Papa Francisco en Bolivia con muchas organizaciones. Nos juntamos y dijimos \u2018no puede quedar en una consigna, no puede quedar en el eslogan lo que dijo el Papa, Tierra, Techo y Trabajo\u00b4\u2019, derechos fundamentales para el ser humano, principalmente para los excluidos y nos dispusimos a crear proyectos\u201d. <\/span><\/i><span style=\"font-weight: 400\">Esta feria forma parte de la batalla por uno de esos proyectos, el paquete de Leyes Tierra, Techo y Trabajo, que contempla pol\u00edticas de fortalecimiento de los distintos sectores de la Econom\u00eda Popular. <\/span><i><span style=\"font-weight: 400\">\u201cSabemos que no va a ser sencillo ni f\u00e1cil, pero le tenemos que dar batalla porque de all\u00ed surgen las pol\u00edticas de Estado para nuestro sector\u201d<\/span><\/i><span style=\"font-weight: 400\">, concluy\u00f3 el referente de la CCC.<\/span><\/p>\n<p><span style=\"font-weight: 400\">La feria fue una muestra de todo el trabajo y la producci\u00f3n que se realiza en el marco de la Econom\u00eda Popular, pero tambi\u00e9n de que esto no ser\u00eda posible sin la lucha de las organizaciones sociales conformadas por un sujeto social descartado por este sistema. La Econom\u00eda Popular no surge de un repollo, sino que desde aquellas pol\u00edticas de exclusi\u00f3n\u00a0 de los \u201890 que dejaron sin trabajo formal a grandes masas de trabajadorxs, este mismo sujeto se organiz\u00f3 para inventarse el trabajo, que hoy se encuentra empoderado y ya no puede ser invisibilizado.<\/span><\/p>\n<p><i><span style=\"font-weight: 400\">\u201cEs un encuentro hermoso con trabajadores y trabajadoras de la econom\u00eda popular, una variedad impresionante. Yo estoy con la cabeza llena de ideas para implementar en nuestro territorio. Esto es para los que dicen que no hacemos nada, que solo cortamos las calles. Estamos trabajando en nuestras productivas, en nuestros espacios territoriales ampli\u00e1ndolos, mejor\u00e1ndolos para atender a toda esta gente. As\u00ed lo hicimos en la pandemia, tuvimos un papel tan importante las organizaciones sociales que nos duele todo lo que se est\u00e1 diciendo. Nosotros lo hicimos para el pueblo y desde el pueblo. Y seguimos\u201d<\/span><\/i><span style=\"font-weight: 400\">, expres\u00f3 con claridad <\/span><b>Roxana Cainzos<\/b><span style=\"font-weight: 400\">, referente del <\/span><b>Merendero Madres Sembrando Conciencia<\/b><span style=\"font-weight: 400\"> de La Boca.<\/span><\/p>\n<p><span style=\"font-weight: 400\">\u201c<\/span><i><span style=\"font-weight: 400\">Todos hablan de la pobreza pero nadie de c\u00f3mo se organizan los pobres\u201d<\/span><\/i><span style=\"font-weight: 400\">, expres\u00f3 para FM Riachuelo <\/span><b>Esteban Gringo Castro, secretario general de la UTEP<\/b><span style=\"font-weight: 400\">, con la sencillez que lo caracteriza, en un contexto de embestida a las experiencias de organizaci\u00f3n de los Movimientos Populares en los territorios, como lo fueron los allanamientos a, particularmente, militantes de la CCC.<\/span><\/p>\n<p><span style=\"font-weight: 400\">Luego de esta extensa jornada donde se pod\u00eda ver a la comunidad organizada con un objetivo com\u00fan, la construcci\u00f3n de trabajo digno, se realiz\u00f3 el acto de cierre en un escenario montado sobre Avenida Entre R\u00edos frente al Congreso de la Naci\u00f3n. En el mismo tomaron la palabra el <\/span><b>Vasco Berdesegar, referente nacional de la CCC, Norma Morales, secretaria adjunta de la UTEP, Dina S\u00e1nchez, secretaria adjunta de la UTEP, Gildo Onorato, secretario gremial de la UTEP <\/b><span style=\"font-weight: 400\">y finalmente<\/span> <span style=\"font-weight: 400\">el <\/span><b>Gringo Castro.<\/b><span style=\"font-weight: 400\"> Los tres dirigentes se refirieron a la situaci\u00f3n econ\u00f3mica, a la embestida medi\u00e1tico judicial que est\u00e1n sufriendo los movimientos sociales y a todo el trabajo que se vienen desarrollando en distintos territorios a la largo de todo el pa\u00eds.<\/span><\/p>\n<p><span style=\"font-weight: 400\">En su discurso, el Gringo sintetiz\u00f3 el proyecto de pa\u00eds que propone la Econom\u00eda Popular: <\/span><i><span style=\"font-weight: 400\">\u201cEste sistema, no se pudre abajo de la tierra, est\u00e1 muerto pero intenta pudrirnos a nosotros todo el tiempo. Pudre todo lo que toca. Hay una parte del periodismo que est\u00e1 podrido, hay una parte de la dirigencia pol\u00edtica que est\u00e1 podrida y el \u00fanico lugar de resistencia real a ese sistema est\u00e1 en el movimiento obrero y popular en la Argentina. Hoy estamos demostrando la producci\u00f3n popular y esa producci\u00f3n popular est\u00e1 basada en el cuidado. Y nosotros y nosotras estamos construyendo un sistema basado en el amor y la misericordia hacia los m\u00e1s humildes de la Patria. Ese es el sistema que estamos construyendo y ese es el sistema que va a triunfar en la Argentina. No importa que nos humillen, no importa que quieran degradarnos, no importa lo que diga nadie, el poder popular est\u00e1 en nosotros y nosotras y ac\u00e1 lo estamos demostrando\u201d.<\/span><\/i><\/p>\n","protected":false},"excerpt":{"rendered":"<p>[FM Riachuelo, 15\/7\/2022] Este jueves 14 de julio la Uni\u00f3n de Trabajadores y Trabajadoras de la Econom\u00eda Popular (UTEP) realiz\u00f3 un feriazo frente al Congreso de la Naci\u00f3n para pedir la sanci\u00f3n de la Ley General de Tierra, Techo y Trabajo con propuestas concretas para mejorar la realidad de los trabajadores y las trabajadoras que [&hellip;]<\/p>\n","protected":false},"author":5,"featured_media":15801,"comment_status":"closed","ping_status":"closed","sticky":false,"template":"","format":"standard","meta":{"_monsterinsights_skip_tracking":false,"_monsterinsights_sitenote_active":false,"_monsterinsights_sitenote_note":"","_monsterinsights_sitenote_category":0,"jnews-multi-image_gallery":[],"jnews_single_post":{"format":"standard"},"jnews_primary_category":[],"_joinchat":[],"footnotes":""},"categories":[58],"tags":[154,94,156],"class_list":["post-15800","post","type-post","status-publish","format-standard","has-post-thumbnail","hentry","category-noticiariachuelo","tag-economia-popular-2","tag-soberania-alimentaria","tag-tierra-techo-y-trabajo"],"_links":{"self":[{"href":"http:\/\/fmriachuelo.it10.com.ar\/index.php\/wp-json\/wp\/v2\/posts\/15800","targetHints":{"allow":["GET"]}}],"collection":[{"href":"http:\/\/fmriachuelo.it10.com.ar\/index.php\/wp-json\/wp\/v2\/posts"}],"about":[{"href":"http:\/\/fmriachuelo.it10.com.ar\/index.php\/wp-json\/wp\/v2\/types\/post"}],"author":[{"embeddable":true,"href":"http:\/\/fmriachuelo.it10.com.ar\/index.php\/wp-json\/wp\/v2\/users\/5"}],"replies":[{"embeddable":true,"href":"http:\/\/fmriachuelo.it10.com.ar\/index.php\/wp-json\/wp\/v2\/comments?post=15800"}],"version-history":[{"count":1,"href":"http:\/\/fmriachuelo.it10.com.ar\/index.php\/wp-json\/wp\/v2\/posts\/15800\/revisions"}],"predecessor-version":[{"id":22181,"href":"http:\/\/fmriachuelo.it10.com.ar\/index.php\/wp-json\/wp\/v2\/posts\/15800\/revisions\/22181"}],"wp:featuredmedia":[{"embeddable":true,"href":"http:\/\/fmriachuelo.it10.com.ar\/index.php\/wp-json\/wp\/v2\/media\/15801"}],"wp:attachment":[{"href":"http:\/\/fmriachuelo.it10.com.ar\/index.php\/wp-json\/wp\/v2\/media?parent=15800"}],"wp:term":[{"taxonomy":"category","embeddable":true,"href":"http:\/\/fmriachuelo.it10.com.ar\/index.php\/wp-json\/wp\/v2\/categories?post=15800"},{"taxonomy":"post_tag","embeddable":true,"href":"http:\/\/fmriachuelo.it10.com.ar\/index.php\/wp-json\/wp\/v2\/tags?post=15800"}],"curies":[{"name":"wp","href":"https:\/\/api.w.org\/{rel}","templated":true}]}}