{"id":1580,"date":"2015-11-24T13:00:00","date_gmt":"2015-11-24T13:00:00","guid":{"rendered":"http:\/\/fmriachuelo.observatorioess.org.ar\/index.php\/2015\/11\/24\/trabajadores-de-prensa-de-la-nacion-repudian-el-editorial-del-medio-en-el-que-trabajan\/"},"modified":"2015-11-24T13:00:00","modified_gmt":"2015-11-24T13:00:00","slug":"trabajadores-de-prensa-de-la-nacion-repudian-el-editorial-del-medio-en-el-que-trabajan","status":"publish","type":"post","link":"http:\/\/fmriachuelo.it10.com.ar\/index.php\/2015\/11\/24\/trabajadores-de-prensa-de-la-nacion-repudian-el-editorial-del-medio-en-el-que-trabajan\/","title":{"rendered":"TRABAJADORES DE PRENSA DE LA NACI\u00d3N REPUDIAN EL EDITORIAL DEL MEDIO EN EL QUE TRABAJAN"},"content":{"rendered":"<div><span><b>MEMORIA, VERDAD Y JUSTICIA: UN DERECHO QUE NO SE PONE EN DUDA<\/b><\/span><\/div>\n<p><span>COMUNICADO DE LOS PERIODISTAS DE LA NACI\u00d3N EN REPUDIO AL EDITORIAL: \u00abLE DECIMOS NO AL OLVIDO\u00bb<\/span><\/p>\n<div style=\"text-align: justify\"><a href=\"https:\/\/3.bp.blogspot.com\/-yU8Jt6zp0Ko\/VlRsXzvSWRI\/AAAAAAAAHYQ\/lD2c3vlRZig\/s1600\/REPUDIO.jpg\" style=\"clear: left;float: left;margin-bottom: 1em;margin-right: 1em\"><img loading=\"lazy\" decoding=\"async\" border=\"0\" height=\"132\" src=\"http:\/\/3.bp.blogspot.com\/-yU8Jt6zp0Ko\/VlRsXzvSWRI\/AAAAAAAAHYQ\/lD2c3vlRZig\/s200\/REPUDIO.jpg\" width=\"200\" \/><\/a><span>[FMR 24\/11\/15] Los Trabajadores de La Naci\u00f3n S.A. salieron r\u00e1pidamente a despegarse del editorial del medio en el que trabajan y manifestaron su absoluto repudio al editorial que reivindica e intenta desresponsabilizar a los asesinos de la \u00faltima dictadura militar que se hallan presos por sus cr\u00edmenes.<\/span><br \/><a name='more'><\/a><span>Todo un amplio sector ligado al periodismo y a la defensa y cuidado de los derechos manifest\u00f3 su en\u00e9rgico rechazo a un editorial que intenta apropiarse de los resultados del acto electoral del d\u00eda 22 de noviembre.&nbsp;<\/span><\/div>\n<p><span><\/span><\/p>\n<div style=\"text-align: justify\"><\/div>\n<div style=\"text-align: justify\"><span>El Premio Nobel de la Paz y activista por los DDHH, Adolfo P\u00e9rez Esquivel fue tajante: \u201cRechazamos los t\u00e9rminos que utilizan, aqu\u00ed no buscamos venganza. Buscamos el derecho de verdad y justicia. Con todo lo que luchamos estos 40 a\u00f1os no vamos a retroceder un paso m\u00e1s\u201d.<\/span><\/div>\n<p><span><\/span><\/p>\n<div style=\"text-align: justify\"><span><\/span><\/div>\n<p><span><\/span><\/p>\n<div style=\"text-align: justify\"><span>Incluso la misma senadora del Frente C\u00edvico, Norma Morandini, mencionada como fuente de las principales ideas fuerza del editorial, consider\u00f3 que dicha nota es \u201cuna burla\u201d y confes\u00f3 \u201csentirse utilizada\u201d.<\/span><\/div>\n<p><span><\/p>\n<div style=\"text-align: justify\"><\/div>\n<div style=\"text-align: justify\">Pero el dato relevante es el repudio de los trabajadores de prensa, centralmente aquellos que escriben en La Naci\u00f3n. Hugo Alconada Mon, Mariana Ver\u00f3n, Laura Rocha y Patricio Insua, entre otros, se distanciaron del editorial y abogaron por la continuidad de las causas judiciales por violaciones a los derechos humanos cometidas durante la \u00faltima dictadura. Desde el Foro de Periodismo Argentino y el Sindicato de Prensa de Buenos Aires tambi\u00e9n repudiaron el editorial y reivindicaron la actitud de los periodistas y gr\u00e1ficos.<\/div>\n<div style=\"text-align: justify\"><\/div>\n<div style=\"text-align: justify\">A continuaci\u00f3n el comunicado:&nbsp;<\/div>\n<div style=\"text-align: justify\">\u00abLos trabajadores de La Naci\u00f3n S. A. le decimos NO al editorial que, con el t\u00edtulo \u00abNo m\u00e1s venganza\u00bb se public\u00f3 hoy, lunes 23 de noviembre de 2015, en la p\u00e1gina 32 del diario.<\/div>\n<p><\/span><\/p>\n<div style=\"text-align: justify\"><span>Quienes trabajamos en el diario La Naci\u00f3n, en las revistas que edita la empresa, en las versiones online de todos los productos period\u00edsticos, entendemos que la vida democr\u00e1tica implica la convivencia de distintas ideas, proyectos e identidades pol\u00edticas. Convivimos entre estas paredes trabajadores que expresamos esa diversidad y desde nuestras diferencias construimos un sentido com\u00fan.<\/span><\/div>\n<div style=\"text-align: justify\"><\/div>\n<div style=\"font-family: Verdana, sans-serif;text-align: justify\">Desde esa diversidad rechazamos la l\u00f3gica que pretende construir el editorial de hoy, que en nada nos representa al igualar a las v\u00edctimas del terrorismo de Estado y el accionar de la Justicia en busca de reparaci\u00f3n en los casos de delitos de lesa humanidad con los castigos a presos comunes y con una \u00abcultura de la venganza\u00bb.<\/div>\n<div style=\"font-family: Verdana, sans-serif;text-align: justify\"><\/div>\n<div style=\"font-family: Verdana, sans-serif;text-align: justify\">Los trabajadores del diario La Naci\u00f3n decimos SI a la DEMOCRACIA, a la continuidad de los juicios por delitos de lesa humanidad y decimos NO al OLVIDO.<\/div>\n<div style=\"font-family: Verdana, sans-serif;text-align: justify\"><\/div>\n<div style=\"font-family: Verdana, sans-serif;text-align: justify\">Por MEMORIA, VERDAD y JUSTICIA<\/div>\n","protected":false},"excerpt":{"rendered":"<p>MEMORIA, VERDAD Y JUSTICIA: UN DERECHO QUE NO SE PONE EN DUDA COMUNICADO DE LOS PERIODISTAS DE LA NACI\u00d3N EN REPUDIO AL EDITORIAL: \u00abLE DECIMOS NO AL OLVIDO\u00bb [FMR 24\/11\/15] Los Trabajadores de La Naci\u00f3n S.A. salieron r\u00e1pidamente a despegarse del editorial del medio en el que trabajan y manifestaron su absoluto repudio al editorial [&hellip;]<\/p>\n","protected":false},"author":4,"featured_media":0,"comment_status":"open","ping_status":"open","sticky":false,"template":"","format":"standard","meta":{"_monsterinsights_skip_tracking":false,"_monsterinsights_sitenote_active":false,"_monsterinsights_sitenote_note":"","_monsterinsights_sitenote_category":0,"jnews-multi-image_gallery":[],"jnews_single_post":[],"jnews_primary_category":[],"_joinchat":[],"footnotes":""},"categories":[1],"tags":[],"class_list":["post-1580","post","type-post","status-publish","format-standard","hentry","category-habitat"],"_links":{"self":[{"href":"http:\/\/fmriachuelo.it10.com.ar\/index.php\/wp-json\/wp\/v2\/posts\/1580","targetHints":{"allow":["GET"]}}],"collection":[{"href":"http:\/\/fmriachuelo.it10.com.ar\/index.php\/wp-json\/wp\/v2\/posts"}],"about":[{"href":"http:\/\/fmriachuelo.it10.com.ar\/index.php\/wp-json\/wp\/v2\/types\/post"}],"author":[{"embeddable":true,"href":"http:\/\/fmriachuelo.it10.com.ar\/index.php\/wp-json\/wp\/v2\/users\/4"}],"replies":[{"embeddable":true,"href":"http:\/\/fmriachuelo.it10.com.ar\/index.php\/wp-json\/wp\/v2\/comments?post=1580"}],"version-history":[{"count":0,"href":"http:\/\/fmriachuelo.it10.com.ar\/index.php\/wp-json\/wp\/v2\/posts\/1580\/revisions"}],"wp:attachment":[{"href":"http:\/\/fmriachuelo.it10.com.ar\/index.php\/wp-json\/wp\/v2\/media?parent=1580"}],"wp:term":[{"taxonomy":"category","embeddable":true,"href":"http:\/\/fmriachuelo.it10.com.ar\/index.php\/wp-json\/wp\/v2\/categories?post=1580"},{"taxonomy":"post_tag","embeddable":true,"href":"http:\/\/fmriachuelo.it10.com.ar\/index.php\/wp-json\/wp\/v2\/tags?post=1580"}],"curies":[{"name":"wp","href":"https:\/\/api.w.org\/{rel}","templated":true}]}}