{"id":15793,"date":"2022-07-14T22:13:42","date_gmt":"2022-07-14T22:13:42","guid":{"rendered":"http:\/\/fmriachuelo.com.ar\/?p=15793"},"modified":"2025-03-21T16:20:50","modified_gmt":"2025-03-21T19:20:50","slug":"el-club-bohemios-cumplio-84-anos-y-lo-festejo-con-el-barrio-de-la-boca","status":"publish","type":"post","link":"http:\/\/fmriachuelo.it10.com.ar\/index.php\/2022\/07\/14\/el-club-bohemios-cumplio-84-anos-y-lo-festejo-con-el-barrio-de-la-boca\/","title":{"rendered":"EL CLUB BOHEMIOS CUMPLIO 84 A\u00d1OS Y LO FESTEJO CON EL BARRIO DE LA BOCA"},"content":{"rendered":"<p>[FM RIACHUELO 14\/07\/2022] El club Bohemios festejo sus 84a\u00f1os junto al barrio de La Boca el 9 de julio, en un dia muy especial donde se conmemoraba nuestra independencia, as\u00ed los padres madres vecinos y ni\u00f1os del barrio se unieron para celebar este emblem\u00e1tico cumplea\u00f1os del club, que lucha junto a la comunidad para seguir compartiendo sus actividades con la calidez de quienes apoyan y se brindan al Barrio de la Boca.<\/p>\n<p>Despu\u00e9s de haber atravesado numerosas dificultades econ\u00f3micas y con su nueva comisi\u00f3n su presidente Armando y Lourdes la secretaria de la instituci\u00f3n, festejaron con mucha alegr\u00eda\u00a0 junto a la comisi\u00f3n de padres y madres,\u00a0 quienes est\u00e1n apoyando al club del barrio que hoy incluye nuevas actividades como boxeo, pat\u00edn, taekwondo, arte urbano folclore, futsal, futbol infantil, senior y femenino.<\/p>\n<p><img loading=\"lazy\" decoding=\"async\" class=\"wp-image-15795 aligncenter\" src=\"http:\/\/fmriachuelo.com.ar\/wp-content\/uploads\/2022\/07\/WhatsApp-Image-2022-07-14-at-12.45.09-300x281.jpeg\" alt=\"\" width=\"225\" height=\"211\" srcset=\"http:\/\/fmriachuelo.it10.com.ar\/wp-content\/uploads\/2022\/07\/WhatsApp-Image-2022-07-14-at-12.45.09-300x281.jpeg 300w, http:\/\/fmriachuelo.it10.com.ar\/wp-content\/uploads\/2022\/07\/WhatsApp-Image-2022-07-14-at-12.45.09-1024x958.jpeg 1024w, http:\/\/fmriachuelo.it10.com.ar\/wp-content\/uploads\/2022\/07\/WhatsApp-Image-2022-07-14-at-12.45.09-768x718.jpeg 768w, http:\/\/fmriachuelo.it10.com.ar\/wp-content\/uploads\/2022\/07\/WhatsApp-Image-2022-07-14-at-12.45.09-750x701.jpeg 750w, http:\/\/fmriachuelo.it10.com.ar\/wp-content\/uploads\/2022\/07\/WhatsApp-Image-2022-07-14-at-12.45.09-1140x1066.jpeg 1140w, http:\/\/fmriachuelo.it10.com.ar\/wp-content\/uploads\/2022\/07\/WhatsApp-Image-2022-07-14-at-12.45.09.jpeg 1155w\" sizes=\"auto, (max-width: 225px) 100vw, 225px\" \/><\/p>\n<p>&nbsp;<\/p>\n<p>En un clima muy familiar compartimos con ellos el desfile, la participaci\u00f3n de los ni\u00f1os con una exhibici\u00f3n de taekwondo, la alegr\u00eda de mostrar sus nuevas camisetas, y todas las actividades que le dan identidad a Bohemios para ser parte de su comunidad.<\/p>\n<p>Cerraron el festejo a pura m\u00fasica \u00a0con la banda \u201cLos Pepis\u201d y compartiendo con todos una gran torta, que se sum\u00f3 a la calidez con la cual el club recibi\u00f3 al barrio para esta fiesta de cumplea\u00f1os.<\/p>\n<p><img loading=\"lazy\" decoding=\"async\" class=\"wp-image-15796 alignright\" src=\"http:\/\/fmriachuelo.com.ar\/wp-content\/uploads\/2022\/07\/WhatsApp-Image-2022-07-14-at-12.45.09-1-300x225.jpeg\" alt=\"\" width=\"257\" height=\"193\" srcset=\"http:\/\/fmriachuelo.it10.com.ar\/wp-content\/uploads\/2022\/07\/WhatsApp-Image-2022-07-14-at-12.45.09-1-300x225.jpeg 300w, http:\/\/fmriachuelo.it10.com.ar\/wp-content\/uploads\/2022\/07\/WhatsApp-Image-2022-07-14-at-12.45.09-1-768x576.jpeg 768w, http:\/\/fmriachuelo.it10.com.ar\/wp-content\/uploads\/2022\/07\/WhatsApp-Image-2022-07-14-at-12.45.09-1-750x563.jpeg 750w, http:\/\/fmriachuelo.it10.com.ar\/wp-content\/uploads\/2022\/07\/WhatsApp-Image-2022-07-14-at-12.45.09-1.jpeg 1024w\" sizes=\"auto, (max-width: 257px) 100vw, 257px\" \/><\/p>\n<p>El amor de su gente el esfuerzo de los padres y la humildad con la que realizan el trabajo comunitario nos hizo recordar esa esencia del barrio.<\/p>\n<p>Como dice Armando su presidente <strong><em>\u201ctenemos un grupo de amigos y vecinos que est\u00e1n abocados para que el club funcione como tal, con el barrio y para el barrio\u201d<\/em><\/strong><\/p>\n<p>Gracias Bohemios por mantener viva junto a los vecinos, la cultura del barrio.<\/p>\n<p>Escucha la entrevista completa<\/p>\n<p><a href=\"https:\/\/ar.radiocut.fm\/audiocut\/club-bohemios-cumplio-84-anos-y-lo-festejo-con-barrio-boca\/\">https:\/\/ar.radiocut.fm\/audiocut\/club-bohemios-cumplio-84-anos-y-lo-festejo-con-barrio-boca\/<\/a><\/p>\n","protected":false},"excerpt":{"rendered":"<p>[FM RIACHUELO 14\/07\/2022] El club Bohemios festejo sus 84a\u00f1os junto al barrio de La Boca el 9 de julio, en un dia muy especial donde se conmemoraba nuestra independencia, as\u00ed los padres madres vecinos y ni\u00f1os del barrio se unieron para celebar este emblem\u00e1tico cumplea\u00f1os del club, que lucha junto a la comunidad para seguir [&hellip;]<\/p>\n","protected":false},"author":5,"featured_media":15794,"comment_status":"closed","ping_status":"closed","sticky":false,"template":"","format":"standard","meta":{"_monsterinsights_skip_tracking":false,"_monsterinsights_sitenote_active":false,"_monsterinsights_sitenote_note":"","_monsterinsights_sitenote_category":0,"jnews-multi-image_gallery":[],"jnews_single_post":{"format":"standard"},"jnews_primary_category":[],"_joinchat":[],"footnotes":""},"categories":[58],"tags":[152,162],"class_list":["post-15793","post","type-post","status-publish","format-standard","has-post-thumbnail","hentry","category-noticiariachuelo","tag-cultura","tag-salud-comunitaria"],"_links":{"self":[{"href":"http:\/\/fmriachuelo.it10.com.ar\/index.php\/wp-json\/wp\/v2\/posts\/15793","targetHints":{"allow":["GET"]}}],"collection":[{"href":"http:\/\/fmriachuelo.it10.com.ar\/index.php\/wp-json\/wp\/v2\/posts"}],"about":[{"href":"http:\/\/fmriachuelo.it10.com.ar\/index.php\/wp-json\/wp\/v2\/types\/post"}],"author":[{"embeddable":true,"href":"http:\/\/fmriachuelo.it10.com.ar\/index.php\/wp-json\/wp\/v2\/users\/5"}],"replies":[{"embeddable":true,"href":"http:\/\/fmriachuelo.it10.com.ar\/index.php\/wp-json\/wp\/v2\/comments?post=15793"}],"version-history":[{"count":1,"href":"http:\/\/fmriachuelo.it10.com.ar\/index.php\/wp-json\/wp\/v2\/posts\/15793\/revisions"}],"predecessor-version":[{"id":22182,"href":"http:\/\/fmriachuelo.it10.com.ar\/index.php\/wp-json\/wp\/v2\/posts\/15793\/revisions\/22182"}],"wp:featuredmedia":[{"embeddable":true,"href":"http:\/\/fmriachuelo.it10.com.ar\/index.php\/wp-json\/wp\/v2\/media\/15794"}],"wp:attachment":[{"href":"http:\/\/fmriachuelo.it10.com.ar\/index.php\/wp-json\/wp\/v2\/media?parent=15793"}],"wp:term":[{"taxonomy":"category","embeddable":true,"href":"http:\/\/fmriachuelo.it10.com.ar\/index.php\/wp-json\/wp\/v2\/categories?post=15793"},{"taxonomy":"post_tag","embeddable":true,"href":"http:\/\/fmriachuelo.it10.com.ar\/index.php\/wp-json\/wp\/v2\/tags?post=15793"}],"curies":[{"name":"wp","href":"https:\/\/api.w.org\/{rel}","templated":true}]}}