{"id":1579,"date":"2015-11-24T13:41:00","date_gmt":"2015-11-24T13:41:00","guid":{"rendered":"http:\/\/fmriachuelo.observatorioess.org.ar\/index.php\/2015\/11\/24\/legalizan-la-situacion-de-un-medio-popular-barricada-tv\/"},"modified":"2015-11-24T13:41:00","modified_gmt":"2015-11-24T13:41:00","slug":"legalizan-la-situacion-de-un-medio-popular-barricada-tv","status":"publish","type":"post","link":"http:\/\/fmriachuelo.it10.com.ar\/index.php\/2015\/11\/24\/legalizan-la-situacion-de-un-medio-popular-barricada-tv\/","title":{"rendered":"LEGALIZAN LA SITUACI\u00d3N DE UN MEDIO POPULAR: BARRICADA TV"},"content":{"rendered":"<p><span><span style=\"color: red;font-size: large\"><b>CONQUISTADO CON LA LUCHA<\/b><\/span><\/span><\/p>\n<div>\n<div style=\"clear: both;text-align: center\"><a href=\"http:\/\/4.bp.blogspot.com\/-RbnA_ugmlAg\/VlRmVBX9cWI\/AAAAAAAAHYE\/Y9H4wn9SpbY\/s1600\/btv-pantalla-1024x614.jpg\" style=\"clear: left;float: left;margin-bottom: 1em;margin-right: 1em\"><img loading=\"lazy\" decoding=\"async\" border=\"0\" height=\"119\" src=\"http:\/\/4.bp.blogspot.com\/-RbnA_ugmlAg\/VlRmVBX9cWI\/AAAAAAAAHYE\/Y9H4wn9SpbY\/s200\/btv-pantalla-1024x614.jpg\" width=\"200\" \/><\/a><\/div>\n<div>\n<div style=\"text-align: justify\"><span>[FMR 24\/11\/15] En la ma\u00f1ana de hoy , a las 11.30 hs. los medios populares y comunitarios se hacen presentes. Se espera que el directorio de la Autoridad Federal de Servicios de Comunicaci\u00f3n Audiovisual (AFSCA) &nbsp; resuelva la legalizaci\u00f3n de la situaci\u00f3n del medio comunitario: Barricada TV.<\/span><br \/><a name='more'><\/a><span>Una conquista de derechos de los medios comunitarios, de la que todos nos sentimos parte. Celebramos este paso, que llega con demora, al igual que la regularizaci\u00f3n efectiva del 33% que consagra la ley como derecho a la comunicaci\u00f3n y que a\u00fan no se ha hecho realidad. Una deuda pendiente para garantizar las voces del pueblo. <\/span><span><span style=\"background-color: white;font-size: 15px;line-height: 24.375px\"><b>&nbsp;<\/b><\/span><\/span><\/div>\n<div style=\"text-align: justify\"><span>Este martes 24 estaremos en la calle (Suipacha y C\u00f3rdoba) el lugar desde donde se hace la comunicaci\u00f3n popular.&nbsp;<\/span><\/div>\n<p><span> <\/span><\/p>\n<div>\n<div style=\"text-align: justify\"><b style=\"font-family: Verdana, sans-serif;text-align: start\">Barricada TV obtendr\u00e1 ma\u00f1ana la legalizaci\u00f3n, junto con otros canales populares<\/b><span style=\"text-align: start\"> <\/span><\/div>\n<div style=\"text-align: justify\"><span>[Lunes 23\/11\/15] El directorio de la Autoridad Federal de Servicios de Comunicaci\u00f3n Audiovisual (AFSCA) deber\u00e1 aprobar ma\u00f1ana martes las licencias de los primeros canales de televisi\u00f3n digital de baja potencia sin fines de lucro obtenidas mediante concurso p\u00fablico. Entre las propuestas se encuentra la de Barricada TV, la emisora autogestionada que funciona en la f\u00e1brica recuperada IMPA, en Almagro.<\/span><\/div>\n<p><span> <\/span><\/p>\n<div style=\"text-align: justify\"><\/div>\n<p><span><\/span><\/div>\n<\/div>\n<\/div>\n","protected":false},"excerpt":{"rendered":"<p>CONQUISTADO CON LA LUCHA [FMR 24\/11\/15] En la ma\u00f1ana de hoy , a las 11.30 hs. los medios populares y comunitarios se hacen presentes. Se espera que el directorio de la Autoridad Federal de Servicios de Comunicaci\u00f3n Audiovisual (AFSCA) &nbsp; resuelva la legalizaci\u00f3n de la situaci\u00f3n del medio comunitario: Barricada TV.Una conquista de derechos de [&hellip;]<\/p>\n","protected":false},"author":4,"featured_media":0,"comment_status":"open","ping_status":"open","sticky":false,"template":"","format":"standard","meta":{"_monsterinsights_skip_tracking":false,"_monsterinsights_sitenote_active":false,"_monsterinsights_sitenote_note":"","_monsterinsights_sitenote_category":0,"jnews-multi-image_gallery":[],"jnews_single_post":[],"jnews_primary_category":[],"_joinchat":[],"footnotes":""},"categories":[1],"tags":[],"class_list":["post-1579","post","type-post","status-publish","format-standard","hentry","category-habitat"],"_links":{"self":[{"href":"http:\/\/fmriachuelo.it10.com.ar\/index.php\/wp-json\/wp\/v2\/posts\/1579","targetHints":{"allow":["GET"]}}],"collection":[{"href":"http:\/\/fmriachuelo.it10.com.ar\/index.php\/wp-json\/wp\/v2\/posts"}],"about":[{"href":"http:\/\/fmriachuelo.it10.com.ar\/index.php\/wp-json\/wp\/v2\/types\/post"}],"author":[{"embeddable":true,"href":"http:\/\/fmriachuelo.it10.com.ar\/index.php\/wp-json\/wp\/v2\/users\/4"}],"replies":[{"embeddable":true,"href":"http:\/\/fmriachuelo.it10.com.ar\/index.php\/wp-json\/wp\/v2\/comments?post=1579"}],"version-history":[{"count":0,"href":"http:\/\/fmriachuelo.it10.com.ar\/index.php\/wp-json\/wp\/v2\/posts\/1579\/revisions"}],"wp:attachment":[{"href":"http:\/\/fmriachuelo.it10.com.ar\/index.php\/wp-json\/wp\/v2\/media?parent=1579"}],"wp:term":[{"taxonomy":"category","embeddable":true,"href":"http:\/\/fmriachuelo.it10.com.ar\/index.php\/wp-json\/wp\/v2\/categories?post=1579"},{"taxonomy":"post_tag","embeddable":true,"href":"http:\/\/fmriachuelo.it10.com.ar\/index.php\/wp-json\/wp\/v2\/tags?post=1579"}],"curies":[{"name":"wp","href":"https:\/\/api.w.org\/{rel}","templated":true}]}}