{"id":1578,"date":"2015-11-24T14:44:00","date_gmt":"2015-11-24T14:44:00","guid":{"rendered":"http:\/\/fmriachuelo.observatorioess.org.ar\/index.php\/2015\/11\/24\/el-vicepresidente-del-partido-socialista-de-venezuela-psuv-responde-a-las-intromisiones-de-macri\/"},"modified":"2015-11-24T14:44:00","modified_gmt":"2015-11-24T14:44:00","slug":"el-vicepresidente-del-partido-socialista-de-venezuela-psuv-responde-a-las-intromisiones-de-macri","status":"publish","type":"post","link":"http:\/\/fmriachuelo.it10.com.ar\/index.php\/2015\/11\/24\/el-vicepresidente-del-partido-socialista-de-venezuela-psuv-responde-a-las-intromisiones-de-macri\/","title":{"rendered":"EL VICEPRESIDENTE DEL PARTIDO SOCIALISTA DE VENEZUELA (PSUV) RESPONDE A LAS INTROMISIONES DE MACRI"},"content":{"rendered":"<div><span><b>LAZOS DE LOS PUEBLOS: NO PODR\u00c1N SER VULNERADOS<\/b><\/span><\/div>\n<p><span>LAS DECLARACIONES DE MACRI SON EFECTISTAS, ELECTORALISTAS E INJERENCISTAS EN LOS ASUNTOS INTERNOS DE VENEZUELA<\/span><\/p>\n<div>\n<div style=\"background-color: white;color: #282828\"><a href=\"https:\/\/4.bp.blogspot.com\/-GQJ7YMX1Tko\/VlR1Gs9qzwI\/AAAAAAAAHYg\/-lgCgUXashU\/s1600\/Rodrigo-Cabezas-e1448373376404-540x446.jpg\" style=\"clear: left;float: left;margin-bottom: 1em;margin-right: 1em\"><img loading=\"lazy\" decoding=\"async\" border=\"0\" height=\"165\" src=\"http:\/\/4.bp.blogspot.com\/-GQJ7YMX1Tko\/VlR1Gs9qzwI\/AAAAAAAAHYg\/-lgCgUXashU\/s200\/Rodrigo-Cabezas-e1448373376404-540x446.jpg\" width=\"200\" \/><\/a><span style=\"background-color: transparent;text-align: justify\"><span>El vicepresidente del Partido Socialista Unido de Venezuela (PSUV) para asuntos Internacionales, Rodrigo Cabezas, asegur\u00f3 este lunes que la salida de su pa\u00eds del Mercado Com\u00fan del Sur (Mercosur) \u201ccarece de veracidad y consenso\u201d.<\/span><\/span><br \/><a name='more'><\/a><\/div>\n<div style=\"text-align: justify\">\n<div style=\"text-align: justify\"><span>[PSUV 24\/11\/15]La decisi\u00f3n tomada por el pueblo argentino, al elegir al que ser\u00e1 su Presidente para el nuevo per\u00edodo constitucional, la asumimos como un acto soberano que solo involucra democr\u00e1ticamente a los ciudadanos y ciudadanas de esa naci\u00f3n hermana y por tanto, debe ser respetada.<\/span><\/div>\n<p><span><\/p>\n<div style=\"text-align: justify\"><\/div>\n<p><\/span><\/div>\n<div style=\"text-align: justify\"><span><\/span><\/p>\n<div style=\"text-align: justify\"><span>La declaraci\u00f3n del presidente electo de Argentina, Mauricio Macri, refiri\u00e9ndose a la Rep\u00fablica Bolivariana de Venezuela, a su Estado y a sus Autoridades legales y leg\u00edtimas, son reprochables y lamentables, ya que significan un acto de injerencia interna en las elecciones parlamentarias de Venezuela, al amenazar con apelar a la aplicaci\u00f3n de la Carta Democr\u00e1tica para expulsar a Venezuela del Mercosur, en conocimiento de que esta propuesta es inaplicable por carecer de veracidad y consenso, veracidad porque en Venezuela existe una clara democracia participativa, protag\u00f3nica y garante de los Derechos Humanos y carece de consenso porque el presidente Macri sabe que esa propuesta no lo tiene en el seno del Mercosur. Por lo que su postura se convierte de esta manera, en una declaraci\u00f3n efectista y electorera que pretende beneficiar a la oposici\u00f3n Venezolana.<\/span><\/div>\n<p><span><\/span><\/div>\n<p><span><\/span><\/p>\n<div style=\"text-align: justify\"><span>Es lastimoso que un Presidente Latinoamericano inicie un per\u00edodo gubernamental en franca oposici\u00f3n con el esp\u00edritu de unidad e integraci\u00f3n que ha alcanzado nuestra Am\u00e9rica Latina y El Caribe en el siglo XXI. Instituciones como la CELAC, UNASUR, ALBA y MERCOSUR, son espacios para el encuentro pol\u00edtico, soluci\u00f3n de controversias pac\u00edficamente y la cooperaci\u00f3n complementaria y solidaria para alcanzar el desarrollo con un esfuerzo mancomunado; no le auguramos \u00e9xito en su plan divisionista.<\/span><\/div>\n<p><span><\/span><span><\/p>\n<div style=\"text-align: justify\">Confiamos en que el pueblo de Argentina sabr\u00e1, con sentido hist\u00f3rico de la Patria Grande, preservar a esa gran naci\u00f3n en el concierto de la Uni\u00f3n Latinoamericana y Caribe\u00f1a.<\/div>\n<p><\/span><span><\/p>\n<div style=\"text-align: justify\">Deseamos para el hermano pueblo Argentino el mejor porvenir, independientemente de qui\u00e9n los gobierne.<\/div>\n<p><\/span><span><\/p>\n<div style=\"text-align: justify\"><b><span style=\"color: red\">\u00a1UNIDAD, LUCHA, BATALLA Y VICTORIA!<\/span><\/b><\/div>\n<p><\/span><span><\/span><\/div>\n","protected":false},"excerpt":{"rendered":"<p>LAZOS DE LOS PUEBLOS: NO PODR\u00c1N SER VULNERADOS LAS DECLARACIONES DE MACRI SON EFECTISTAS, ELECTORALISTAS E INJERENCISTAS EN LOS ASUNTOS INTERNOS DE VENEZUELA El vicepresidente del Partido Socialista Unido de Venezuela (PSUV) para asuntos Internacionales, Rodrigo Cabezas, asegur\u00f3 este lunes que la salida de su pa\u00eds del Mercado Com\u00fan del Sur (Mercosur) \u201ccarece de veracidad [&hellip;]<\/p>\n","protected":false},"author":4,"featured_media":0,"comment_status":"open","ping_status":"open","sticky":false,"template":"","format":"standard","meta":{"_monsterinsights_skip_tracking":false,"_monsterinsights_sitenote_active":false,"_monsterinsights_sitenote_note":"","_monsterinsights_sitenote_category":0,"jnews-multi-image_gallery":[],"jnews_single_post":[],"jnews_primary_category":[],"_joinchat":[],"footnotes":""},"categories":[1],"tags":[],"class_list":["post-1578","post","type-post","status-publish","format-standard","hentry","category-habitat"],"_links":{"self":[{"href":"http:\/\/fmriachuelo.it10.com.ar\/index.php\/wp-json\/wp\/v2\/posts\/1578","targetHints":{"allow":["GET"]}}],"collection":[{"href":"http:\/\/fmriachuelo.it10.com.ar\/index.php\/wp-json\/wp\/v2\/posts"}],"about":[{"href":"http:\/\/fmriachuelo.it10.com.ar\/index.php\/wp-json\/wp\/v2\/types\/post"}],"author":[{"embeddable":true,"href":"http:\/\/fmriachuelo.it10.com.ar\/index.php\/wp-json\/wp\/v2\/users\/4"}],"replies":[{"embeddable":true,"href":"http:\/\/fmriachuelo.it10.com.ar\/index.php\/wp-json\/wp\/v2\/comments?post=1578"}],"version-history":[{"count":0,"href":"http:\/\/fmriachuelo.it10.com.ar\/index.php\/wp-json\/wp\/v2\/posts\/1578\/revisions"}],"wp:attachment":[{"href":"http:\/\/fmriachuelo.it10.com.ar\/index.php\/wp-json\/wp\/v2\/media?parent=1578"}],"wp:term":[{"taxonomy":"category","embeddable":true,"href":"http:\/\/fmriachuelo.it10.com.ar\/index.php\/wp-json\/wp\/v2\/categories?post=1578"},{"taxonomy":"post_tag","embeddable":true,"href":"http:\/\/fmriachuelo.it10.com.ar\/index.php\/wp-json\/wp\/v2\/tags?post=1578"}],"curies":[{"name":"wp","href":"https:\/\/api.w.org\/{rel}","templated":true}]}}