{"id":1577,"date":"2015-11-25T08:00:00","date_gmt":"2015-11-25T08:00:00","guid":{"rendered":"http:\/\/fmriachuelo.observatorioess.org.ar\/index.php\/2015\/11\/25\/repercusiones-de-las-primeras-declaraciones-de-macri\/"},"modified":"2015-11-25T08:00:00","modified_gmt":"2015-11-25T08:00:00","slug":"repercusiones-de-las-primeras-declaraciones-de-macri","status":"publish","type":"post","link":"http:\/\/fmriachuelo.it10.com.ar\/index.php\/2015\/11\/25\/repercusiones-de-las-primeras-declaraciones-de-macri\/","title":{"rendered":"REPERCUSIONES DE LAS PRIMERAS DECLARACIONES DE MACRI"},"content":{"rendered":"<div><span><b>AMENAZA SIN VALOR&nbsp;<\/b><\/span><\/div>\n<p><span>MACRI INTENTA SIN \u00c9XITO QUE BRASIL CONFRONTE CON VENEZUELA<\/span><\/p>\n<div>\n<div style=\"text-align: justify\"><a href=\"https:\/\/4.bp.blogspot.com\/-tMYe1wWsZ5Y\/VlTb52L14jI\/AAAAAAAAHY0\/Pmf1FoRBcF0\/s1600\/lilian-y-mauricio-620x310.jpg\" style=\"clear: left;float: left;margin-bottom: 1em;margin-right: 1em\"><img loading=\"lazy\" decoding=\"async\" border=\"0\" height=\"100\" src=\"http:\/\/4.bp.blogspot.com\/-tMYe1wWsZ5Y\/VlTb52L14jI\/AAAAAAAAHY0\/Pmf1FoRBcF0\/s200\/lilian-y-mauricio-620x310.jpg\" width=\"200\" \/><\/a><span>[Aporrea 24\/11\/15]<span style=\"color: #2a2a2a\"> <\/span>En su primera comparecencia ante la prensa como presidente electo de Argentina, Mauricio Macri insisti\u00f3 en que aplicar\u00e1 la cl\u00e1usula democr\u00e1tica contra Venezuela en el Mercosur. Su primera visita de Estado ser\u00e1 a Brasil, un gesto que muchos analistas interpretan como un intento de presionar a Dilma Rousseff en el bloque.<\/span><br \/><a name='more'><\/a><\/div>\n<p><span><\/span><\/p>\n<div style=\"text-align: justify\"><span>En declaraciones a Sputnik N\u00f3vosti, el vicedirector de Instituto de Estudios Sociales y Pol\u00edticos de la Universidad Estatal de R\u00edo de Janeiro (UERJ), Joao Feres J\u00fanior, dijo que la estrategia emprendida por Macri en Mercosur \u201cno tiene ning\u00fan beneficio para Argentina, sino que, al contrario, podr\u00eda suponerle problemas serios con Brasil\u201d y record\u00f3 que el pa\u00eds amaz\u00f3nico \u201clidera las relaciones internacionales en Am\u00e9rica Latina adem\u00e1s de ser el principal socio comercial de Argentina\u201d.<\/span><\/div>\n<p><span><\/p>\n<div style=\"text-align: justify\"><\/div>\n<div style=\"text-align: justify\">\u201cEvidentemente, Macri tiene la intenci\u00f3n de influir en la din\u00e1mica de Mercosur en los pr\u00f3ximos a\u00f1os, pero debe entender que el liderazgo se reserva a la mayor econom\u00eda del bloque\u201d, explic\u00f3 Feres al agregar que \u201cno se trata solo de Venezuela en breves tendremos a Bolivia dentro de Mercosur y Argentina podr\u00e1 hacer muy poco para remediarlo\u201d.<\/div>\n<div style=\"text-align: justify\"><\/div>\n<div style=\"text-align: justify\">Sobre las relaciones de Macri con la oposici\u00f3n de Brasil, el polit\u00f3logo destac\u00f3 que \u201cla elecci\u00f3n de Macri apenas tienes efectos internos para Brasil ya que es un pa\u00eds que vive de puertas para dentro\u201d e insisti\u00f3 que \u201clas historias sobre una conexi\u00f3n del argentino con los sectores de la oposici\u00f3n brasile\u00f1a son b\u00e1sicamente un intento de la prensa brasile\u00f1a de darle una influencia sobre la vida pol\u00edtica de Brasil que en ning\u00fan momento va a tener\u201d.<\/div>\n<div style=\"text-align: justify\"><\/div>\n<div style=\"text-align: justify\"><span>Por \u00faltimo, el experto apunt\u00f3 que el encuentro entre Macri y Rousseff, el cual podr\u00eda producirse antes incluso de su investidura el pr\u00f3ximo 10 de diciembre, podr\u00eda servir para que ambos l\u00edderes \u201calcancen un consenso en sus pol\u00edticas exteriores y bilaterales que beneficien a ambas partes\u201d, en este sentido, Feres matiz\u00f3 que \u201ccorresponder\u00e1 a Macri hacer una oferta generosa a Rousseff ya que en gran medida el \u00e9xito de su gesti\u00f3n depender\u00e1 de su relaci\u00f3n comercial y diplom\u00e1tica con Brasil\u201d<\/span><span><span style=\"background-color: white;line-height: 26px\">.<\/span><\/span><\/div>\n<p><\/span><\/div>\n","protected":false},"excerpt":{"rendered":"<p>AMENAZA SIN VALOR&nbsp; MACRI INTENTA SIN \u00c9XITO QUE BRASIL CONFRONTE CON VENEZUELA [Aporrea 24\/11\/15] En su primera comparecencia ante la prensa como presidente electo de Argentina, Mauricio Macri insisti\u00f3 en que aplicar\u00e1 la cl\u00e1usula democr\u00e1tica contra Venezuela en el Mercosur. Su primera visita de Estado ser\u00e1 a Brasil, un gesto que muchos analistas interpretan como [&hellip;]<\/p>\n","protected":false},"author":4,"featured_media":0,"comment_status":"open","ping_status":"open","sticky":false,"template":"","format":"standard","meta":{"_monsterinsights_skip_tracking":false,"_monsterinsights_sitenote_active":false,"_monsterinsights_sitenote_note":"","_monsterinsights_sitenote_category":0,"jnews-multi-image_gallery":[],"jnews_single_post":[],"jnews_primary_category":[],"_joinchat":[],"footnotes":""},"categories":[1],"tags":[],"class_list":["post-1577","post","type-post","status-publish","format-standard","hentry","category-habitat"],"_links":{"self":[{"href":"http:\/\/fmriachuelo.it10.com.ar\/index.php\/wp-json\/wp\/v2\/posts\/1577","targetHints":{"allow":["GET"]}}],"collection":[{"href":"http:\/\/fmriachuelo.it10.com.ar\/index.php\/wp-json\/wp\/v2\/posts"}],"about":[{"href":"http:\/\/fmriachuelo.it10.com.ar\/index.php\/wp-json\/wp\/v2\/types\/post"}],"author":[{"embeddable":true,"href":"http:\/\/fmriachuelo.it10.com.ar\/index.php\/wp-json\/wp\/v2\/users\/4"}],"replies":[{"embeddable":true,"href":"http:\/\/fmriachuelo.it10.com.ar\/index.php\/wp-json\/wp\/v2\/comments?post=1577"}],"version-history":[{"count":0,"href":"http:\/\/fmriachuelo.it10.com.ar\/index.php\/wp-json\/wp\/v2\/posts\/1577\/revisions"}],"wp:attachment":[{"href":"http:\/\/fmriachuelo.it10.com.ar\/index.php\/wp-json\/wp\/v2\/media?parent=1577"}],"wp:term":[{"taxonomy":"category","embeddable":true,"href":"http:\/\/fmriachuelo.it10.com.ar\/index.php\/wp-json\/wp\/v2\/categories?post=1577"},{"taxonomy":"post_tag","embeddable":true,"href":"http:\/\/fmriachuelo.it10.com.ar\/index.php\/wp-json\/wp\/v2\/tags?post=1577"}],"curies":[{"name":"wp","href":"https:\/\/api.w.org\/{rel}","templated":true}]}}