{"id":15761,"date":"2022-07-13T13:20:04","date_gmt":"2022-07-13T13:20:04","guid":{"rendered":"http:\/\/fmriachuelo.com.ar\/?p=15761"},"modified":"2025-03-21T16:21:52","modified_gmt":"2025-03-21T19:21:52","slug":"curso-de-formacion-de-liderazgo-guarani","status":"publish","type":"post","link":"http:\/\/fmriachuelo.it10.com.ar\/index.php\/2022\/07\/13\/curso-de-formacion-de-liderazgo-guarani\/","title":{"rendered":"CURSO DE FORMACI\u00d3N DE LIDERAZGO GUARAN\u00cd"},"content":{"rendered":"<p><strong>[FM Riachuelo, 13\/07\/2022] El d\u00eda de ayer se llev\u00f3 adelante el cierre y la entrega de diplomas del curso de \u00abLiderazgo y formaci\u00f3n pol\u00edtica desde la cosmovisi\u00f3n Guaran\u00ed\u00bb en la Universidad Nacional de Avellaneda.\u00a0El encuentro cont\u00f3 con la participaci\u00f3n de Centro de Educaci\u00f3n Permanente Alternativa Arakuaiyapo de Bolivia, el Movimiento Popular Los Pibes y Convocatoria Segunda Independencia, la Secretar\u00eda de Extensi\u00f3n Universitaria de la UNDAV y la Casa de Amistad Argentino Cubana \u00abCamilo Torres Restrepo\u00bb.<\/strong><\/p>\n<p><img loading=\"lazy\" decoding=\"async\" class=\"size-medium wp-image-15765 alignleft\" src=\"http:\/\/fmriachuelo.com.ar\/wp-content\/uploads\/2022\/07\/WhatsApp-Image-2022-07-13-at-10.06.17-AM-300x225.jpeg\" alt=\"\" width=\"300\" height=\"225\" srcset=\"http:\/\/fmriachuelo.it10.com.ar\/wp-content\/uploads\/2022\/07\/WhatsApp-Image-2022-07-13-at-10.06.17-AM-300x225.jpeg 300w, http:\/\/fmriachuelo.it10.com.ar\/wp-content\/uploads\/2022\/07\/WhatsApp-Image-2022-07-13-at-10.06.17-AM-1024x768.jpeg 1024w, http:\/\/fmriachuelo.it10.com.ar\/wp-content\/uploads\/2022\/07\/WhatsApp-Image-2022-07-13-at-10.06.17-AM-768x576.jpeg 768w, http:\/\/fmriachuelo.it10.com.ar\/wp-content\/uploads\/2022\/07\/WhatsApp-Image-2022-07-13-at-10.06.17-AM-1536x1152.jpeg 1536w, http:\/\/fmriachuelo.it10.com.ar\/wp-content\/uploads\/2022\/07\/WhatsApp-Image-2022-07-13-at-10.06.17-AM-750x563.jpeg 750w, http:\/\/fmriachuelo.it10.com.ar\/wp-content\/uploads\/2022\/07\/WhatsApp-Image-2022-07-13-at-10.06.17-AM-1140x855.jpeg 1140w, http:\/\/fmriachuelo.it10.com.ar\/wp-content\/uploads\/2022\/07\/WhatsApp-Image-2022-07-13-at-10.06.17-AM.jpeg 1600w\" sizes=\"auto, (max-width: 300px) 100vw, 300px\" \/><\/p>\n<p>Este espacio es una b\u00fasqueda de formaci\u00f3n de l\u00edderes y liderezas territoriales en nuevas formas de organizaci\u00f3n comunitaria para la transformaci\u00f3n de la realidad rescatando los valores de las culturas ancestrales, particularmente del Pueblo Guaran\u00ed. Se enmarc\u00f3 en un un convenio firmado entre el CEAP (Centro de Educaci\u00f3n Alternativa Permanente) ARAKUAIYAPO dependiente del Ministerio de Educaci\u00f3n del Estado Plurinacional de Bolivia, con las organizaciones argentinas Uni\u00f3n Latinoamericana de T\u00e9cnicos Rurales y Agrarios- ULTERA- y la Secretar\u00eda de Derechos Humanos de la UTEP -Uni\u00f3n de Trabajadores de la Econom\u00eda Popular.<\/p>\n<p>&nbsp;<\/p>\n<p><img loading=\"lazy\" decoding=\"async\" class=\"size-medium wp-image-15763 alignright\" src=\"http:\/\/fmriachuelo.com.ar\/wp-content\/uploads\/2022\/07\/WhatsApp-Image-2022-07-13-at-10.06.21-AM-300x225.jpeg\" alt=\"\" width=\"300\" height=\"225\" srcset=\"http:\/\/fmriachuelo.it10.com.ar\/wp-content\/uploads\/2022\/07\/WhatsApp-Image-2022-07-13-at-10.06.21-AM-300x225.jpeg 300w, http:\/\/fmriachuelo.it10.com.ar\/wp-content\/uploads\/2022\/07\/WhatsApp-Image-2022-07-13-at-10.06.21-AM-1024x768.jpeg 1024w, http:\/\/fmriachuelo.it10.com.ar\/wp-content\/uploads\/2022\/07\/WhatsApp-Image-2022-07-13-at-10.06.21-AM-768x576.jpeg 768w, http:\/\/fmriachuelo.it10.com.ar\/wp-content\/uploads\/2022\/07\/WhatsApp-Image-2022-07-13-at-10.06.21-AM-1536x1152.jpeg 1536w, http:\/\/fmriachuelo.it10.com.ar\/wp-content\/uploads\/2022\/07\/WhatsApp-Image-2022-07-13-at-10.06.21-AM-750x563.jpeg 750w, http:\/\/fmriachuelo.it10.com.ar\/wp-content\/uploads\/2022\/07\/WhatsApp-Image-2022-07-13-at-10.06.21-AM-1140x855.jpeg 1140w, http:\/\/fmriachuelo.it10.com.ar\/wp-content\/uploads\/2022\/07\/WhatsApp-Image-2022-07-13-at-10.06.21-AM.jpeg 1600w\" sizes=\"auto, (max-width: 300px) 100vw, 300px\" \/><\/p>\n<p>La entrega de diplomas estuvo moderada por Carina Maloberti, Referente de la organizaci\u00f3n Convocatoria Segunda Independencia y participante del curso. Adem\u00e1s participaron de la actividad\u00a0Rodrigo \u00c1vila Huidobro, integrante de la Secretar\u00eda de Extensi\u00f3n y Facundo Harg\u00fcnteguy, Vicedecano del departamento de Ciencias Sociales de la UNDAV. Hubo reflexiones de todos los participantes del curso, entre ellos Lito Borello, secretario de DD.HH. de la UTEP y coordinador nacional del Movimiento Popular los Pibes. En su discurso destac\u00f3 la necesidad de continuar form\u00e1ndose para las peleas que se vienen: \u00abEn ese momento las organizaciones tenemos el deber de seguir formando l\u00edderes y liderezas. No alcanza con los que hay y nadie nunca termina de seguir form\u00e1ndose. Y esto de aprender de otras culturas, forma parte\u201d. Tambi\u00e9n destac\u00f3 la importancia de rememorar las luchas de nuestros antepasados de las cu\u00e1les somos parte: \u201cEs muy emocionante lo que estamos haciendo hoy ac\u00e1. Por supuesto que esas l\u00e1grimas tienen que ver con el dolor de nuestros pueblos peleando durante siglos, pero tambi\u00e9n son l\u00e1grimas de fortaleza porque siguen generando el abono y la siembre de nuevas camadas que siguen peleando.\u00bb<\/p>\n<p>&nbsp;<\/p>\n","protected":false},"excerpt":{"rendered":"<p>[FM Riachuelo, 13\/07\/2022] El d\u00eda de ayer se llev\u00f3 adelante el cierre y la entrega de diplomas del curso de \u00abLiderazgo y formaci\u00f3n pol\u00edtica desde la cosmovisi\u00f3n Guaran\u00ed\u00bb en la Universidad Nacional de Avellaneda.\u00a0El encuentro cont\u00f3 con la participaci\u00f3n de Centro de Educaci\u00f3n Permanente Alternativa Arakuaiyapo de Bolivia, el Movimiento Popular Los Pibes y Convocatoria [&hellip;]<\/p>\n","protected":false},"author":5,"featured_media":15762,"comment_status":"closed","ping_status":"closed","sticky":false,"template":"","format":"standard","meta":{"_monsterinsights_skip_tracking":false,"_monsterinsights_sitenote_active":false,"_monsterinsights_sitenote_note":"","_monsterinsights_sitenote_category":0,"jnews-multi-image_gallery":[],"jnews_single_post":{"format":"standard"},"jnews_primary_category":[],"_joinchat":[],"footnotes":""},"categories":[58],"tags":[149,162],"class_list":["post-15761","post","type-post","status-publish","format-standard","has-post-thumbnail","hentry","category-noticiariachuelo","tag-educacion-popular","tag-salud-comunitaria"],"_links":{"self":[{"href":"http:\/\/fmriachuelo.it10.com.ar\/index.php\/wp-json\/wp\/v2\/posts\/15761","targetHints":{"allow":["GET"]}}],"collection":[{"href":"http:\/\/fmriachuelo.it10.com.ar\/index.php\/wp-json\/wp\/v2\/posts"}],"about":[{"href":"http:\/\/fmriachuelo.it10.com.ar\/index.php\/wp-json\/wp\/v2\/types\/post"}],"author":[{"embeddable":true,"href":"http:\/\/fmriachuelo.it10.com.ar\/index.php\/wp-json\/wp\/v2\/users\/5"}],"replies":[{"embeddable":true,"href":"http:\/\/fmriachuelo.it10.com.ar\/index.php\/wp-json\/wp\/v2\/comments?post=15761"}],"version-history":[{"count":1,"href":"http:\/\/fmriachuelo.it10.com.ar\/index.php\/wp-json\/wp\/v2\/posts\/15761\/revisions"}],"predecessor-version":[{"id":22184,"href":"http:\/\/fmriachuelo.it10.com.ar\/index.php\/wp-json\/wp\/v2\/posts\/15761\/revisions\/22184"}],"wp:featuredmedia":[{"embeddable":true,"href":"http:\/\/fmriachuelo.it10.com.ar\/index.php\/wp-json\/wp\/v2\/media\/15762"}],"wp:attachment":[{"href":"http:\/\/fmriachuelo.it10.com.ar\/index.php\/wp-json\/wp\/v2\/media?parent=15761"}],"wp:term":[{"taxonomy":"category","embeddable":true,"href":"http:\/\/fmriachuelo.it10.com.ar\/index.php\/wp-json\/wp\/v2\/categories?post=15761"},{"taxonomy":"post_tag","embeddable":true,"href":"http:\/\/fmriachuelo.it10.com.ar\/index.php\/wp-json\/wp\/v2\/tags?post=15761"}],"curies":[{"name":"wp","href":"https:\/\/api.w.org\/{rel}","templated":true}]}}