{"id":1576,"date":"2015-11-25T12:56:00","date_gmt":"2015-11-25T12:56:00","guid":{"rendered":"http:\/\/fmriachuelo.observatorioess.org.ar\/index.php\/2015\/11\/25\/dia-internacional-de-violencia-contra-las-mujeres\/"},"modified":"2015-11-25T12:56:00","modified_gmt":"2015-11-25T12:56:00","slug":"dia-internacional-de-violencia-contra-las-mujeres","status":"publish","type":"post","link":"http:\/\/fmriachuelo.it10.com.ar\/index.php\/2015\/11\/25\/dia-internacional-de-violencia-contra-las-mujeres\/","title":{"rendered":"D\u00cdA INTERNACIONAL DE VIOLENCIA CONTRA LAS MUJERES"},"content":{"rendered":"<p><span><b>MOVILIZACIONES<\/b><\/span><br \/><span><\/span><\/p>\n<div style=\"text-align: justify\"><a href=\"https:\/\/2.bp.blogspot.com\/-zkyZ9M9ggBw\/VlWuatJMJaI\/AAAAAAAAHZM\/0Z7CyREhD5w\/s1600\/VIOLENCIA.jpg\" style=\"clear: left;float: left;margin-bottom: 1em;margin-right: 1em\"><img loading=\"lazy\" decoding=\"async\" border=\"0\" height=\"133\" src=\"http:\/\/2.bp.blogspot.com\/-zkyZ9M9ggBw\/VlWuatJMJaI\/AAAAAAAAHZM\/0Z7CyREhD5w\/s200\/VIOLENCIA.jpg\" width=\"200\" \/><\/a><span>[Anred, 24\/11\/15] Ma\u00f1ana y en d\u00edas sucesivos se desarrollar\u00e1n diferentes actividades ante un nuevo 25 de noviembre. En 1960, las hermanas Patria, Minerva y Mar\u00eda Teresa Mirabal Reyes fueron secuestradas en Santo Domingo por la dictadura de Trujillo.<\/span><br \/><a name='more'><\/a><span>Fueron torturadas, violadas y asesinadas por su lucha contra ese r\u00e9gimen. Como homenaje, en 1981, en el Primer Encuentro Feminista Latinoamericano, se declar\u00f3 el 25 de noviembre como el D\u00eda contra la Violencia Social, Sexual, y Pol\u00edtica hacia las Mujeres.Difundimos las convocatorias.<\/span><\/div>\n<p><span><\/span><\/p>\n","protected":false},"excerpt":{"rendered":"<p>MOVILIZACIONES [Anred, 24\/11\/15] Ma\u00f1ana y en d\u00edas sucesivos se desarrollar\u00e1n diferentes actividades ante un nuevo 25 de noviembre. En 1960, las hermanas Patria, Minerva y Mar\u00eda Teresa Mirabal Reyes fueron secuestradas en Santo Domingo por la dictadura de Trujillo.Fueron torturadas, violadas y asesinadas por su lucha contra ese r\u00e9gimen. Como homenaje, en 1981, en el [&hellip;]<\/p>\n","protected":false},"author":4,"featured_media":0,"comment_status":"open","ping_status":"open","sticky":false,"template":"","format":"standard","meta":{"_monsterinsights_skip_tracking":false,"_monsterinsights_sitenote_active":false,"_monsterinsights_sitenote_note":"","_monsterinsights_sitenote_category":0,"jnews-multi-image_gallery":[],"jnews_single_post":[],"jnews_primary_category":[],"_joinchat":[],"footnotes":""},"categories":[1],"tags":[],"class_list":["post-1576","post","type-post","status-publish","format-standard","hentry","category-habitat"],"_links":{"self":[{"href":"http:\/\/fmriachuelo.it10.com.ar\/index.php\/wp-json\/wp\/v2\/posts\/1576","targetHints":{"allow":["GET"]}}],"collection":[{"href":"http:\/\/fmriachuelo.it10.com.ar\/index.php\/wp-json\/wp\/v2\/posts"}],"about":[{"href":"http:\/\/fmriachuelo.it10.com.ar\/index.php\/wp-json\/wp\/v2\/types\/post"}],"author":[{"embeddable":true,"href":"http:\/\/fmriachuelo.it10.com.ar\/index.php\/wp-json\/wp\/v2\/users\/4"}],"replies":[{"embeddable":true,"href":"http:\/\/fmriachuelo.it10.com.ar\/index.php\/wp-json\/wp\/v2\/comments?post=1576"}],"version-history":[{"count":0,"href":"http:\/\/fmriachuelo.it10.com.ar\/index.php\/wp-json\/wp\/v2\/posts\/1576\/revisions"}],"wp:attachment":[{"href":"http:\/\/fmriachuelo.it10.com.ar\/index.php\/wp-json\/wp\/v2\/media?parent=1576"}],"wp:term":[{"taxonomy":"category","embeddable":true,"href":"http:\/\/fmriachuelo.it10.com.ar\/index.php\/wp-json\/wp\/v2\/categories?post=1576"},{"taxonomy":"post_tag","embeddable":true,"href":"http:\/\/fmriachuelo.it10.com.ar\/index.php\/wp-json\/wp\/v2\/tags?post=1576"}],"curies":[{"name":"wp","href":"https:\/\/api.w.org\/{rel}","templated":true}]}}