{"id":1575,"date":"2015-11-25T13:03:00","date_gmt":"2015-11-25T13:03:00","guid":{"rendered":"http:\/\/fmriachuelo.observatorioess.org.ar\/index.php\/2015\/11\/25\/encuentro-continental-de-periodistas-de-medios-alternativos\/"},"modified":"2015-11-25T13:03:00","modified_gmt":"2015-11-25T13:03:00","slug":"encuentro-continental-de-periodistas-de-medios-alternativos","status":"publish","type":"post","link":"http:\/\/fmriachuelo.it10.com.ar\/index.php\/2015\/11\/25\/encuentro-continental-de-periodistas-de-medios-alternativos\/","title":{"rendered":"ENCUENTRO CONTINENTAL DE PERIODISTAS DE MEDIOS ALTERNATIVOS"},"content":{"rendered":"<p><span><b>CONTRAINFORMACI\u00d3N&nbsp;<\/b><\/span><br \/><span>CONVOCADOS POR EL MST Y EL ALBA<\/span><\/p>\n<div style=\"clear: both;text-align: center\"><a href=\"http:\/\/1.bp.blogspot.com\/-EvVE46gAclg\/VlWxQ5jVWtI\/AAAAAAAAHZY\/EkYlnNj6-J8\/s1600\/25-620x400.jpg\" style=\"clear: left;float: left;margin-bottom: 1em;margin-right: 1em\"><img loading=\"lazy\" decoding=\"async\" border=\"0\" height=\"128\" src=\"http:\/\/1.bp.blogspot.com\/-EvVE46gAclg\/VlWxQ5jVWtI\/AAAAAAAAHZY\/EkYlnNj6-J8\/s200\/25-620x400.jpg\" width=\"200\" \/><\/a><\/div>\n<div style=\"text-align: justify\"><span>[Resumen Latinoamericano, 24 de noviembre 2015] Discutir entre periodistas sobre c\u00f3mo enfrentar los nubarrones oscuros que se ciernen sobre el continente no es una mala propuesta, y mucho m\u00e1s a\u00fan si la invitaci\u00f3n a hacerlo proviene de movimientos populares y medios con importante historia de compromiso y de lucha.<\/span><br \/><a name='more'><\/a><span>Si a esto se le agrega que la cita era en la ciudad brasile\u00f1a de Sao Paulo, nada menos que en la Escuela Nacional Florestan Fernandes, que el Movimiento de los Sin Tierra de Brasil lleva adelante desde hace varios a\u00f1os, todo auguraba momentos de gran intercambio y aprendizaje.<\/span><\/div>\n<p><span><\/span><\/p>\n","protected":false},"excerpt":{"rendered":"<p>CONTRAINFORMACI\u00d3N&nbsp;CONVOCADOS POR EL MST Y EL ALBA [Resumen Latinoamericano, 24 de noviembre 2015] Discutir entre periodistas sobre c\u00f3mo enfrentar los nubarrones oscuros que se ciernen sobre el continente no es una mala propuesta, y mucho m\u00e1s a\u00fan si la invitaci\u00f3n a hacerlo proviene de movimientos populares y medios con importante historia de compromiso y de [&hellip;]<\/p>\n","protected":false},"author":4,"featured_media":0,"comment_status":"open","ping_status":"open","sticky":false,"template":"","format":"standard","meta":{"_monsterinsights_skip_tracking":false,"_monsterinsights_sitenote_active":false,"_monsterinsights_sitenote_note":"","_monsterinsights_sitenote_category":0,"jnews-multi-image_gallery":[],"jnews_single_post":[],"jnews_primary_category":[],"_joinchat":[],"footnotes":""},"categories":[1],"tags":[],"class_list":["post-1575","post","type-post","status-publish","format-standard","hentry","category-habitat"],"_links":{"self":[{"href":"http:\/\/fmriachuelo.it10.com.ar\/index.php\/wp-json\/wp\/v2\/posts\/1575","targetHints":{"allow":["GET"]}}],"collection":[{"href":"http:\/\/fmriachuelo.it10.com.ar\/index.php\/wp-json\/wp\/v2\/posts"}],"about":[{"href":"http:\/\/fmriachuelo.it10.com.ar\/index.php\/wp-json\/wp\/v2\/types\/post"}],"author":[{"embeddable":true,"href":"http:\/\/fmriachuelo.it10.com.ar\/index.php\/wp-json\/wp\/v2\/users\/4"}],"replies":[{"embeddable":true,"href":"http:\/\/fmriachuelo.it10.com.ar\/index.php\/wp-json\/wp\/v2\/comments?post=1575"}],"version-history":[{"count":0,"href":"http:\/\/fmriachuelo.it10.com.ar\/index.php\/wp-json\/wp\/v2\/posts\/1575\/revisions"}],"wp:attachment":[{"href":"http:\/\/fmriachuelo.it10.com.ar\/index.php\/wp-json\/wp\/v2\/media?parent=1575"}],"wp:term":[{"taxonomy":"category","embeddable":true,"href":"http:\/\/fmriachuelo.it10.com.ar\/index.php\/wp-json\/wp\/v2\/categories?post=1575"},{"taxonomy":"post_tag","embeddable":true,"href":"http:\/\/fmriachuelo.it10.com.ar\/index.php\/wp-json\/wp\/v2\/tags?post=1575"}],"curies":[{"name":"wp","href":"https:\/\/api.w.org\/{rel}","templated":true}]}}